{"id":15280,"date":"2021-11-18T13:29:17","date_gmt":"2021-11-18T10:29:17","guid":{"rendered":"http:\/\/akdenizolaygazetesi.com\/?p=15280"},"modified":"2021-11-18T13:29:17","modified_gmt":"2021-11-18T10:29:17","slug":"maraton-kayitlari-kent-merkezinin-dort-bir-yaninda-yapiliyor","status":"publish","type":"post","link":"https:\/\/akdenizolaygazetesi.com\/?p=15280","title":{"rendered":"\u201cMaraton Kay\u0131tlar\u0131, Kent Merkezinin D\u00f6rt Bir Yan\u0131nda Yap\u0131l\u0131yor\u201d"},"content":{"rendered":"<p>Toroslar Belediyesi\u2019nin, 21 Kas\u0131m Pazar g\u00fcn\u00fc d\u00fczenleyece\u011fi \u201cToroslar Uluslararas\u0131 Yar\u0131 Maraton\u2019un\u201d kay\u0131tlar\u0131, kent merkezinin d\u00f6rt bir yan\u0131nda kurulan stantlarda devam ediyor.<\/p>\n<p>Sporcular ve vatanda\u015flar yar\u0131 maratona yo\u011fun ilgi g\u00f6steriyor. D\u00fcnyan\u0131n bir\u00e7ok yerinden binlerce yerli ve yabanc\u0131 sporcunun bulu\u015faca\u011f\u0131 Yar\u0131 Maraton heyecan\u0131 Mersin\u2019i sard\u0131.<\/p>\n<p>21 kilometre uzunlu\u011fundaki Yar\u0131 Maratonun yan\u0131 s\u0131ra 10 kilometrelik ko\u015fu, 3 kilometrelik Halk Ko\u015fusu,  200 metre \u00d6zel Sporcular, 100 metre \u00c7ocuk Maratonu olmak \u00fczere 5 kategoride ger\u00e7ekle\u015ftirilecek yar\u0131\u015flara kat\u0131lmak isteyen sporseverler; www.toroslaryarimaraton.com adresinden ve Toroslar Belediyesi\u2019nin yar\u0131 maraton stantlar\u0131ndan ko\u015fularla ilgili bilgi alabilir ve kay\u0131tlar\u0131n\u0131 yapt\u0131rabilirler.<\/p>\n<p>21 Kas\u0131m Pazar g\u00fcn\u00fc saat 9.00\u2019da \u00c7a\u011fda\u015fkent Mahallesi\u2019nde bulunan Toroslar Cumhuriyet Meydan\u0131\u2019ndan ba\u015flayacak Toroslar Uluslararas\u0131 Yar\u0131 Maratonu, \u201cToroslar\u2019\u0131 Ko\u015farak Ke\u015ffet\u201d ve \u201cToroslar\u2019a Ko\u015f\u201d slogan\u0131yla d\u00fczenlenecek.<\/p>\n<p>Kent merkezinde kurulan stant noktalar\u0131 ise \u015f\u00f6yle; Toroslar Belediyesi Hizmet Binas\u0131, Toroslar Kaymakaml\u0131\u011f\u0131,  KYK Erkek Yurdu, KYK K\u0131z Yurdu, Atat\u00fcrk Caddesi, Ya\u015fat \u0130\u015fhan\u0131,  Hastane Caddesi Metropol, Adnan Menderes Bulvar\u0131 Galatasaray Meydan\u0131, Mersin Palm City AVM, Mersin Sayapark AVM, Mersin Forum AVM, Mersin Marina, Kushimoto Soka\u011f\u0131, Mersin \u00dcniversitesi BESYO, Toros \u00dcniversitesi Bah\u00e7elievler ve 45 Evler Kamp\u00fcs\u00fc.<\/p>\n<p>Ba\u015fkan Y\u0131lmaz: \u201cYar\u0131 Maratonumuz, D\u00fcnyadaki Atletlerden de Yo\u011fun \u0130lgi G\u00f6rd\u00fc\u201d<\/p>\n<p>Toroslar Belediye Ba\u015fkan\u0131 Ats\u0131z Af\u015f\u0131n Y\u0131lmaz, Toroslar Uluslararas\u0131 Yar\u0131 Maratonu\u2019nun milli atletlerin yan\u0131 s\u0131ra d\u00fcnyadaki atletlerden de yo\u011fun ilgiyle takip edilen bir spor organizasyonu oldu\u011funu s\u00f6yledi.<\/p>\n<p>Sporu hayatlar\u0131n\u0131n daima bir par\u00e7as\u0131 haline getirmek amac\u0131yla bu faaliyetlere \u00f6nem verdiklerini kaydeden Ba\u015fkan Y\u0131lmaz; \u201cMersin\u2019in ve Toroslar\u2019\u0131n g\u00fczelliklerini t\u00fcm d\u00fcnyaya tan\u0131tmay\u0131, profesyonel ve amat\u00f6r ko\u015fucular\u0131 bir araya getirmeyi ama\u00e7lad\u0131\u011f\u0131m\u0131z Yar\u0131 Maratona herkesi davet ediyorum. 21 Kas\u0131m Pazar g\u00fcn\u00fc saat 9.00\u2019da Toroslar Cumhuriyet Meydan\u0131m\u0131zda bulu\u015fal\u0131m. Toroslar\u0131m\u0131z\u0131 ko\u015farak ke\u015ffedelim\u201d diye konu\u015ftu.<\/p>\n","protected":false},"excerpt":{"rendered":"<p>Toroslar Belediyesi\u2019nin, 21 Kas\u0131m Pazar g\u00fcn\u00fc d\u00fczenleyece\u011fi \u201cToroslar Uluslararas\u0131 Yar\u0131 Maraton\u2019un\u201d kay\u0131tlar\u0131, kent merkezinin d\u00f6rt bir yan\u0131nda kurulan stantlarda devam ediyor. Sporcular ve vatanda\u015flar yar\u0131 maratona yo\u011fun ilgi g\u00f6steriyor. D\u00fcnyan\u0131n &hellip; <a href=\"https:\/\/akdenizolaygazetesi.com\/?p=15280\" class=\"more-link\">Devam\u0131n\u0131 Oku&#8230;<\/a><\/p>\n","protected":false},"author":2,"featured_media":15281,"comment_status":"open","ping_status":"open","sticky":false,"template":"","format":"standard","meta":[],"categories":[3,5,10],"tags":[],"_links":{"self":[{"href":"https:\/\/akdenizolaygazetesi.com\/index.php?rest_route=\/wp\/v2\/posts\/15280"}],"collection":[{"href":"https:\/\/akdenizolaygazetesi.com\/index.php?rest_route=\/wp\/v2\/posts"}],"about":[{"href":"https:\/\/akdenizolaygazetesi.com\/index.php?rest_route=\/wp\/v2\/types\/post"}],"author":[{"embeddable":true,"href":"https:\/\/akdenizolaygazetesi.com\/index.php?rest_route=\/wp\/v2\/users\/2"}],"replies":[{"embeddable":true,"href":"https:\/\/akdenizolaygazetesi.com\/index.php?rest_route=%2Fwp%2Fv2%2Fcomments&post=15280"}],"version-history":[{"count":1,"href":"https:\/\/akdenizolaygazetesi.com\/index.php?rest_route=\/wp\/v2\/posts\/15280\/revisions"}],"predecessor-version":[{"id":15282,"href":"https:\/\/akdenizolaygazetesi.com\/index.php?rest_route=\/wp\/v2\/posts\/15280\/revisions\/15282"}],"wp:featuredmedia":[{"embeddable":true,"href":"https:\/\/akdenizolaygazetesi.com\/index.php?rest_route=\/wp\/v2\/media\/15281"}],"wp:attachment":[{"href":"https:\/\/akdenizolaygazetesi.com\/index.php?rest_route=%2Fwp%2Fv2%2Fmedia&parent=15280"}],"wp:term":[{"taxonomy":"category","embeddable":true,"href":"https:\/\/akdenizolaygazetesi.com\/index.php?rest_route=%2Fwp%2Fv2%2Fcategories&post=15280"},{"taxonomy":"post_tag","embeddable":true,"href":"https:\/\/akdenizolaygazetesi.com\/index.php?rest_route=%2Fwp%2Fv2%2Ftags&post=15280"}],"curies":[{"name":"wp","href":"https:\/\/api.w.org\/{rel}","templated":true}]}}