{"id":15284,"date":"2021-11-23T10:36:37","date_gmt":"2021-11-23T07:36:37","guid":{"rendered":"http:\/\/akdenizolaygazetesi.com\/?p=15284"},"modified":"2021-11-23T10:36:37","modified_gmt":"2021-11-23T07:36:37","slug":"5-bin-kisi-toroslara-kostu","status":"publish","type":"post","link":"https:\/\/akdenizolaygazetesi.com\/?p=15284","title":{"rendered":"5 B\u0130N K\u0130\u015e\u0130 TOROSLAR\u2019A KO\u015eTU"},"content":{"rendered":"<p>Toroslar Belediye Ba\u015fkan\u0131 Ats\u0131z Af\u015f\u0131n Y\u0131lmaz, d\u00fczenledi\u011fi \u201cToroslar Uluslararas\u0131 Yar\u0131  Maraton\u201d ile bir ilke daha imza att\u0131.<\/p>\n<p>\u201cToroslar\u2019a Ko\u015f\u201d ve \u201cToroslar\u2019\u0131 Ko\u015farak Ke\u015ffet\u201d slogan\u0131yla ger\u00e7ekle\u015ftirilen yar\u0131 maratonda yakla\u015f\u0131k 5 bin kat\u0131l\u0131mc\u0131n\u0131n yan\u0131 s\u0131ra 9 farkl\u0131 \u00fclkeden 38 profesyonel sporcu yer ald\u0131.<\/p>\n<p>21 kilometrelik yar\u0131 maraton, 10 kilometrelik maraton,  3 kilometrelik halk ko\u015fusu, 200 metre \u00f6zel sporcular, 100 metre \u00e7ocuk maratonu olmak \u00fczere 5 kategoride yap\u0131lan organizasyonda dereceye giren sporculara kupa ve toplamda 191 bin 700 TL para \u00f6d\u00fcl\u00fc verildi.<\/p>\n<p>Toroslar Uluslararas\u0131 Yar\u0131 Maratonu\u2019nun, ba\u015flang\u0131\u00e7 ve biti\u015f noktas\u0131 \u00c7a\u011fda\u015fkent Mahallesi\u2019nde bulunan Toroslar Cumhuriyet Meydan\u0131 oldu. Ba\u015fkan Y\u0131lmaz taraf\u0131ndan ba\u015flat\u0131lan yar\u0131 maratonda vatanda\u015flar ve sporcular, renkli g\u00f6r\u00fcnt\u00fcler olu\u015fturdu.<\/p>\n<p>Yar\u0131\u015flar, saat 09.00\u2019da start ald\u0131. Sporcular, yar\u0131 maratonda, Mersin\u2019in di\u011fer merkez il\u00e7eleri olan Akdeniz ve Yeni\u015fehir\u2019i de kapsayan bir g\u00fczergahtan ge\u00e7erek ko\u015fuyu tamamlad\u0131.<\/p>\n<p>Etkinli\u011fe; MHP Mersin Milletvekili Baki \u015eim\u015fek, Mersin Vali Yard\u0131mc\u0131s\u0131 \u0130brahim K\u00fc\u00e7\u00fck, Toroslar Kaymakam\u0131 \u0130brahim \u00c7enet, MHP MYK \u00dcyesi Serdar Soydan, Mersin \u00dclk\u00fc Ocaklar\u0131 Ba\u015fkan\u0131 Murat Sezer, MHP Toroslar \u0130l\u00e7e Ba\u015fkan\u0131 H\u00fcsn\u00fc Do\u011fan, MHP Yeni\u015fehir \u0130l\u00e7e Ba\u015fkan\u0131 \u00d6mer G\u00fcrsoy, MHP Silifke \u0130l\u00e7e Ba\u015fkan\u0131 Levent Nogay, Mersin Ticaret ve Sanayi Odas\u0131 Ba\u015fkan\u0131 Ayhan K\u0131z\u0131ltan, Mersin Ticaret ve Sanayi Odas\u0131 Meclis Ba\u015fkan\u0131 Hamit \u0130zol, Mersin \u0130l M\u00fcft\u00fcs\u00fc \u015eaban Kondi, Mersin Gen\u00e7lik ve Spor \u0130l M\u00fcd\u00fcr\u00fc \u00d6kke\u015f Demir, T\u00fcrkiye Atletizm Federasyonu Genel Sekreteri ve eski milli atlet Halil Akka\u015f, T\u00fcrk atletizminin efsane isimleri Mehmet Terzi, Ahmet Altun, Osman Atakan Tekin, Belediye Meclis \u00dcyeleri, mahalle muhtarlar\u0131 da kat\u0131ld\u0131.<\/p>\n<p>BA\u015eKAN YILMAZ; \u201cPANDEM\u0130 D\u00d6NEM\u0130NDE HAREKETS\u0130Z KALDIK, YARI MARATON \u0130LE HAREKETL\u0130L\u0130\u011eE D\u0130KKAT \u00c7EKT\u0130K\u201d<\/p>\n<p>Toroslar Belediye Ba\u015fkan\u0131 Ats\u0131z Af\u015f\u0131n Y\u0131lmaz, maratona T\u00fcrkiye\u2019nin yan\u0131 s\u0131ra d\u00fcnyan\u0131n bir\u00e7ok yerinden 7\u2019den 77\u2019ye binlerce sporcunun kat\u0131ld\u0131\u011f\u0131n\u0131 ve bundan da memnuniyet duyduklar\u0131n\u0131 s\u00f6yledi.<\/p>\n<p>Covid-19 tedbirleri kapsam\u0131nda uygulanan pandemi d\u00f6neminde insanlar\u0131n hareketsiz kald\u0131\u011f\u0131n\u0131 ve bu nedenle yar\u0131 maratonu d\u00fczenlediklerini kaydeden Ba\u015fkan Y\u0131lmaz; \u201cPandemi d\u00f6neminde hareketsiz kald\u0131k. Evden \u00e7\u0131kamad\u0131k, spor yapamad\u0131k, y\u00fcr\u00fcyemedik, ko\u015famad\u0131k. Bunun psikolojik ve sosyolojik sonu\u00e7lar\u0131n\u0131 ortadan kald\u0131rmak, \u00e7ocuklar, gen\u00e7ler ve her ya\u015ftan vatanda\u015f\u0131 spora y\u00f6nlendirme noktas\u0131nda b\u00fcy\u00fck faydalar\u0131 var. Kentimizin tan\u0131t\u0131m\u0131 a\u00e7\u0131s\u0131nda da faydas\u0131 var. Yar\u0131 Maraton, Toroslar\u0131m\u0131z\u0131n, Mersinimizin do\u011fal ve tarihi g\u00fczelliklerini t\u00fcm d\u00fcnyaya g\u00f6stermek i\u00e7in bir kazan\u0131m\u201d diye konu\u015ftu.<\/p>\n<p>M\u0130LLETVEK\u0130L\u0130 \u015e\u0130M\u015eEK; \u201cBA\u015eKANIMIZ, MERS\u0130N\u0130M\u0130Z\u0130 D\u00dcNYAYA TANITTI\u201d<\/p>\n<p>Maratonda ko\u015fan MHP Mersin Milletvekili Baki \u015eim\u015fek de Toroslar Belediye Ba\u015fkan\u0131 Ats\u0131z Af\u015f\u0131n Y\u0131lmaz\u2019a maraton gelene\u011fini Mersin\u2019de ya\u015fatt\u0131\u011f\u0131 i\u00e7in te\u015fekk\u00fcr etti.<\/p>\n<p>\u015eim\u015fek; \u201cT\u00fcrkiye\u2019nin yan\u0131 s\u0131ra d\u00fcnyan\u0131n d\u00f6rt bir yan\u0131ndan atletleri burada bulu\u015fturan Ba\u015fkan\u0131m\u0131z Ats\u0131z Af\u015f\u0131n Y\u0131lmaz\u2019a te\u015fekk\u00fcr ederiz. Bir\u00e7ok B\u00fcy\u00fck\u015fehir belediyesinin yapamad\u0131\u011f\u0131 yar\u0131 maratonu d\u00fcnya genelinde yaparak Toroslar\u0131m\u0131z\u0131, Mersinimizi tan\u0131tt\u0131\u201d dedi.<\/p>\n<p>KAYMAKAM \u00c7ENET; \u201cYARI MARATONDA HEP B\u0130RL\u0130KTE KO\u015eTUK\u201d<\/p>\n<p>Toroslar Kaymakam\u0131 \u0130brahim \u00c7enet, binlerce sporcunun yar\u0131\u015ft\u0131\u011f\u0131 Toroslar Uluslararas\u0131 Yar\u0131 Maratonda yer alman\u0131n mutlulu\u011funu ya\u015fad\u0131klar\u0131n\u0131 belirterek; \u201cHerkesi bir araya getiren Toroslar Belediyemizin maratonunda biz de yer alarak ko\u015ftuk. Ba\u015fkan\u0131m\u0131z\u0131 tebrik ediyoruz\u201d diye konu\u015ftu.<\/p>\n<p>\u201cDAVUL ZURNA E\u015eL\u0130\u011e\u0130NDE KO\u015eTULAR\u201d<\/p>\n<p>Ba\u015fkan Y\u0131lmaz da maraton heyecan\u0131n\u0131 kent protokol\u00fc ve vatanda\u015flarla birlikte 3 kilometrelik halk ko\u015fusunda ko\u015farak ya\u015fad\u0131.<\/p>\n<p>Davul ve zurna e\u015fli\u011finde ko\u015fulan halk ko\u015fusunun kat\u0131l\u0131mc\u0131lar\u0131ndan biri de \u0130zmir\u2019den Toroslar Uluslararas\u0131 Yar\u0131 Maraton i\u00e7in gelen 72 ya\u015f\u0131ndaki Gazel Demiray oldu.<\/p>\n<p>Ko\u015fusunu oynayarak tamamlayan Demiray, Toroslar Belediye Ba\u015fkan\u0131 Ats\u0131z Af\u015f\u0131n Y\u0131lmaz\u2019a kendilerini b\u00f6yle bir \u00f6nemli bir organizasyonda bulu\u015fturdu\u011fu i\u00e7in te\u015fekk\u00fcr etti. Ba\u015fkan Y\u0131lmaz da Demiray\u2019\u0131 tebrik ederek g\u00fcn\u00fcn an\u0131s\u0131na madalya takdim etti.<\/p>\n<p>Demiray da maraton sayesinde Mersin\u2019i, Toroslar\u2019\u0131 ke\u015ffetme imkan\u0131na sahip oldu\u011funu kaydederek, bundan sonra yap\u0131lacak maratonlara da kat\u0131laca\u011f\u0131n\u0131 ifade etti.<\/p>\n<p>\u201cMARATON DEDE, O \u00c7OK \u0130STED\u0130\u011e\u0130 MADALYASINI ALDI\u201d<\/p>\n<p>Toroslar Uluslararas\u0131 Yar\u0131 Maratona uzun s\u00fcredir haz\u0131rlanan 74 ya\u015f\u0131ndaki Ahmet Kahveci de yar\u0131\u015flarda boy g\u00f6sterdi. Mersin\u2019de ya\u015fayan ve T\u00fcrkiye\u2019nin d\u00f6rt bir yan\u0131nda d\u00fczenlenen maratonlarda ko\u015fan Kahveci, yar\u0131\u015flarda dereceye giremedi ama azmiyle ve spora olan ilgisiyle t\u00fcm gen\u00e7lere \u00f6rnek oldu.<\/p>\n<p>Ba\u015fkan Y\u0131lmaz, yar\u0131 maratona kat\u0131larak renk katan ve maraton dede lakab\u0131yla \u00fcnlenen Kahveci\u2019ye te\u015fekk\u00fcr ederek, plaketini ve o \u00e7ok istedi\u011fi madalyas\u0131n\u0131 da takdim etti.<\/p>\n<p>Maratonda yar\u0131\u015fan gen\u00e7ler de Ba\u015fkan Y\u0131lmaz\u2019a te\u015fekk\u00fcr etti. Hem sosyalle\u015fme hem de sa\u011fl\u0131k a\u00e7\u0131s\u0131ndan bu organizasyonlar\u0131n \u00f6nemine de\u011finen gen\u00e7 sporcular, etkinliklerin devam\u0131n\u0131 diledi.<\/p>\n<p>DERECEYE G\u0130REN SPORCULARA \u00d6D\u00dcLLER\u0130 VER\u0130LD\u0130<\/p>\n<p>Mersin Valili\u011fi himayesinde, Gen\u00e7lik ve Spor \u0130l M\u00fcd\u00fcrl\u00fc\u011f\u00fc i\u015fbirli\u011finde, payda\u015f kurum ve kurulu\u015flar\u0131n deste\u011fiyle Toroslar\u2019da ilk kez ger\u00e7ekle\u015ftirilen yar\u0131 maratonda kategorilerinde dereceye giren sporculara \u00f6d\u00fclleri, Toroslar Belediye Ba\u015fkan\u0131 Ats\u0131z Af\u015f\u0131n Y\u0131lmaz ve protokol \u00fcyeleri taraf\u0131ndan takdim edildi.<\/p>\n<p>Ba\u015fkan Y\u0131lmaz, programa katk\u0131 sunan kat\u0131l\u0131mc\u0131lara ve T\u00fcrk atletizminin efsane isimlerine de birer plaket vererek te\u015fekk\u00fcr etti.<\/p>\n<p>\u201cBu maratonda ko\u015fan herkes madalya ve kupay\u0131 hak ediyor\u201d diyen Ba\u015fkan Y\u0131lmaz; \u201c\u00dclkemizin ve d\u00fcnyan\u0131n bir\u00e7ok yerinden Toroslar\u0131m\u0131za, Mersinimize gelen misafirlerimize selam ve sevgilerimizi sunuyoruz. Kat\u0131l\u0131mlar\u0131ndan dolay\u0131 te\u015fekk\u00fcr ediyoruz\u201d ifadelerini kulland\u0131.<\/p>\n<p>DERECEYE G\u0130REN ESK\u0130 M\u0130LL\u0130 SPORCU G\u00d6NC\u00dc; \u201cKUPAYI KADINA Y\u00d6NEL\u0130K \u015e\u0130DDET\u0130N OLMADI\u011eI B\u0130R T\u00dcRK\u0130YE \u0130\u00c7\u0130N ALDIM\u201d<\/p>\n<p>Yar\u0131\u015fmaya \u0130zmir\u2019den kat\u0131lan 55 ya\u015f\u0131ndaki eski milli sporcu Birsen K\u0131l\u0131\u00e7 G\u00f6nc\u00fc ise ald\u0131\u011f\u0131 kupay\u0131, t\u00fcm kad\u0131nlara ithaf etti\u011fini kaydederek; \u201cB\u00f6yle g\u00fczel bir organizasyonda ko\u015fmak benim i\u00e7in b\u00fcy\u00fck bir onur. Belediye Ba\u015fkan\u0131m\u0131za te\u015fekk\u00fcr ederim. Harika bir yar\u0131\u015fma oldu, her \u015fey \u00e7ok g\u00fczeldi. Kupam\u0131, T\u00fcrkiye\u2019deki t\u00fcm kad\u0131nlar ad\u0131na kad\u0131na y\u00f6nelik \u015fiddetin ve \u00f6l\u00fcmlerin olmad\u0131\u011f\u0131 bir T\u00fcrkiye i\u00e7in al\u0131yorum. Spor yapmak \u00e7ok g\u00fczel. T\u00fcm kad\u0131nlara tavsiye ediyorum. Nefes ald\u0131\u011f\u0131m s\u00fcrece ko\u015fmaya devam edece\u011fim. \u0130n\u015fallah ekip olarak Toroslar\u2019da yap\u0131lacak daha sonraki yar\u0131\u015flara da kat\u0131laca\u011f\u0131z\u201d dedi.<\/p>\n<p>Yar\u0131 Maratonda kategorilerine g\u00f6re dereceye giren sporcular ise \u015f\u00f6yle;<\/p>\n<p>21 Kilometre Yar\u0131 Maraton erkekler; 1. Philip Kiprono Tarus, 2.Bernard Sang, 3. Getaye Gelaw<\/p>\n<p>21 Kilometre Yar\u0131 Maraton kad\u0131nlar; 1. Pauline Esikon, 2. Pascalia Chepkogei, 3. Monica Cheruto<\/p>\n<p>10 kilometre erkekler; 1. Fetene Alemu, 2. Ayetullah Aslanhan, 3. Tefera Geleta Ararsa<\/p>\n<p>10 kilometre kad\u0131nlar; 1. \u0130nci Kalkan, 2. Berfin Bar\u0131\u015fer, 3. Nursel Karata\u015f.<\/p>\n<p>\u00d6zel Sporcular 200 metre erkekler; 1. Cemal \u00c7oban, 2. Mehmet Deniz, 3. Mevl\u00fct Ekmez.<\/p>\n<p>\u00d6zel sporcular 200 metre kad\u0131nlar; 1. Asl\u0131 Demirci, 2. P\u0131nar Yedig\u00f6z, 3. Ay\u015fe Kafes.<\/p>\n","protected":false},"excerpt":{"rendered":"<p>Toroslar Belediye Ba\u015fkan\u0131 Ats\u0131z Af\u015f\u0131n Y\u0131lmaz, d\u00fczenledi\u011fi \u201cToroslar Uluslararas\u0131 Yar\u0131 Maraton\u201d ile bir ilke daha imza att\u0131. \u201cToroslar\u2019a Ko\u015f\u201d ve \u201cToroslar\u2019\u0131 Ko\u015farak Ke\u015ffet\u201d slogan\u0131yla ger\u00e7ekle\u015ftirilen yar\u0131 maratonda yakla\u015f\u0131k 5 bin &hellip; <a href=\"https:\/\/akdenizolaygazetesi.com\/?p=15284\" class=\"more-link\">Devam\u0131n\u0131 Oku&#8230;<\/a><\/p>\n","protected":false},"author":2,"featured_media":15285,"comment_status":"open","ping_status":"open","sticky":false,"template":"","format":"standard","meta":[],"categories":[3,5,10],"tags":[],"_links":{"self":[{"href":"https:\/\/akdenizolaygazetesi.com\/index.php?rest_route=\/wp\/v2\/posts\/15284"}],"collection":[{"href":"https:\/\/akdenizolaygazetesi.com\/index.php?rest_route=\/wp\/v2\/posts"}],"about":[{"href":"https:\/\/akdenizolaygazetesi.com\/index.php?rest_route=\/wp\/v2\/types\/post"}],"author":[{"embeddable":true,"href":"https:\/\/akdenizolaygazetesi.com\/index.php?rest_route=\/wp\/v2\/users\/2"}],"replies":[{"embeddable":true,"href":"https:\/\/akdenizolaygazetesi.com\/index.php?rest_route=%2Fwp%2Fv2%2Fcomments&post=15284"}],"version-history":[{"count":1,"href":"https:\/\/akdenizolaygazetesi.com\/index.php?rest_route=\/wp\/v2\/posts\/15284\/revisions"}],"predecessor-version":[{"id":15286,"href":"https:\/\/akdenizolaygazetesi.com\/index.php?rest_route=\/wp\/v2\/posts\/15284\/revisions\/15286"}],"wp:featuredmedia":[{"embeddable":true,"href":"https:\/\/akdenizolaygazetesi.com\/index.php?rest_route=\/wp\/v2\/media\/15285"}],"wp:attachment":[{"href":"https:\/\/akdenizolaygazetesi.com\/index.php?rest_route=%2Fwp%2Fv2%2Fmedia&parent=15284"}],"wp:term":[{"taxonomy":"category","embeddable":true,"href":"https:\/\/akdenizolaygazetesi.com\/index.php?rest_route=%2Fwp%2Fv2%2Fcategories&post=15284"},{"taxonomy":"post_tag","embeddable":true,"href":"https:\/\/akdenizolaygazetesi.com\/index.php?rest_route=%2Fwp%2Fv2%2Ftags&post=15284"}],"curies":[{"name":"wp","href":"https:\/\/api.w.org\/{rel}","templated":true}]}}