{"id":15287,"date":"2021-11-23T10:38:26","date_gmt":"2021-11-23T07:38:26","guid":{"rendered":"http:\/\/akdenizolaygazetesi.com\/?p=15287"},"modified":"2021-11-23T10:38:26","modified_gmt":"2021-11-23T07:38:26","slug":"akdeniz-kentsel-donusumun-en-cok-ihtiyac-duyuldugu-ilcedir","status":"publish","type":"post","link":"https:\/\/akdenizolaygazetesi.com\/?p=15287","title":{"rendered":"\u201cAKDEN\u0130Z, KENTSEL D\u00d6N\u00dc\u015e\u00dcM\u00dcN EN \u00c7OK \u0130HT\u0130YA\u00c7 DUYULDU\u011eU \u0130L\u00c7ED\u0130R\u201d"},"content":{"rendered":"<p>Akdeniz Belediye Ba\u015fkan\u0131 Mustafa G\u00fcltak, vatanda\u015flar\u0131n derme \u00e7atma ve yal\u0131t\u0131m\u0131 olmayan evlerde oturdu\u011funa, altyap\u0131 s\u0131k\u0131nt\u0131s\u0131n\u0131n oldu\u011fu mahallelerde ya\u015fad\u0131\u011f\u0131na dikkat \u00e7ekerek, \u201c\u00c7ocu\u011funuzu oynataca\u011f\u0131n\u0131z bir park, rahat nefes alabilece\u011finiz bir ye\u015fil alan yok. B\u00f6yle bir yerde ya\u015famaktan kim mutlu olur? Kentsel d\u00f6n\u00fc\u015f\u00fcm\u00fcn en \u00e7ok ihtiya\u00e7 duyuldu\u011fu il\u00e7eyiz. Vatanda\u015f\u0131m\u0131za gidip kentsel d\u00f6n\u00fc\u015f\u00fcm\u00fcn \u00f6neminden bahsettik ve \u2018Bak\u0131n b\u00f6yle bir hayat var ve siz de buna lay\u0131ks\u0131n\u0131z\u2019 dedik\u201d ifadelerini kulland\u0131.<br \/>\nAkdeniz Belediye Ba\u015fkan\u0131 Mustafa G\u00fcltak kat\u0131ld\u0131\u011f\u0131 bir televizyon program\u0131nda il\u00e7eye dair \u00f6nemli projelere imza att\u0131klar\u0131n\u0131n alt\u0131n\u0131 \u00e7izerek ger\u00e7ekle\u015fen ve hayata ge\u00e7mesi planlanan hizmetlerinden de s\u00f6z etti. Ba\u015fkan G\u00fcltak Akdeniz\u2019de Hristiyan, Y\u00f6r\u00fck, Alevi, Arap, K\u00fcrt ve T\u00fcrklerin bir arada ya\u015fad\u0131\u011f\u0131na de\u011finerek, \u201cBir\u00e7ok din, mezhep ve \u0131rk farkl\u0131l\u0131klar\u0131 olan bir il\u00e7eyiz. Bu insanlar\u0131n tamam\u0131 bir arada bar\u0131\u015f ve karde\u015flik i\u00e7inde ya\u015f\u0131yor\u201d dedi.<br \/>\n\u201cAkdeniz\u2019de ayr\u0131mc\u0131l\u0131\u011fa yer yoktur\u201d<br \/>\nAkdeniz\u2019in Mersin\u2019in kalbi oldu\u011funa i\u015faret eden G\u00fcltak; \u201c\u0130l\u00e7emiz liman\u0131n, serbest b\u00f6lgenin asl\u0131nda b\u00fct\u00fcn ticaretin d\u00f6nd\u00fc\u011f\u00fc yerdir. Belki gece n\u00fcfusu 270 bin olabilir ama g\u00fcnd\u00fcz n\u00fcfusu 800 bini ge\u00e7er. Ticareti herkes bizde yapar, di\u011fer il\u00e7elerde ya\u015farlar\u201d diye konu\u015ftu. Akdeniz\u2019de ayr\u0131mc\u0131l\u0131\u011fa yer olmad\u0131\u011f\u0131na de\u011finen Ba\u015fkan G\u00fcltak; \u201cAlevi karde\u015flerimizin kutsal mekanlar\u0131na, K\u00fcrt, Y\u00f6r\u00fck, Arap karde\u015flerimizin t\u00fcm mahallelerine hizmetler g\u00f6t\u00fcr\u00fcyoruz. Bu hizmetleri g\u00f6t\u00fcr\u00fcrken de kimseyi ayr\u0131\u015ft\u0131rm\u0131yoruz. \u00c7\u00fcnk\u00fc ben Mersinliyim. \u015eehrin kodlar\u0131n\u0131 iyi biliyorum. Akdeniz ge\u00e7mi\u015fte uyu\u015fturucu ve ter\u00f6rle an\u0131lan bir il\u00e7eydi. \u015eimdi tam tersi bar\u0131\u015f ve muhabbetle an\u0131l\u0131yor. Bunun tek bir form\u00fcl\u00fc var. G\u00fcler y\u00fczl\u00fc ve pozitif olmak. \u0130nsanlarla do\u011fru ileti\u015fimi kurdu\u011funuz zaman sizi dinliyorlar\u201d diye konu\u015ftu.<br \/>\n\u201cT\u00fcm il\u00e7eyi yeniden yap\u0131land\u0131rmak niyetiyle yola \u00e7\u0131kt\u0131k\u201d<br \/>\nAkdeniz\u2019in \u015fehrin en eski il\u00e7esi oldu\u011funa vurgu yapan Ba\u015fkan Mustafa G\u00fcltak; \u201cDolay\u0131s\u0131yla kentsel d\u00f6n\u00fc\u015f\u00fcm\u00fcn en \u00e7ok ihtiya\u00e7 duyuldu\u011fu bir b\u00f6lgeden s\u00f6z ediyoruz. Ye\u015fil alan ve parklar a\u00e7\u0131s\u0131ndan en fakir il\u00e7elerden bir tanesiyiz. Kentsel d\u00f6n\u00fc\u015f\u00fcm diyerek \u015fehri ve mahalleleri yani t\u00fcm il\u00e7eyi yeniden yap\u0131land\u0131rmak niyetiyle yola \u00e7\u0131kt\u0131k. \u00d6rne\u011fin Bar\u0131\u015f Mahallesi\u2019nde \u00e7al\u0131\u015fmalara ba\u015flad\u0131k. Oradaki beton ve demirler erimi\u015f. Her an depremle kar\u015f\u0131 kar\u015f\u0131ya kalabiliriz. Bu sebepten bir vatanda\u015f\u0131m\u0131z\u0131n hayat\u0131n\u0131 kaybetti\u011fini d\u00fc\u015f\u00fcnmek dahi istemiyorum. Ben bunun vicdani sorumlulu\u011funu ya\u015fayamam. \u0130kinci katlara sular\u0131n \u00e7\u0131kmad\u0131\u011f\u0131, altyap\u0131s\u0131n\u0131n olmad\u0131\u011f\u0131 mahallelerden s\u00f6z ediyoruz. Biz vatanda\u015flar\u0131m\u0131za gidip \u2018Bak\u0131n b\u00f6yle bir hayat var ve siz de buna lay\u0131ks\u0131n\u0131z\u2019 dedik. Kentsel d\u00f6n\u00fc\u015f\u00fcm bu y\u00fczden \u00e7ok \u00f6nemli\u201d ifadelerini kulland\u0131. <\/p>\n<p>\u201cKentsel d\u00f6n\u00fc\u015f\u00fcm demek g\u00fcvenlik ve sa\u011fl\u0131k demektir\u201d<br \/>\nUzun y\u0131llard\u0131r Mersin\u2019de kentsel d\u00f6n\u00fc\u015f\u00fcm\u00fcn konu\u015fuldu\u011funu kaydeden Ba\u015fkan Mustafa G\u00fcltak, \u201cHerkes d\u00f6n\u00fc\u015f\u00fcm\u00fc dile getirir. Projeler yap\u0131l\u0131r ama icraat olmaz. Biz hayata ge\u00e7irdik ve ilkleri yapt\u0131k diyebiliriz.  Kentsel d\u00f6n\u00fc\u015f\u00fcm demek g\u00fcvenlik ve sa\u011fl\u0131k demektir. Vatanda\u015flar\u0131m\u0131z derme \u00e7atma evlerde oturuyor. Yal\u0131t\u0131m\u0131 olmayan bir evde elektrik ve di\u011fer yak\u0131tlar\u0131 d\u00fc\u015f\u00fcn\u00fcn. Kentsel d\u00f6n\u00fc\u015f\u00fcm ile beraber bunlar da olumlu anlamda etkilenecektir. \u00c7ocu\u011funuzu oynataca\u011f\u0131n\u0131z bir park yok. Rahat nefes alabilece\u011finiz bir ye\u015fil alan yok. B\u00f6yle bir yerde ya\u015famaktan mutlu olur musunuz?\u201d diye konu\u015ftu.<br \/>\n\u201cVatanda\u015f\u0131m\u0131z\u0131 ne kadar \u00f6nemsedi\u011fimizi projelerle ispatl\u0131yoruz\u201d<br \/>\nBa\u015fkan G\u00fcltak; \u201cSe\u00e7im s\u00fcrecinde Akdenizli anneler bana, \u00e7ocuklar\u0131n\u0131n girebilece\u011fi bir havuzun olmad\u0131\u011f\u0131n\u0131 s\u00f6yledi ve ne yapaca\u011f\u0131m\u0131 sordular. Ben de \u2018Havuzu aya\u011f\u0131n\u0131za getirece\u011fim\u2019 dedim. G\u00f6reve gelir gelmez 4 adet portatif havuz kurdurdum. O havuzlarda 5 bin \u00e7ocu\u011fumuza y\u00fczme \u00f6\u011frettik. Mahallelerimize yazl\u0131k sinema g\u00f6sterimleri yapt\u0131k. Gen\u00e7lerimizi anne ve babalar\u0131 ile birlikte al\u0131p Silifke\u2019ya kamplara g\u00f6t\u00fcrd\u00fck. \u0130nsanlar\u0131n bak\u0131\u015f a\u00e7\u0131lar\u0131 de\u011fi\u015fti. Akdeniz\u2019e ne\u015fe ve mutluluk geldi. Bu zamana kadar vatanda\u015flar\u0131m\u0131z\u0131n duygular\u0131 hep bast\u0131r\u0131lm\u0131\u015f. Biz bu projelerle onlar\u0131 ne kadar \u00f6nemsedi\u011fimizi ispatl\u0131yoruz\u201d ifadelerini kulland\u0131.<br \/>\n\u201c2 kad\u0131n ve 1 engelli kooperatifi kurduk\u201d<br \/>\nG\u00f6reve gelir gelmez 2 kad\u0131n ve 1 engelli kooperatifi kurduklar\u0131n\u0131 dile getiren Ba\u015fkan Mustafa G\u00fcltak; \u201cKad\u0131nlar\u0131m\u0131za ve engelli karde\u015flerimize \u2018Siz \u00fcretin; biz size sat\u0131\u015f noktas\u0131nda yard\u0131mc\u0131 olaca\u011f\u0131z\u2019 dedik. Sanayi Bakanl\u0131\u011f\u0131m\u0131zdan proje kar\u015f\u0131l\u0131\u011f\u0131 te\u015fvikler ald\u0131k. Onlar \u00fcrettiklerini arac\u0131 koymadan satmaya ba\u015flad\u0131lar. \u00d6te yandan mikro krediler sayesinde kad\u0131nlar\u0131m\u0131za i\u015fletmecilik noktas\u0131nda destek olduk.<br \/>\nE\u011fitim portal\u0131m\u0131z ile 5 bine yak\u0131n gencimizi \u00fcniversiteye haz\u0131rlad\u0131k. G\u00f6kdelinin 29. kat\u0131 Akdeniz Belediyesi taraf\u0131ndan kiraland\u0131. Gen\u00e7lerimiz i\u00e7in et\u00fct merkezi yapt\u0131k\u201d dedi. Ba\u015fkan Mustafa G\u00fcltak s\u00f6zlerini \u015f\u00f6yle noktalad\u0131; \u201cBu projelerin hayata ge\u00e7mesi noktas\u0131nda ba\u015fta Cumhurba\u015fkan\u0131m\u0131z Say\u0131n Recep Tayyip Erdo\u011fan olmak \u00fczere, Hazine ve Maliye Bakan\u0131m\u0131z Say\u0131n L\u00fctfi Elvan&#8217;a, \u00c7evre ve \u015eehircilik Bakan\u0131m\u0131z Say\u0131n Murat Kurum&#8217;a, Spor Bakan\u0131m\u0131z Say\u0131n Mehmet Kasapo\u011flu&#8217;na ve TOK\u0130 Ba\u015fkan\u0131 Say\u0131n \u00d6mer Bulut\u2019a te\u015fekk\u00fcr ediyorum.\u201d<\/p>\n","protected":false},"excerpt":{"rendered":"<p>Akdeniz Belediye Ba\u015fkan\u0131 Mustafa G\u00fcltak, vatanda\u015flar\u0131n derme \u00e7atma ve yal\u0131t\u0131m\u0131 olmayan evlerde oturdu\u011funa, altyap\u0131 s\u0131k\u0131nt\u0131s\u0131n\u0131n oldu\u011fu mahallelerde ya\u015fad\u0131\u011f\u0131na dikkat \u00e7ekerek, \u201c\u00c7ocu\u011funuzu oynataca\u011f\u0131n\u0131z bir park, rahat nefes alabilece\u011finiz bir ye\u015fil alan &hellip; <a href=\"https:\/\/akdenizolaygazetesi.com\/?p=15287\" class=\"more-link\">Devam\u0131n\u0131 Oku&#8230;<\/a><\/p>\n","protected":false},"author":2,"featured_media":15288,"comment_status":"open","ping_status":"open","sticky":false,"template":"","format":"standard","meta":[],"categories":[1,2,3,5],"tags":[],"_links":{"self":[{"href":"https:\/\/akdenizolaygazetesi.com\/index.php?rest_route=\/wp\/v2\/posts\/15287"}],"collection":[{"href":"https:\/\/akdenizolaygazetesi.com\/index.php?rest_route=\/wp\/v2\/posts"}],"about":[{"href":"https:\/\/akdenizolaygazetesi.com\/index.php?rest_route=\/wp\/v2\/types\/post"}],"author":[{"embeddable":true,"href":"https:\/\/akdenizolaygazetesi.com\/index.php?rest_route=\/wp\/v2\/users\/2"}],"replies":[{"embeddable":true,"href":"https:\/\/akdenizolaygazetesi.com\/index.php?rest_route=%2Fwp%2Fv2%2Fcomments&post=15287"}],"version-history":[{"count":1,"href":"https:\/\/akdenizolaygazetesi.com\/index.php?rest_route=\/wp\/v2\/posts\/15287\/revisions"}],"predecessor-version":[{"id":15289,"href":"https:\/\/akdenizolaygazetesi.com\/index.php?rest_route=\/wp\/v2\/posts\/15287\/revisions\/15289"}],"wp:featuredmedia":[{"embeddable":true,"href":"https:\/\/akdenizolaygazetesi.com\/index.php?rest_route=\/wp\/v2\/media\/15288"}],"wp:attachment":[{"href":"https:\/\/akdenizolaygazetesi.com\/index.php?rest_route=%2Fwp%2Fv2%2Fmedia&parent=15287"}],"wp:term":[{"taxonomy":"category","embeddable":true,"href":"https:\/\/akdenizolaygazetesi.com\/index.php?rest_route=%2Fwp%2Fv2%2Fcategories&post=15287"},{"taxonomy":"post_tag","embeddable":true,"href":"https:\/\/akdenizolaygazetesi.com\/index.php?rest_route=%2Fwp%2Fv2%2Ftags&post=15287"}],"curies":[{"name":"wp","href":"https:\/\/api.w.org\/{rel}","templated":true}]}}