{"id":1529,"date":"2020-11-04T18:22:05","date_gmt":"2020-11-04T15:22:05","guid":{"rendered":"http:\/\/mersinekonomipolitikagazetesi.com\/?p=1529"},"modified":"2020-11-04T18:22:05","modified_gmt":"2020-11-04T15:22:05","slug":"nerenciye-yuz-guldurdu","status":"publish","type":"post","link":"https:\/\/akdenizolaygazetesi.com\/?p=1529","title":{"rendered":"Nerenciye y\u00fcz g\u00fcld\u00fcrd\u00fc"},"content":{"rendered":"<p>Son y\u0131llarda b\u00fcy\u00fck zararlar g\u00f6ren narenciye \u00fcreticisi, bu sezon fiyatlardan memnun kald\u0131. Ancak mevsim normallerinin \u00fcst\u00fcnde seyreden hava s\u0131cakliklar\u0131 \u00e7ift\u00e7iyi korkutmaya ba\u015flad\u0131.<\/p>\n<p class=\"m_-231152550480631681gmail-p1\" style=\"color: rgb(34, 34, 34); font-family: arial, sans-serif; font-size: 12.8px; line-height: normal;\"><span style=\"font-size:16px;\">Rusya ile ya\u015fanan s\u0131k\u0131nt\u0131lar, hava sartlar\u0131 ve fiyatlar nedeniyle y\u00fcz\u00fc bir t\u00fcrl\u00fc g\u00fclmeyen narenciye \u00fcreticisinin y\u00fcz\u00fc bu defa g\u00fcld\u00fc. son y\u0131llar\u0131n en fiyatlar\u0131n\u0131 yakalayarak \u00fcr\u00fcnlerini satan \u00fcretici, sezonun iyi ge\u00e7ti\u011fini belirtti.\u00a0<\/span><\/p>\n<p class=\"m_-231152550480631681gmail-p3\" style=\"color: rgb(34, 34, 34); font-family: arial, sans-serif; font-size: 12.8px; line-height: normal;\">\u00a0<\/p>\n<p class=\"m_-231152550480631681gmail-p2\" style=\"color: rgb(34, 34, 34); font-family: arial, sans-serif; font-size: 12.8px; line-height: normal;\"><span style=\"font-size:16px;\">Ge\u00e7en sene don olaylar\u0131 y\u00fcz\u00fcnden \u00e7i\u00e7ek d\u00f6ken narenciye de bu sene benzer sorunlar ya\u015fanmad\u0131. Hem rekolte beklendi\u011fi gibi oldu hem de fiyatlar beklendi\u011finden iyi oldu.\u00a0<\/span><\/p>\n<p class=\"m_-231152550480631681gmail-p2\" style=\"color: rgb(34, 34, 34); font-family: arial, sans-serif; font-size: 12.8px; line-height: normal;\"><span style=\"font-size:16px;\">Sezonu iyi ge\u00e7iren \u00fcretici bu sayede bor\u00e7lar\u0131n\u0131n bir k\u0131sm\u0131n\u0131 \u00f6demenin sevincini ya\u015f\u0131yor.<\/span><\/p>\n<p class=\"m_-231152550480631681gmail-p3\" style=\"color: rgb(34, 34, 34); font-family: arial, sans-serif; font-size: 12.8px; line-height: normal;\">\u00a0<\/p>\n<p class=\"m_-231152550480631681gmail-p4\" style=\"color: rgb(34, 34, 34); font-family: arial, sans-serif; font-size: 12.8px; line-height: normal;\"><span style=\"font-size:16px;\">SICAK HAVALAR KORKUTUYOR<\/span><\/p>\n<p class=\"m_-231152550480631681gmail-p5\" style=\"color: rgb(34, 34, 34); font-family: arial, sans-serif; font-size: 12.8px; line-height: normal;\">\u00a0<\/p>\n<p class=\"m_-231152550480631681gmail-p6\" style=\"color: rgb(34, 34, 34); font-family: arial, sans-serif; font-size: 12.8px; line-height: normal;\"><span style=\"font-size:16px;\"><span class=\"m_-231152550480631681gmail-s1\">Mevsim normallerinin \u00fcst\u00fcnde seyreden hava s\u0131cakl\u0131klar\u0131 nedeniyle \u00fcretici endi\u015feli. az ya\u011fan ya\u011f\u0131\u015flar nedeniyle \u00fcretici kurakl\u0131k korkusu ya\u015famaya ba\u015flad\u0131.<\/span>Son y\u0131llarda b\u00fcy\u00fck zararlar g\u00f6ren narenciye \u00fcreticisi, bu sezon fiyatlardan memnun kald\u0131. Ancak mevsim normallerinin \u00fcst\u00fcnde seyreden hava s\u0131cakliklar\u0131 \u00e7ift\u00e7iyi korkutmaya ba\u015flad\u0131.<\/span><\/p>\n","protected":false},"excerpt":{"rendered":"<p>Son y\u0131llarda b\u00fcy\u00fck zararlar g\u00f6ren narenciye \u00fcreticisi, bu sezon fiyatlardan memnun kald\u0131. Ancak mevsim normallerinin \u00fcst\u00fcnde seyreden hava s\u0131cakliklar\u0131 \u00e7ift\u00e7iyi korkutmaya ba\u015flad\u0131. Rusya ile ya\u015fanan s\u0131k\u0131nt\u0131lar, hava sartlar\u0131 ve fiyatlar &hellip; <a href=\"https:\/\/akdenizolaygazetesi.com\/?p=1529\" class=\"more-link\">Devam\u0131n\u0131 Oku&#8230;<\/a><\/p>\n","protected":false},"author":1,"featured_media":0,"comment_status":"open","ping_status":"open","sticky":false,"template":"","format":"standard","meta":[],"categories":[],"tags":[],"_links":{"self":[{"href":"https:\/\/akdenizolaygazetesi.com\/index.php?rest_route=\/wp\/v2\/posts\/1529"}],"collection":[{"href":"https:\/\/akdenizolaygazetesi.com\/index.php?rest_route=\/wp\/v2\/posts"}],"about":[{"href":"https:\/\/akdenizolaygazetesi.com\/index.php?rest_route=\/wp\/v2\/types\/post"}],"author":[{"embeddable":true,"href":"https:\/\/akdenizolaygazetesi.com\/index.php?rest_route=\/wp\/v2\/users\/1"}],"replies":[{"embeddable":true,"href":"https:\/\/akdenizolaygazetesi.com\/index.php?rest_route=%2Fwp%2Fv2%2Fcomments&post=1529"}],"version-history":[{"count":0,"href":"https:\/\/akdenizolaygazetesi.com\/index.php?rest_route=\/wp\/v2\/posts\/1529\/revisions"}],"wp:attachment":[{"href":"https:\/\/akdenizolaygazetesi.com\/index.php?rest_route=%2Fwp%2Fv2%2Fmedia&parent=1529"}],"wp:term":[{"taxonomy":"category","embeddable":true,"href":"https:\/\/akdenizolaygazetesi.com\/index.php?rest_route=%2Fwp%2Fv2%2Fcategories&post=1529"},{"taxonomy":"post_tag","embeddable":true,"href":"https:\/\/akdenizolaygazetesi.com\/index.php?rest_route=%2Fwp%2Fv2%2Ftags&post=1529"}],"curies":[{"name":"wp","href":"https:\/\/api.w.org\/{rel}","templated":true}]}}