{"id":15296,"date":"2021-11-23T10:42:23","date_gmt":"2021-11-23T07:42:23","guid":{"rendered":"http:\/\/akdenizolaygazetesi.com\/?p=15296"},"modified":"2021-11-23T10:42:23","modified_gmt":"2021-11-23T07:42:23","slug":"akdeniz-belediyesinden-dunya-cocuk-haklari-gunu-etkinligi","status":"publish","type":"post","link":"https:\/\/akdenizolaygazetesi.com\/?p=15296","title":{"rendered":"AKDEN\u0130Z BELED\u0130YES\u0130\u2019NDEN \u2018D\u00dcNYA \u00c7OCUK HAKLARI G\u00dcN\u00dc\u2019 ETK\u0130NL\u0130\u011e\u0130"},"content":{"rendered":"<p>Akdeniz Belediyesi K\u00fclt\u00fcr ve Sosyal \u0130\u015fler M\u00fcd\u00fcrl\u00fc\u011f\u00fc, \u201820 Kas\u0131m D\u00fcnya \u00c7ocuk Haklar\u0131 G\u00fcn\u00fc\u2019 dolay\u0131s\u0131yla renkli bir etkinli\u011fe imza at\u0131. Renkli etkinlikte \u00e7ocuklar, halk oyunlar\u0131, m\u00fczik ve tiyatro g\u00f6sterileri ile izleyenlere keyifli dakikalar ya\u015fatt\u0131.<br \/>\n\u00c7ay Mahallesi K\u00fclt\u00fcr ve Sanat Evi&#8217;nde d\u00fczenlenen etkinli\u011fe, Akdeniz Belediye Ba\u015fkan\u0131 Mustafa G\u00fcltak ve Ba\u015fkan Yard\u0131mc\u0131lar\u0131, birim m\u00fcd\u00fcrleri, \u00c7ay Mahallesi Muhtar\u0131 Ahmet Akyol, veliler ile \u00e7ok say\u0131da \u00e7ocuk kat\u0131ld\u0131. Renkli ve e\u011flenceli ge\u00e7en etkinlikte, mahalleli kad\u0131nlar ve \u00e7ocuklar\u0131n yo\u011fun ilgisi ve sevgi g\u00f6sterisiyle kar\u015f\u0131la\u015fan Ba\u015fkan G\u00fcltak, onlarla sohbet etti, hat\u0131ra foto\u011fraflar\u0131 \u00e7ektirdi.<br \/>\nEtkinlikte bir konu\u015fma da yapan Ba\u015fkan G\u00fcltak; d\u00fcnyan\u0131n bir\u00e7ok \u00fclkesinde \u00e7ocuk haklar\u0131n\u0131n ihlal edildi\u011fini belirterek; \u201cKendi b\u00f6lgemizde de \u00e7ocuklar\u0131m\u0131z yeteri kadar imk\u00e2nlara sahip de\u011fil. \u00d6zellikle annelerin, aday oldu\u011fumda benden istekleri vard\u0131. Mahallelerimizde havuz yok dediniz; 2019&#8217;da havuz getirdim. Yak\u0131nda Y\u0131lmaz G\u00fcney Gen\u00e7lik Merkezi bitecek. Orada Akdeniz&#8217;in ilk yar\u0131 olimpik havuzu olacak. \u00c7ocuklar\u0131m\u0131z yaz\u0131n kendi havuzlar\u0131nda y\u00fczecek. K\u0131z \u00e7ocuklar\u0131m\u0131z i\u00e7in misafirhane yap\u0131yoruz. Bir de gen\u00e7lerimizin ders \u00e7al\u0131\u015fmalar\u0131 i\u00e7in muazzam ortamlar yap\u0131yoruz\u201d dedi.<br \/>\n\u00c7ocuklar\u0131n e\u011fitimine \u00f6zel \u00f6nem verdiklerinin alt\u0131n\u0131 \u00e7izen Ba\u015fkan G\u00fcltak; \u201cHer y\u0131l i\u00e7inizden baz\u0131lar\u0131n\u0131z\u0131 Silifke&#8217;ye kamplara g\u00f6t\u00fcr\u00fcyoruz. Ayr\u0131ca g\u00f6kdelenin 29. kat\u0131n\u0131 komple et\u00fct merkezi yapt\u0131k. \u00dcniversiteye haz\u0131rlanan gen\u00e7lerimiz varsa K\u00fclt\u00fcr M\u00fcd\u00fcrl\u00fc\u011f\u00fcm\u00fcze ba\u015fvurabilirler. T\u00fcm dersler mevcut ve \u00fccretsiz. \u00c7\u00fcnk\u00fc biz gen\u00e7lerimizin okumas\u0131n\u0131 istiyoruz. Buradaki \u00e7ocuklar\u0131m\u0131z\u0131 da haz\u0131rlay\u0131p en iyi \u00fcniversiteleri kazanmalar\u0131 sa\u011flamal\u0131y\u0131z. Evlatlar\u0131m\u0131z\u0131n aileleri ve \u00fclkelerine faydalar\u0131 olsun istiyoruz\u201d ifadelerini kulland\u0131.<br \/>\n\u201cAilenin mutlu olmad\u0131\u011f\u0131 yerde toplum da mutlu ve huzurlu olamaz\u201d<br \/>\nBa\u015fkan G\u00fcltak, s\u00f6zlerini \u015f\u00f6yle s\u00fcrd\u00fcrd\u00fc; \u201cBen size bir s\u00f6z verdim. Bir k\u0131sm\u0131n\u0131z inand\u0131, bir k\u0131sm\u0131n\u0131z inanmad\u0131. &#8216;Bu mahallelerde bir insanl\u0131k dram\u0131 ya\u015fan\u0131yor ve ben \u00e7\u00f6zmeye geliyorum&#8217; dedim. S\u00f6z\u00fcmde de duruyorum. \u00c7ocuklara ve kad\u0131nlara \u00f6nem veriyorum. TOK\u0130&#8217;den sonra \u00e7ocuklar\u0131m\u0131z\u0131n daha temiz bir \u015fekilde ya\u015fataca\u011f\u0131n\u0131z alanlar olacak. Ailenin mutlu olmad\u0131\u011f\u0131 bir yerde toplumun mutlu olmas\u0131n\u0131 bekleyemeyiz. Buradaki \u00e7ocuklar dezavantajl\u0131 b\u00f6lgelerde oldu\u011fu i\u00e7in onlara elbette daha fazla \u00f6nem veriyoruz. \u00c7\u00fcnk\u00fc buradaki bar\u0131\u015f\u0131n, huzurun, karde\u015fli\u011fin devam etmesini istiyoruz.\u201d<br \/>\nToplumun e\u011fitim seviyesinin \u00f6nemine de vurgu yapan Ba\u015fkan G\u00fcltak, &#8220;G\u00f6reve geldi\u011fimizden bu yuna aile olgusunu hep \u00f6nemsedik. \u00d6zellikle Akdeniz&#8217;in kad\u0131nlar\u0131na \u00e7ok fazla \u00f6nem g\u00f6steriyoruz. Zira y\u0131llarca bir\u00e7ok \u015feyden geri kalm\u0131\u015flar; ezilmi\u015f ve \u00f6telenmi\u015fler. Uzmanlar\u0131m\u0131z, mahalle kahvehanelerinde, \u015fiddet ve aile i\u00e7i ileti\u015fim konusunda erkeklere ders veriyor. \u00c7\u00fcnk\u00fc \u015fiddete u\u011frayan kad\u0131nlar, \u015fiddeti yapanlar ise erkekler\u201d \u015feklinde konu\u015ftu.<\/p>\n","protected":false},"excerpt":{"rendered":"<p>Akdeniz Belediyesi K\u00fclt\u00fcr ve Sosyal \u0130\u015fler M\u00fcd\u00fcrl\u00fc\u011f\u00fc, \u201820 Kas\u0131m D\u00fcnya \u00c7ocuk Haklar\u0131 G\u00fcn\u00fc\u2019 dolay\u0131s\u0131yla renkli bir etkinli\u011fe imza at\u0131. Renkli etkinlikte \u00e7ocuklar, halk oyunlar\u0131, m\u00fczik ve tiyatro g\u00f6sterileri ile izleyenlere &hellip; <a href=\"https:\/\/akdenizolaygazetesi.com\/?p=15296\" class=\"more-link\">Devam\u0131n\u0131 Oku&#8230;<\/a><\/p>\n","protected":false},"author":2,"featured_media":15297,"comment_status":"open","ping_status":"open","sticky":false,"template":"","format":"standard","meta":[],"categories":[3,5],"tags":[],"_links":{"self":[{"href":"https:\/\/akdenizolaygazetesi.com\/index.php?rest_route=\/wp\/v2\/posts\/15296"}],"collection":[{"href":"https:\/\/akdenizolaygazetesi.com\/index.php?rest_route=\/wp\/v2\/posts"}],"about":[{"href":"https:\/\/akdenizolaygazetesi.com\/index.php?rest_route=\/wp\/v2\/types\/post"}],"author":[{"embeddable":true,"href":"https:\/\/akdenizolaygazetesi.com\/index.php?rest_route=\/wp\/v2\/users\/2"}],"replies":[{"embeddable":true,"href":"https:\/\/akdenizolaygazetesi.com\/index.php?rest_route=%2Fwp%2Fv2%2Fcomments&post=15296"}],"version-history":[{"count":1,"href":"https:\/\/akdenizolaygazetesi.com\/index.php?rest_route=\/wp\/v2\/posts\/15296\/revisions"}],"predecessor-version":[{"id":15298,"href":"https:\/\/akdenizolaygazetesi.com\/index.php?rest_route=\/wp\/v2\/posts\/15296\/revisions\/15298"}],"wp:featuredmedia":[{"embeddable":true,"href":"https:\/\/akdenizolaygazetesi.com\/index.php?rest_route=\/wp\/v2\/media\/15297"}],"wp:attachment":[{"href":"https:\/\/akdenizolaygazetesi.com\/index.php?rest_route=%2Fwp%2Fv2%2Fmedia&parent=15296"}],"wp:term":[{"taxonomy":"category","embeddable":true,"href":"https:\/\/akdenizolaygazetesi.com\/index.php?rest_route=%2Fwp%2Fv2%2Fcategories&post=15296"},{"taxonomy":"post_tag","embeddable":true,"href":"https:\/\/akdenizolaygazetesi.com\/index.php?rest_route=%2Fwp%2Fv2%2Ftags&post=15296"}],"curies":[{"name":"wp","href":"https:\/\/api.w.org\/{rel}","templated":true}]}}