{"id":15299,"date":"2021-11-23T10:43:47","date_gmt":"2021-11-23T07:43:47","guid":{"rendered":"http:\/\/akdenizolaygazetesi.com\/?p=15299"},"modified":"2021-11-23T10:43:47","modified_gmt":"2021-11-23T07:43:47","slug":"tarim-iscileri-buyuksehirin-sicak-corbasiyla-gune-basliyor","status":"publish","type":"post","link":"https:\/\/akdenizolaygazetesi.com\/?p=15299","title":{"rendered":"TARIM \u0130\u015e\u00c7\u0130LER\u0130 B\u00dcY\u00dcK\u015eEH\u0130R\u2019\u0130N SICAK \u00c7ORBASIYLA G\u00dcNE BA\u015eLIYOR"},"content":{"rendered":"<p>Mersin B\u00fcy\u00fck\u015fehir Belediye Ba\u015fkan\u0131 Vahap Se\u00e7er\u2019in g\u00f6reve gelir gelmez uygulamaya koydu\u011fu ve vatanda\u015flardan b\u00fcy\u00fck be\u011feni toplayan \u201c1 Ekmek 1 \u00c7orba\u201d projesi, toplumun her kesimine ula\u015fmaya devam ediyor. Merkezin yan\u0131 s\u0131ra il\u00e7elerde de da\u011f\u0131t\u0131lan \u00e7orbalar, sabah\u0131n erken saatlerinde tarlalara \u00e7al\u0131\u015fmaya giden tar\u0131m i\u015f\u00e7ilerinin de i\u00e7ini \u0131s\u0131t\u0131yor.<br \/>\n\u00c7orba tencereleri payla\u015f\u0131m i\u00e7in kayn\u0131yor<br \/>\nB\u00fcy\u00fck\u015fehir Belediyesi Sosyal Hizmetler Dairesi taraf\u0131ndan y\u00fcr\u00fct\u00fclen \u201c1 Ekmek 1 \u00c7orba\u201d projesi kapsam\u0131nda tar\u0131msal \u00fcretimin yo\u011fun oldu\u011fu Tarsus\u2019ta i\u015f\u00e7i servislerinin s\u0131kl\u0131kla ge\u00e7ti\u011fi noktalarda hafta i\u00e7i 05.00 ile 06.30 saatleri aras\u0131nda \u00e7orba da\u011f\u0131t\u0131m\u0131 yap\u0131l\u0131yor. B\u00fcy\u00fck\u015fehir\u2019in usta a\u015f\u00e7\u0131lar\u0131n\u0131n haz\u0131rlad\u0131\u011f\u0131 s\u0131cak \u00e7orbalar ve MER-EK ekmekleri, g\u00fcn\u00fcn ayd\u0131nlanmad\u0131\u011f\u0131 saatlerde B\u00fcy\u00fck\u015fehir Belediyesi\u2019nin mobil ara\u00e7lar\u0131nda tar\u0131m i\u015f\u00e7ilerine sunuluyor.<br \/>\n\u00c7orba da\u011f\u0131t\u0131m noktalar\u0131<br \/>\nB\u00fcy\u00fck\u015fehir ekipleri, Tarsus\u2019ta hafta i\u00e7in 4 g\u00fcn \u00e7orba da\u011f\u0131t\u0131m\u0131 yap\u0131yor. Pazartesi g\u00fcn\u00fc Fahrettinpa\u015fa Mahallesi Vefa k\u00f6pr\u00fcs\u00fc \u00f6n\u00fcnde, Sal\u0131 g\u00fcn\u00fc Mithatpa\u015fa-Gazipa\u015fa Mahallerinin kesi\u015fme noktas\u0131 olan Mithatpa\u015fa k\u00f6pr\u00fcs\u00fc \u00fczerinde, \u00c7ar\u015famba g\u00fcn\u00fc \u015eahin Mahallesi Sait Polat Bulvar\u0131 \u00fczerinde, Per\u015fembe g\u00fcn\u00fc ise Ye\u015fil Mahalle ile Bah\u00e7e Mahallesi s\u0131n\u0131r\u0131 olan Ertu\u011frul Gazi Caddesi \u00fczerinde s\u0131cak \u00e7orba ve ekmek da\u011f\u0131t\u0131m\u0131 ger\u00e7ekle\u015ftiriyor.<br \/>\nMerkezde ise Pazartesi g\u00fcn\u00fc \u015eevket S\u00fcmer Mahallesi Siteler Karakolu \u00f6n\u00fcnde, Sal\u0131 g\u00fcn\u00fc Kurdali \u0131\u015f\u0131klarda, \u00c7ar\u015famba g\u00fcn\u00fc ise Bekirde yolunda saat 05.00 ile 06.30 saatleri aras\u0131nda s\u0131cak \u00e7orba ve ekmek da\u011f\u0131t\u0131m\u0131 yap\u0131l\u0131yor.<br \/>\n\u201cHer zaman Ba\u015fkan\u0131m\u0131z\u0131n arkas\u0131nday\u0131z\u201d<br \/>\nTar\u0131m sekt\u00f6r\u00fcnde emek harcayan Mehmet Ali Teker, \u201cBize verdi\u011fi hizmetler i\u00e7in Say\u0131n Ba\u015fkan\u0131m\u0131za \u00e7ok te\u015fekk\u00fcr ederim, minnettar\u0131z. Her zaman Ba\u015fkan\u0131m\u0131z\u0131n arkas\u0131nday\u0131z\u201d derken, tar\u0131m emek\u00e7ilerinden Fatma Elmasta\u015f da \u201cTe\u015fekk\u00fcr ederiz. Belediye Ba\u015fkanlar\u0131n\u0131n i\u00e7inde bir tanedir o\u201d ifadelerine yer verdi.<br \/>\n\u201cBir s\u0131cak \u00e7orba g\u00f6n\u00fcl al\u0131yor\u201d<br \/>\nHer sabah erken saatlerde i\u015f\u00e7ileri tarlalara ula\u015ft\u0131ran Murat \u00c7uhadar, \u201cSabah kalkt\u0131\u011f\u0131m\u0131zda etrafta kimse yokken Belediye Ba\u015fkan\u0131m\u0131z\u0131n sayesinde belediye \u00e7al\u0131\u015fanlar\u0131n\u0131n bize \u00e7orba ve ekmek da\u011f\u0131tmas\u0131 \u00e7ok g\u00fczel bir duygu. \u0130nsan kendini yaln\u0131z hissetmiyor. Bir s\u0131cak \u00e7orba g\u00f6n\u00fcl al\u0131yor. Kendisine buradan te\u015fekk\u00fcr ediyoruz\u201d dedi.<\/p>\n","protected":false},"excerpt":{"rendered":"<p>Mersin B\u00fcy\u00fck\u015fehir Belediye Ba\u015fkan\u0131 Vahap Se\u00e7er\u2019in g\u00f6reve gelir gelmez uygulamaya koydu\u011fu ve vatanda\u015flardan b\u00fcy\u00fck be\u011feni toplayan \u201c1 Ekmek 1 \u00c7orba\u201d projesi, toplumun her kesimine ula\u015fmaya devam ediyor. Merkezin yan\u0131 s\u0131ra &hellip; <a href=\"https:\/\/akdenizolaygazetesi.com\/?p=15299\" class=\"more-link\">Devam\u0131n\u0131 Oku&#8230;<\/a><\/p>\n","protected":false},"author":2,"featured_media":15300,"comment_status":"open","ping_status":"open","sticky":false,"template":"","format":"standard","meta":[],"categories":[1,3,5],"tags":[],"_links":{"self":[{"href":"https:\/\/akdenizolaygazetesi.com\/index.php?rest_route=\/wp\/v2\/posts\/15299"}],"collection":[{"href":"https:\/\/akdenizolaygazetesi.com\/index.php?rest_route=\/wp\/v2\/posts"}],"about":[{"href":"https:\/\/akdenizolaygazetesi.com\/index.php?rest_route=\/wp\/v2\/types\/post"}],"author":[{"embeddable":true,"href":"https:\/\/akdenizolaygazetesi.com\/index.php?rest_route=\/wp\/v2\/users\/2"}],"replies":[{"embeddable":true,"href":"https:\/\/akdenizolaygazetesi.com\/index.php?rest_route=%2Fwp%2Fv2%2Fcomments&post=15299"}],"version-history":[{"count":1,"href":"https:\/\/akdenizolaygazetesi.com\/index.php?rest_route=\/wp\/v2\/posts\/15299\/revisions"}],"predecessor-version":[{"id":15301,"href":"https:\/\/akdenizolaygazetesi.com\/index.php?rest_route=\/wp\/v2\/posts\/15299\/revisions\/15301"}],"wp:featuredmedia":[{"embeddable":true,"href":"https:\/\/akdenizolaygazetesi.com\/index.php?rest_route=\/wp\/v2\/media\/15300"}],"wp:attachment":[{"href":"https:\/\/akdenizolaygazetesi.com\/index.php?rest_route=%2Fwp%2Fv2%2Fmedia&parent=15299"}],"wp:term":[{"taxonomy":"category","embeddable":true,"href":"https:\/\/akdenizolaygazetesi.com\/index.php?rest_route=%2Fwp%2Fv2%2Fcategories&post=15299"},{"taxonomy":"post_tag","embeddable":true,"href":"https:\/\/akdenizolaygazetesi.com\/index.php?rest_route=%2Fwp%2Fv2%2Ftags&post=15299"}],"curies":[{"name":"wp","href":"https:\/\/api.w.org\/{rel}","templated":true}]}}