{"id":1530,"date":"2020-11-04T18:22:05","date_gmt":"2020-11-04T15:22:05","guid":{"rendered":"http:\/\/mersinekonomipolitikagazetesi.com\/?p=1530"},"modified":"2020-11-04T18:22:05","modified_gmt":"2020-11-04T15:22:05","slug":"kocamaz-milyonlarca-insanin-vebali-boynumuzda","status":"publish","type":"post","link":"https:\/\/akdenizolaygazetesi.com\/?p=1530","title":{"rendered":"KOCAMAZ: \u201cM\u0130LYONLARCA \u0130NSANIN VEBAL\u0130 BOYNUMUZDA\u201d"},"content":{"rendered":"<p>Mersin B\u00fcy\u00fck\u015fehir Belediyesi personellerine, \u2018Kurumsal Fark\u0131ndal\u0131k Bilgilendirme Toplant\u0131s\u0131\u2019 d\u00fczenlendi. Toplant\u0131ya kat\u0131lan Kocamaz, yapt\u0131klar\u0131 hizmetleri \u00f6ncelikle kendi belediye \u00e7al\u0131\u015fanlar\u0131n\u0131n g\u00f6rmesini ve fark\u0131na varmas\u0131 gerekti\u011fini s\u00f6yledi.<\/p>\n<blockquote type=\"cite\">\n<div>\n<div dir=\"ltr\">\n<div>\n<p><span style=\"font-size:16px;\">Mersin B\u00fcy\u00fck\u015fehir Belediye Ba\u015fkan\u0131 Burhanettin Kocamaz, B\u00fcy\u00fck\u015fehir Belediyesi personellerine y\u00f6nelik d\u00fczenlenen \u2018Kurumsal Fark\u0131ndal\u0131k Bilgilendirme Toplant\u0131s\u0131\u2019na kat\u0131ld\u0131.<\/span><\/p>\n<p><span style=\"font-size:16px;\">Kongre ve Sergi Saray\u0131\u2019nda personellere anlat\u0131lmas\u0131n\u0131 ama\u00e7layan Kurumsal Fark\u0131ndal\u0131k Bilgilendirme Toplant\u0131s\u0131 Mersin B\u00fcy\u00fck\u015fehir Belediye Ba\u015fkan\u0131 Burhanettin Kocamaz ba\u015fkanl\u0131\u011f\u0131nda ger\u00e7ekle\u015fti.<\/span><\/p>\n<p><span style=\"font-size:16px;\">Kocamaz, ger\u00e7ekle\u015ftirilen toplant\u0131da, personellerin etkinli\u011fini, verimlili\u011fini ve motivasyonunu artt\u0131rmay\u0131 kurum k\u00fclt\u00fcr\u00fcn\u00fcn olu\u015fturulmas\u0131n\u0131 sa\u011flamay\u0131 hedefledi\u011fini belirtti.<\/span><\/p>\n<p>\u00a0<\/p>\n<p><span style=\"font-size:16px;\">\u201cYO\u011eUN B\u0130R U\u011eRA\u015e VERD\u0130K\u201d<\/span><\/p>\n<p>\u00a0<\/p>\n<p><span style=\"font-size:16px;\">Kocamaz: \u201cYakla\u015f\u0131k 4 y\u0131ld\u0131r sizlerle birlikte bu kentte ya\u015fayan t\u00fcm insanlar\u0131m\u0131za hizmet etmenin gururunu ya\u015f\u0131yoruz. Bu 4 y\u0131l i\u00e7erisinde s\u0131k\u0131nt\u0131l\u0131 g\u00fcnlerimiz de oldu, mutlu g\u00fcnlerimiz de. Halk\u0131m\u0131zla b\u00fct\u00fcnle\u015fmek, onlar\u0131n taleplerine kar\u015f\u0131l\u0131k vermek, mahalli m\u00fc\u015fterek ihtiya\u00e7lar\u0131 gidermek ve bu kentte birlik ve beraberli\u011fin tesisi konusunda hep birlikte m\u00fccadele etmek i\u00e7in gece g\u00fcnd\u00fcz demede, yo\u011fun bir u\u011fra\u015f verdik\u201d ifadelerini kulland\u0131.<\/span><\/p>\n<p>\u00a0<\/p>\n<p><span style=\"font-size:16px;\">\u201cBELED\u0130YE\u2019Y\u0130 SAH\u0130PLENMEK MECBUR\u0130YET\u0130NDEY\u0130Z\u201d<\/span><\/p>\n<p>\u00a0<\/p>\n<p><span style=\"font-size:16px;\">Kocamaz, ilk g\u00fcnden itibaren halk\u0131n be\u011fenilerinin her ge\u00e7en g\u00fcn biraz daha y\u00fckselmi\u015f durumda oldu\u011funu belirtti. Kocamaz: \u201cZaman zaman kendi yapt\u0131klar\u0131m\u0131zla halk\u0131n g\u00f6z\u00fcndeki durumumuzu, halk\u0131n de\u011ferlendirmesini de tespit ettiriyoruz. Allah\u2019a \u00e7ok \u015f\u00fck\u00fcr ki ilk g\u00fcnden itibaren halk\u0131n be\u011fenileri her ge\u00e7en g\u00fcn biraz daha y\u00fckselmi\u015f durumda. Sizlerin bir\u00e7o\u011fu merkezdesiniz ve di\u011fer il\u00e7elerde neler yap\u0131l\u0131yor, neler yap\u0131lm\u0131yor, belki de bunlar\u0131n fark\u0131nda de\u011filsiniz. Bu toplant\u0131n\u0131n ana amac\u0131, bug\u00fcne kadar yap\u0131lan hizmetleri \u00f6ncelikle kendi Belediye \u00e7al\u0131\u015fanlar\u0131m\u0131z\u0131n g\u00f6rmesini, fark\u0131na varmas\u0131n\u0131 sa\u011flamak.\u00a0 Bu i\u015fin ciddiyetine herkesin varmas\u0131 laz\u0131m. Bu gemiyi hep birlikte limana g\u00f6t\u00fcrmek, yapt\u0131\u011f\u0131m\u0131z i\u015fi ciddiye almak ve yapt\u0131\u011f\u0131m\u0131z i\u015fleri vatanda\u015f\u0131m\u0131za en iyi \u015fekilde anlatmak mecburiyetindeyiz. K\u0131sacas\u0131 bu Belediye\u2019yi sahiplenmek mecburiyetindeyiz\u201d ifadelerini kulland\u0131.<\/span><\/p>\n<p>\u00a0<\/p>\n<p><span style=\"font-size:16px;\">\u201cMERS\u0130N\u2019DE YAPILAMAYAN B\u0130R\u00c7OK \u0130LK\u0130, HAYATA GE\u00c7\u0130RD\u0130K\u201d<\/span><\/p>\n<p>\u00a0<\/p>\n<p><span style=\"font-size:16px;\">Mersin\u2019e fark\u0131ndal\u0131k kazand\u0131rd\u0131\u011f\u0131n\u0131 kaydeden Kocamaz: \u201cBizler \u00f6nce birbirimizi sevece\u011fiz, birbirimize sayg\u0131 g\u00f6sterece\u011fiz, i\u015fimize sayg\u0131 g\u00f6sterece\u011fiz, ekme\u011fimize sahip \u00e7\u0131kaca\u011f\u0131z ve hepsinden \u00f6nemlisi s\u0131rt\u0131m\u0131za y\u00fcklenmi\u015f 1 milyon 800 bin insan\u0131n vebalinden kurtulmak i\u00e7in gayret g\u00f6sterece\u011fiz. Bu ge\u00e7en 4 y\u0131l i\u00e7erisinde ger\u00e7ekten \u00e7ok g\u00fczel g\u00fcnlerimiz oldu\u011fu kadar s\u0131k\u0131nt\u0131l\u0131 g\u00fcnlerimiz de oldu. Mersin\u2019in birlik ve beraberli\u011fine y\u00f6nelik \u00e7al\u0131\u015fmalarda ger\u00e7ekten Mersin\u2019e fark\u0131ndal\u0131k kazand\u0131rd\u0131k. Bug\u00fcne kadar Mersin\u2019de yap\u0131lamayan bir\u00e7ok ilki, hayata ge\u00e7irdik. Bu Belediye\u2019nin halk\u0131n Belediyesi oldu\u011funu vatanda\u015f\u0131m\u0131za ilk defa hissettirdik. Bug\u00fcne kadar Mersin\u2019de yap\u0131lamayan ve yap\u0131lamaz denilen bir\u00e7ok yat\u0131r\u0131ma el att\u0131k.\u201d dedi.<\/span><\/p>\n<p>\u00a0<\/p>\n<p><span style=\"font-size:16px;\">\u201cB\u0130Z\u0130M ASL\u0130 G\u00d6REV\u0130M\u0130Z VATANDA\u015eIN HAYATINI KOLAYLA\u015eTIRMAK\u201d<\/span><\/p>\n<p>\u00a0<\/p>\n<p><span style=\"font-size:16px;\">Ba\u015fkan Kocamaz, 24 y\u0131ll\u0131k Belediyecilik hayat\u0131nda bir\u00e7ok s\u0131k\u0131nt\u0131l\u0131 durum ile kar\u015f\u0131 kar\u015f\u0131ya geldi\u011finin alt\u0131n\u0131 \u00e7izerek: \u201c\u00d6nemli olan bizim vicdan\u0131m\u0131z\u0131n rahat olmas\u0131, vatanda\u015fa verdi\u011fimiz s\u00f6zleri g\u00f6n\u00fcl rahatl\u0131\u011f\u0131yla yerine getirebilmemiz ve hem bize g\u00fcvenenlerin, hem de bizimle yola \u00e7\u0131kanlar\u0131n ba\u015f\u0131n\u0131 yere e\u011fdirmemiz. Belediyecilik di\u011fer devlet memurluklar\u0131na benzemez. Belediyecilikte yeri gelir mesainiz olmaz, di\u011fer devlet memurlar\u0131 8 saat g\u00f6rev yap\u0131p evine giderken, Belediyecilikte ola\u011fan\u00fcst\u00fc durumlarda ister istemez mesainiz uzayabilir. \u00c7\u00fcnk\u00fc bizim asli g\u00f6revimiz vatanda\u015f\u0131n hayat\u0131n\u0131 kolayla\u015ft\u0131rmak, onlar\u0131n problemlerini en k\u0131sa s\u00fcrede en kaliteli bi\u00e7imde \u00e7\u00f6zebilmek\u201d diye belirtti.<\/span><\/p>\n<p>\u00a0<\/p>\n<p><span style=\"font-size:16px;\">\u201cTIRNAKLARIMIZLA KAZIYA KAZIYA BUG\u00dcNLERE GELD\u0130K\u201d<\/span><\/p>\n<p>\u00a0<\/p>\n<p><span style=\"font-size:16px;\">Bug\u00fcne kadar belediyeyi \u00f6n\u00fcne gelenin y\u00f6netti\u011fini belirten Kocamaz: \u201cAncak art\u0131k bu yasayla birlikte deviz de\u011fi\u015fti, bundan sonra bu Belediye\u2019yi, bu memleketin ger\u00e7ek sahipleri, kurtulu\u015f m\u00fccadelesini veren atalar\u0131n torunlar\u0131 hep birlikte y\u00f6netecek, Anamur\u2019dan Tarsus\u2019a; \u00c7aml\u0131yayla\u2019dan Mut\u2019a kadar koskoca bir b\u00f6lgede hizmet vermenin \u00e7ok kolay olmad\u0131\u011f\u0131n\u0131 biliyoruz. Ama biz yarad\u0131l\u0131\u015ftan hep m\u00fccadelelerle, t\u0131rnaklar\u0131m\u0131zla kaz\u0131ya kaz\u0131ya bug\u00fcnlere geldik. Dolay\u0131s\u0131yla bize g\u00fcvenenlerin g\u00fcvenini bo\u015fa \u00e7\u0131karmamak i\u00e7in var g\u00fcc\u00fcm\u00fczle \u00e7al\u0131\u015faca\u011f\u0131z. Bu kentte ya\u015fayan hi\u00e7 kimseyi bir di\u011ferinden ay\u0131rm\u0131yoruz\u201d \u015feklinde konu\u015ftu.<\/span><\/p>\n<\/div>\n<\/div>\n<\/div>\n<\/blockquote>\n","protected":false},"excerpt":{"rendered":"<p>Mersin B\u00fcy\u00fck\u015fehir Belediyesi personellerine, \u2018Kurumsal Fark\u0131ndal\u0131k Bilgilendirme Toplant\u0131s\u0131\u2019 d\u00fczenlendi. Toplant\u0131ya kat\u0131lan Kocamaz, yapt\u0131klar\u0131 hizmetleri \u00f6ncelikle kendi belediye \u00e7al\u0131\u015fanlar\u0131n\u0131n g\u00f6rmesini ve fark\u0131na varmas\u0131 gerekti\u011fini s\u00f6yledi. Mersin B\u00fcy\u00fck\u015fehir Belediye Ba\u015fkan\u0131 Burhanettin Kocamaz, &hellip; <a href=\"https:\/\/akdenizolaygazetesi.com\/?p=1530\" class=\"more-link\">Devam\u0131n\u0131 Oku&#8230;<\/a><\/p>\n","protected":false},"author":1,"featured_media":0,"comment_status":"open","ping_status":"open","sticky":false,"template":"","format":"standard","meta":[],"categories":[],"tags":[],"_links":{"self":[{"href":"https:\/\/akdenizolaygazetesi.com\/index.php?rest_route=\/wp\/v2\/posts\/1530"}],"collection":[{"href":"https:\/\/akdenizolaygazetesi.com\/index.php?rest_route=\/wp\/v2\/posts"}],"about":[{"href":"https:\/\/akdenizolaygazetesi.com\/index.php?rest_route=\/wp\/v2\/types\/post"}],"author":[{"embeddable":true,"href":"https:\/\/akdenizolaygazetesi.com\/index.php?rest_route=\/wp\/v2\/users\/1"}],"replies":[{"embeddable":true,"href":"https:\/\/akdenizolaygazetesi.com\/index.php?rest_route=%2Fwp%2Fv2%2Fcomments&post=1530"}],"version-history":[{"count":0,"href":"https:\/\/akdenizolaygazetesi.com\/index.php?rest_route=\/wp\/v2\/posts\/1530\/revisions"}],"wp:attachment":[{"href":"https:\/\/akdenizolaygazetesi.com\/index.php?rest_route=%2Fwp%2Fv2%2Fmedia&parent=1530"}],"wp:term":[{"taxonomy":"category","embeddable":true,"href":"https:\/\/akdenizolaygazetesi.com\/index.php?rest_route=%2Fwp%2Fv2%2Fcategories&post=1530"},{"taxonomy":"post_tag","embeddable":true,"href":"https:\/\/akdenizolaygazetesi.com\/index.php?rest_route=%2Fwp%2Fv2%2Ftags&post=1530"}],"curies":[{"name":"wp","href":"https:\/\/api.w.org\/{rel}","templated":true}]}}