{"id":15308,"date":"2021-11-23T12:40:20","date_gmt":"2021-11-23T09:40:20","guid":{"rendered":"http:\/\/akdenizolaygazetesi.com\/?p=15308"},"modified":"2021-11-23T12:40:20","modified_gmt":"2021-11-23T09:40:20","slug":"gultak-ogretmenler-gununu-kutladi","status":"publish","type":"post","link":"https:\/\/akdenizolaygazetesi.com\/?p=15308","title":{"rendered":"G\u00dcLTAK, \u00d6\u011eRETMENLER G\u00dcN\u00dc\u2019N\u00dc KUTLADI"},"content":{"rendered":"<p>Ba\u015fkan G\u00fcltak; \u201824 Kas\u0131m \u00d6\u011fretmenler G\u00fcn\u00fc\u2019 dolay\u0131s\u0131yla yay\u0131nlad\u0131\u011f\u0131 mesaj\u0131nda; \u00f6\u011fretmenlik mesle\u011finin sayg\u0131nl\u0131\u011f\u0131 ve \u00f6nemine dikkat \u00e7ekti, belediye olarak e\u011fitimcilerin ve e\u011fitim s\u00fcrecinin her zaman yan\u0131nda olup destek vereceklerini ifade etti.<\/p>\n<p>Akdeniz Belediye Ba\u015fkan\u0131 M. Mustafa G\u00fcltak, mesaj\u0131nda; \u00f6\u011fretmenlik mesle\u011finin \u00f6nemine dikkat \u00e7ekti, e\u011fitimin ve e\u011fitimcinin yan\u0131nda olduklar\u0131n\u0131n alt\u0131n\u0131 \u00e7izdi. \u00d6\u011fretmenli\u011fin; b\u00fcy\u00fck bir fedak\u00e2rl\u0131k, \u00f6zveri ve sab\u0131r gerektiren en onurlu mesleklerden biri oldu\u011funu vurgulayan Ba\u015fkan Mustafa G\u00fcltak; \u201cAkdeniz\u2019de bulunan t\u00fcm e\u011fitim yuvalar\u0131m\u0131z\u0131 ziyaret ederek \u00f6\u011fretmenlerimizin taleplerini dinliyor, belediyemiz imk\u00e2nlar\u0131 \u00f6l\u00e7\u00fcs\u00fcnde de yerine getiriyoruz. Zira e\u011fitim; yar\u0131nlar\u0131m\u0131z\u0131 do\u011fru, g\u00fc\u00e7l\u00fc ve kararl\u0131 bir \u015fekilde in\u015fa etmemize olanak sa\u011flayan en \u00f6nemli aland\u0131r\u201d dedi.<\/p>\n<p>\u201c\u00d6\u011fretmenlerimizin her zaman yan\u0131nday\u0131z\u201d<\/p>\n<p>Ba\u015fkan G\u00fcltak; Akdeniz\u2019de g\u00f6reve gelir gelmez, \u2018Ba\u015fkan Okulda\u2019 projesini hayata katt\u0131klar\u0131n\u0131 da kaydederek, okullar\u0131n boya, badana ve tadilat ihtiya\u00e7lar\u0131n\u0131n belediye ekiplerince yerine getirilmesini sa\u011flad\u0131klar\u0131n\u0131 hat\u0131rlatt\u0131. Mesaj\u0131nda; \u201cE\u011fitimde f\u0131rsat e\u015fitli\u011fine ve okullar\u0131m\u0131z\u0131n fiziksel ko\u015fullar\u0131n\u0131n iyile\u015ftirilmesine \u00f6zel \u00f6nem veriyoruz\u201d diyen Ba\u015fkan Mustafa G\u00fcltak, \u015fu ifadeleri kaydetti; \u201cSayg\u0131de\u011fer \u00f6\u011fretmenlerimiz ve e\u011fitim yuvalar\u0131m\u0131z i\u00e7in imk\u00e2nlar\u0131m\u0131z\u0131 seferber etmeye devam edece\u011fiz. \u00c7\u00fcnk\u00fc muas\u0131r medeniyetler seviyesine ula\u015fmak, e\u011fitimin kalitesini y\u00fckseltmekle m\u00fcmk\u00fcn olacakt\u0131r. Vatan\u0131m\u0131z\u0131n d\u00f6rt bir yan\u0131nda, zorlu ko\u015fullar alt\u0131nda mesle\u011fi hakk\u0131yla ifa eden, en k\u0131ymetli varl\u0131\u011f\u0131m\u0131z olan \u00e7ocuklar\u0131m\u0131za, milli, manevi ve k\u00fclt\u00fcrel de\u011ferlerimizi a\u015f\u0131lay\u0131p onlar\u0131 gelece\u011fe g\u00fc\u00e7l\u00fc bireyler olarak haz\u0131rlayan elleri \u00f6p\u00fclesi \u00f6\u011fretmenlerimizin, \u201824 Kas\u0131m \u00d6\u011fretmenler G\u00fcn\u00fc\u2019n\u00fc tebrik ediyorum. Sevgili \u00f6\u011fretmenlerimiz Ayb\u00fcke Yal\u00e7\u0131n ve Necmettin Y\u0131lmaz \u015fahs\u0131nda; ter\u00f6r \u00f6rg\u00fct\u00fc taraf\u0131ndan \u015eehit edilip vatan topra\u011f\u0131na emanet etti\u011fimiz t\u00fcm \u00f6\u011fretmenlerimizi sayg\u0131 ve \u00f6zlemle an\u0131yor, Allah\u2019tan rahmet, yak\u0131nlar\u0131na sab\u0131r diliyorum.\u201d<\/p>\n","protected":false},"excerpt":{"rendered":"<p>Ba\u015fkan G\u00fcltak; \u201824 Kas\u0131m \u00d6\u011fretmenler G\u00fcn\u00fc\u2019 dolay\u0131s\u0131yla yay\u0131nlad\u0131\u011f\u0131 mesaj\u0131nda; \u00f6\u011fretmenlik mesle\u011finin sayg\u0131nl\u0131\u011f\u0131 ve \u00f6nemine dikkat \u00e7ekti, belediye olarak e\u011fitimcilerin ve e\u011fitim s\u00fcrecinin her zaman yan\u0131nda olup destek vereceklerini ifade etti. &hellip; <a href=\"https:\/\/akdenizolaygazetesi.com\/?p=15308\" class=\"more-link\">Devam\u0131n\u0131 Oku&#8230;<\/a><\/p>\n","protected":false},"author":2,"featured_media":15309,"comment_status":"open","ping_status":"open","sticky":false,"template":"","format":"standard","meta":[],"categories":[3,5],"tags":[],"_links":{"self":[{"href":"https:\/\/akdenizolaygazetesi.com\/index.php?rest_route=\/wp\/v2\/posts\/15308"}],"collection":[{"href":"https:\/\/akdenizolaygazetesi.com\/index.php?rest_route=\/wp\/v2\/posts"}],"about":[{"href":"https:\/\/akdenizolaygazetesi.com\/index.php?rest_route=\/wp\/v2\/types\/post"}],"author":[{"embeddable":true,"href":"https:\/\/akdenizolaygazetesi.com\/index.php?rest_route=\/wp\/v2\/users\/2"}],"replies":[{"embeddable":true,"href":"https:\/\/akdenizolaygazetesi.com\/index.php?rest_route=%2Fwp%2Fv2%2Fcomments&post=15308"}],"version-history":[{"count":1,"href":"https:\/\/akdenizolaygazetesi.com\/index.php?rest_route=\/wp\/v2\/posts\/15308\/revisions"}],"predecessor-version":[{"id":15310,"href":"https:\/\/akdenizolaygazetesi.com\/index.php?rest_route=\/wp\/v2\/posts\/15308\/revisions\/15310"}],"wp:featuredmedia":[{"embeddable":true,"href":"https:\/\/akdenizolaygazetesi.com\/index.php?rest_route=\/wp\/v2\/media\/15309"}],"wp:attachment":[{"href":"https:\/\/akdenizolaygazetesi.com\/index.php?rest_route=%2Fwp%2Fv2%2Fmedia&parent=15308"}],"wp:term":[{"taxonomy":"category","embeddable":true,"href":"https:\/\/akdenizolaygazetesi.com\/index.php?rest_route=%2Fwp%2Fv2%2Fcategories&post=15308"},{"taxonomy":"post_tag","embeddable":true,"href":"https:\/\/akdenizolaygazetesi.com\/index.php?rest_route=%2Fwp%2Fv2%2Ftags&post=15308"}],"curies":[{"name":"wp","href":"https:\/\/api.w.org\/{rel}","templated":true}]}}