{"id":1531,"date":"2020-11-04T18:22:05","date_gmt":"2020-11-04T15:22:05","guid":{"rendered":"http:\/\/mersinekonomipolitikagazetesi.com\/?p=1531"},"modified":"2020-11-04T18:22:05","modified_gmt":"2020-11-04T15:22:05","slug":"saglik-calisanlari-tukenmislik-sinirinda-yasiyor","status":"publish","type":"post","link":"https:\/\/akdenizolaygazetesi.com\/?p=1531","title":{"rendered":"\u201cSA\u011eLIK \u00c7ALI\u015eANLARI T\u00dcKENM\u0130\u015eL\u0130K SINIRINDA YA\u015eIYOR\u201d"},"content":{"rendered":"<p>14 Mart T\u0131p Bayram\u0131 Sa\u011fl\u0131k-Sen Mersin \u015eube Ba\u015fkan\u0131 \u015eemsettin Karado\u011fan \u00f6nc\u00fcl\u00fc\u011f\u00fcnde kutlanarak, \u201cSa\u011fl\u0131k \u00e7al\u0131\u015fanlar\u0131n\u0131n sorunlar\u0131 \u00e7\u00f6z\u00fcm\u00fcne, beklentilerinin kar\u015f\u0131lanmas\u0131na ve vesile olmas\u0131n\u0131 diliyoruz\u201d dedi.<\/p>\n<div>\n<div>\n<div>\n<div>\n<div>\n<div>\n<div>\n<div>\n<div>\n<div>\n<div>\n<div id=\":4\">\n<div id=\":2\">\n<div>\n<div role=\"main\">\n<div>\n<table cellpadding=\"0\" role=\"presentation\" style=\"width:1630px;\">\n<tbody>\n<tr>\n<td>\n<div>\n<div>\n<div>\n<div role=\"list\">\n<div role=\"listitem\" style=\"clear:both;\" tabindex=\"-1\">\n<div>\n<div>\n<div id=\":133\">\n<div data-legacy-message-id=\"162247da5a3fcd5a\" data-message-id=\"162247da5a3fcd5a\">\n<div style=\"margin-left:44px;\">\n<div id=\":13f\">\n<div id=\":13g\">\n<div dir=\"ltr\">\n<div>\n<div dir=\"auto\">\n<div>\n<blockquote type=\"cite\">\n<div dir=\"ltr\">\n<p><span style=\"font-size:16px;\">Sa\u011fl\u0131k-Sen Mersin \u015eubesi 14 Mart T\u0131p Bayram\u0131 ile ilgili a\u00e7\u0131klama d\u00fczenledi.<\/span><\/p>\n<p><span style=\"font-size:16px;\">\u015eube ad\u0131na a\u00e7\u0131klamay\u0131 yapan ba\u015fkan \u015eemsettin Karado\u011fan, sa\u011fl\u0131k \u00e7al\u0131\u015fanlar\u0131n\u0131n eme\u011fi kutsal oldu\u011funu kaydetti.<\/span><\/p>\n<p><span style=\"font-size:16px;\">14 Mart t\u0131p haftas\u0131 olarak kabul edilen kutlama i\u00e7in Karado\u011fan, sa\u011fl\u0131k \u00e7al\u0131\u015fanlar\u0131 14 Mart T\u0131p Bayram\u0131\u2019nda, ya\u015fad\u0131klar\u0131 sorunlar\u0131n \u00e7\u00f6z\u00fcm\u00fcne y\u00f6nelik m\u00fcjde beklemekte\u00a0 oldu\u011funu ve bayram\u0131 ger\u00e7ek anlamda ya\u015famak istediklerini vurgulad\u0131.<\/span><\/p>\n<p>\u00a0<\/p>\n<p><span style=\"font-size:16px;\">\u201cSA\u011eLIK \u00c7ALI\u015eANLARI A\u011eIR \u0130\u015e Y\u00dcK\u00dc ALTINDA T\u00dcKENM\u0130\u015eL\u0130K SINIRINDA YA\u015eIYOR\u201d<\/span><\/p>\n<p>\u00a0<\/p>\n<p><span style=\"font-size:16px;\">Sa\u011fl\u0131kta d\u00f6n\u00fc\u015f\u00fcm\u00fcn mimar\u0131 olan sa\u011fl\u0131k \u00e7al\u0131\u015fanlar\u0131 bu \u00e7al\u0131\u015fmalar\u0131n\u0131n kar\u015f\u0131l\u0131\u011f\u0131n\u0131 alamad\u0131\u011f\u0131n\u0131 ve hasta memnuniyeti ve sa\u011fl\u0131k hizmetlerine eri\u015fim artt\u0131\u011f\u0131n\u0131, sa\u011fl\u0131k kurumlar\u0131na \u015fehir hastaneleri ba\u015fta olmak \u00fczere yeni tesisler eklenirken sa\u011fl\u0131k \u00e7al\u0131\u015fanlar\u0131n\u0131n say\u0131s\u0131 ayn\u0131 oranda art\u0131\u011f\u0131n\u0131 dile getiren Karado\u011fan \u201cA\u011f\u0131r i\u015f y\u00fck\u00fc alt\u0131nda t\u00fckenmi\u015flik s\u0131n\u0131r\u0131nda ya\u015fayan sa\u011fl\u0131k \u00e7al\u0131\u015fanlar\u0131 sorunlar\u0131na acilen \u00e7\u00f6z\u00fcm bulunmas\u0131n\u0131 beklemektedir. D\u00f6rt y\u0131l \u00f6nce sendikam\u0131z Sa\u011fl\u0131k-Sen program\u0131nda Cumhurba\u015fkan\u0131m\u0131z Recep Tayyip Erdo\u011fan taraf\u0131ndan s\u00f6z\u00fc verilen ve k\u0131sa bir s\u00fcre \u00f6nce de ilgili bakanl\u0131klar taraf\u0131ndan \u00e7al\u0131\u015fmalar\u0131 tamamlanan y\u0131pranma pay\u0131n\u0131n sendikac\u0131l\u0131k tarihinde bir d\u00f6n\u00fcm noktas\u0131 oldu\u011funu s\u00f6yleyebiliriz. Cumhurba\u015fkan\u0131m\u0131z Recep Tayyip Erdo\u011fan taraf\u0131ndan hayata ge\u00e7mesinin m\u00fcjdelenece\u011fini bekledi\u011fimiz y\u0131pranma pay\u0131n\u0131n, son derece \u00f6nemli ve de\u011ferli bir kazan\u0131m olarak 500 bine yak\u0131n sa\u011fl\u0131k \u00e7al\u0131\u015fan\u0131m\u0131z\u0131 ilgilendirece\u011fi muhakkakt\u0131r.\u201d ifadelerini kulland\u0131.<\/span><\/p>\n<p>\u00a0<\/p>\n<p><span style=\"font-size:16px;\">\u201cM\u00dcCADELEM\u0130Z TEREDD\u00dcTS\u00dcZ \u015eEK\u0130LDE VE AYNI KARARLILIKLA DEVAM EDECEKT\u0130R\u201d<\/span><\/p>\n<p>\u00a0<\/p>\n<p><span style=\"font-size:16px;\">Konu\u015fmas\u0131na devam eden Karado\u011fan, \u201cNitekim sa\u011fl\u0131k \u00e7al\u0131\u015fanlar\u0131m\u0131z, yo\u011fun sendikal bask\u0131lar\u0131m\u0131z neticesinde her f\u0131rsatta, her kazan\u0131m\u0131m\u0131za kar\u015f\u0131n kamu kaynaklar\u0131n\u0131n etkin kullan\u0131m\u0131n\u0131 gerek\u00e7e g\u00f6steren Maliye Bakanl\u0131\u011f\u0131\u2019n\u0131n bu konuda da diren\u00e7 g\u00f6stererek haz\u0131rl\u0131klar\u0131n\u0131 nihayet tamamlad\u0131\u011f\u0131na \u015fahitlik etti. Her \u015feye ra\u011fmen, hak arama ve hak alma m\u00fccadelesinde y\u0131pranma pay\u0131n\u0131n<\/span><\/p>\n<p><span style=\"font-size:16px;\">hayata ge\u00e7ecek olmas\u0131 bizlere yepyeni kazan\u0131mlar i\u00e7in \u00f6nemli bir motivasyon kayna\u011f\u0131 olacakt\u0131r. Y\u0131pranma pay\u0131n\u0131n \u00f6nemli ayr\u0131nt\u0131lar i\u00e7erecek olmas\u0131 ve muhtemel eksikliklerin giderilmesi i\u00e7in de sendikal m\u00fccadelemiz teredd\u00fcts\u00fcz \u015fekilde ve ayn\u0131 kararl\u0131l\u0131kla devam edecektir.\u201d dedi.<\/span><\/p>\n<p>\u00a0<\/p>\n<p><span style=\"font-size:16px;\">\u201cSA\u011eLIK H\u0130ZMETLER\u0130NDE YEN\u0130 PERSONEL ALIMLARINA G\u0130D\u0130LMEL\u0130D\u0130R\u201d<\/span><\/p>\n<p>\u00a0<\/p>\n<p><span style=\"font-size:16px;\">Sa\u011fl\u0131k \u00e7al\u0131\u015fanlar\u0131n\u0131n bir di\u011fer \u00f6nemli sorununu kaydeden Karado\u011fan, adaletsiz ve kimsenin memnun olmad\u0131\u011f\u0131 performans sistemi oldu\u011funu dile getirerek \u201cSabit \u00f6demenin d\u0131\u015f\u0131nda ek \u00f6deme verilemez duruma gelen performans sistemi acilen hakkaniyetli bir \u015fekilde yeniden d\u00fczenlenmeli, ma\u011fduriyetler giderilmelidir. Bunun yan\u0131 s\u0131ra sa\u011fl\u0131k \u00e7al\u0131\u015fanlar\u0131n\u0131n emeklilikte ya\u015fad\u0131klar\u0131 d\u00fc\u015f\u00fck emekli maa\u015f\u0131 ma\u011fduriyeti de, ek \u00f6demelerin emeklili\u011fe yans\u0131t\u0131lmas\u0131yla \u00e7\u00f6z\u00fclmeli, sa\u011fl\u0131k \u00e7al\u0131\u015fanlar\u0131n\u0131n emekli maa\u015flar\u0131nda ayr\u0131ca art\u0131\u015f yap\u0131lmal\u0131d\u0131r. Sa\u011fl\u0131k \u00e7al\u0131\u015fanlar\u0131n\u0131n i\u015f y\u00fck\u00fcn\u00fcn artmas\u0131na sebep olan yetersiz istihdam konusu da \u00e7\u00f6z\u00fcme kavu\u015fturulmal\u0131, sa\u011fl\u0131k hizmetlerinde yeni personel al\u0131mlar\u0131na gidilmelidir. Yeni al\u0131mlar sa\u011fl\u0131k \u00e7al\u0131\u015fanlar\u0131n\u0131n i\u015f y\u00fck\u00fcn\u00fcn azalmas\u0131na katk\u0131 yapaca\u011f\u0131 gibi, atama bekleyen sa\u011fl\u0131k\u00e7\u0131lar\u0131n istihdam\u0131yla da ba\u015fka bir ma\u011fduriyeti giderecektir.\u201d \u015feklinde konu\u015ftu.<\/span><\/p>\n<p>\u00a0<\/p>\n<p><span style=\"font-size:16px;\">\u201c24 SAAT H\u0130ZMET VER\u0130LEN YERLERDE 24 SAAT A\u00c7IK KRE\u015eLER OLMALIDIR\u201d<\/span><\/p>\n<p>\u00a0<\/p>\n<p><span style=\"font-size:16px;\">Karado\u011fan, Sa\u011fl\u0131kta farkl\u0131 istihdam modellerine son vermeleri gerekti\u011fine dikkat \u00e7ekerek t\u00fcm sa\u011fl\u0131k \u00e7al\u0131\u015fanlar\u0131 hangi kadroda olursa olsun s\u00f6zle\u015fmeli stat\u00fcde de\u011fil de istisnas\u0131z 657 Say\u0131l\u0131 Devlet Memurlar\u0131 Kanunu\u2019nun 4\/A kadrosunda istihdam edilmesini belirtti. Sa\u011fl\u0131k \u00e7al\u0131\u015fanlar\u0131n\u0131n \u00e7\u00f6z\u00fcm bekleyen bir ba\u015fka sorunu kaydeden Karado\u011fan, \u201cN\u00f6bet \u00fccretlerinin art\u0131r\u0131lmas\u0131, kre\u015f sorununun \u00e7\u00f6z\u00fclmesidir. 24 saat kesintisiz hizmet veren sa\u011fl\u0131k \u00e7al\u0131\u015fanlar\u0131, tuttuklar\u0131 n\u00f6betin kar\u015f\u0131l\u0131\u011f\u0131n\u0131 alamamakta, ayr\u0131ca bu n\u00f6betlerinde \u00e7ocuklar\u0131n\u0131 b\u0131rakacak yer sorunu ya\u015famaktad\u0131r. Sa\u011fl\u0131k kurum ve kurulu\u015flar\u0131nda kre\u015f a\u00e7\u0131lmas\u0131 konusundaki kararl\u0131l\u0131k s\u00fcrmeli, 24 saat hizmet verilen yerlerde 24 saat a\u00e7\u0131k kre\u015fler olmal\u0131d\u0131r.\u201d ifadelerini kuland\u0131.<\/span><\/p>\n<p>\u00a0<\/p>\n<p><span style=\"font-size:16px;\">\u201cSA\u011eLIK \u00c7ALI\u015eANLARININ MESLEK\u0130 SAYGINLI\u011eI KORUNMALIDIR\u201d<\/span><\/p>\n<p>\u00a0<\/p>\n<p><span style=\"font-size:16px;\">Karado\u011fan, \u201cSa\u011fl\u0131kta \u015fiddet konusu ise, kangren olmu\u015f, b\u0131\u00e7a\u011f\u0131n kemi\u011fe dayand\u0131\u011f\u0131 bir konudur. \u015eiddetin \u00f6nlenmesine y\u00f6nelik toplumsal bilincin art\u0131r\u0131lmas\u0131na y\u00f6nelik kamu spotlar\u0131 benzer \u00e7al\u0131\u015fmalar yap\u0131lmal\u0131, ba\u015fta acil servisler olmak \u00fczere \u015fiddetin ya\u015fand\u0131\u011f\u0131 yerlerde fiziki \u00f6nlemler de al\u0131nmal\u0131d\u0131r. \u015eiddetin \u00f6nlenmesine y\u00f6nelik cayd\u0131r\u0131c\u0131 yasal m\u00fceyyideler hayata ge\u00e7meli, bunlar\u0131n uygulanmas\u0131nda kararl\u0131 olunmal\u0131d\u0131r. Sa\u011fl\u0131k \u00e7al\u0131\u015fanlar\u0131n\u0131n mesleki sayg\u0131nl\u0131\u011f\u0131 korunmal\u0131d\u0131r. \u00d6zellikle medyada, internet sitelerinde ve kamuoyunda kay\u0131ts\u0131z-\u015farts\u0131z hesap sorulabilen, s\u00f6zel veya fiziki \u015fiddet uygulanabilen, her zaman her yere hi\u00e7bir delil g\u00f6sterilmeden rahatl\u0131kla \u015fikayet edilebilen, bu \u015fikayetlerle bo\u011fu\u015fmaya mecbur edilebilecek sa\u011fl\u0131k \u00e7al\u0131\u015fan\u0131 fig\u00fcr\u00fcne, olu\u015fan alg\u0131ya son verilmelidir.\u201d c\u00fcmleleri yer ald\u0131.<\/span><\/p>\n<p>\u00a0<\/p>\n<p><span style=\"font-size:16px;\">\u201cSA\u011eLIK H\u0130ZMET\u0130, B\u0130R EK\u0130P \u0130\u015e\u0130D\u0130R\u201d<\/span><\/p>\n<p>\u00a0<\/p>\n<p><span style=\"font-size:16px;\">14 Mart T\u0131p Bayramlar\u0131, sadece hekim bayram\u0131 olmad\u0131\u011f\u0131n\u0131 ve bu y\u00f6nde<\/span><\/p>\n<p><span style=\"font-size:16px;\">a\u00e7\u0131klamada bulunulmas\u0131 gerekti\u011fini belirten Karado\u011fan, \u201cSa\u011fl\u0131k hizmeti, bir ekip i\u015fidir. Doktor, hem\u015fire, sa\u011fl\u0131k memuru, laborant, paramedik dahil bu hizmetin sunulmas\u0131nda yer alan herkes bu ekibin bir par\u00e7as\u0131d\u0131r. Sorunlar\u0131n \u00e7\u00f6z\u00fcm\u00fcnde de sadece bir meslek grubuna odakl\u0131 davran\u0131lmamal\u0131d\u0131r. Bu duygu ve d\u00fc\u015f\u00fcncelerle b\u00fct\u00fcn sa\u011fl\u0131k \u00e7al\u0131\u015fanlar\u0131m\u0131z\u0131n 14 Mart T\u0131p Bayram\u0131\u2019n\u0131 kutluyor, sorunlar\u0131n\u0131n \u00e7\u00f6z\u00fcm\u00fcne, beklentilerinin kar\u015f\u0131lanmas\u0131na vesile olmas\u0131n\u0131 diliyoruz.\u201d diyerek son c\u00fcmlelerini tamamlad\u0131.<\/span><\/p>\n<\/p><\/div>\n<\/blockquote><\/div>\n<\/p><\/div>\n<\/p><\/div>\n<\/p><\/div>\n<\/p><\/div>\n<\/p><\/div>\n<\/p><\/div>\n<\/p><\/div>\n<\/p><\/div>\n<\/p><\/div>\n<\/p><\/div>\n<\/p><\/div>\n<\/p><\/div>\n<\/p><\/div>\n<\/p><\/div>\n<\/p><\/div>\n<\/td>\n<\/tr>\n<\/tbody>\n<\/table>\n<\/div>\n<\/div>\n<\/div>\n<\/div>\n<\/div>\n<\/div>\n<\/div>\n<\/div>\n<\/div>\n<\/div>\n<\/div>\n<\/div>\n<\/div>\n<\/div>\n<\/div>\n<\/div>\n","protected":false},"excerpt":{"rendered":"<p>14 Mart T\u0131p Bayram\u0131 Sa\u011fl\u0131k-Sen Mersin \u015eube Ba\u015fkan\u0131 \u015eemsettin Karado\u011fan \u00f6nc\u00fcl\u00fc\u011f\u00fcnde kutlanarak, \u201cSa\u011fl\u0131k \u00e7al\u0131\u015fanlar\u0131n\u0131n sorunlar\u0131 \u00e7\u00f6z\u00fcm\u00fcne, beklentilerinin kar\u015f\u0131lanmas\u0131na ve vesile olmas\u0131n\u0131 diliyoruz\u201d dedi. Sa\u011fl\u0131k-Sen Mersin \u015eubesi 14 Mart T\u0131p Bayram\u0131 &hellip; <a href=\"https:\/\/akdenizolaygazetesi.com\/?p=1531\" class=\"more-link\">Devam\u0131n\u0131 Oku&#8230;<\/a><\/p>\n","protected":false},"author":1,"featured_media":0,"comment_status":"open","ping_status":"open","sticky":false,"template":"","format":"standard","meta":[],"categories":[],"tags":[],"_links":{"self":[{"href":"https:\/\/akdenizolaygazetesi.com\/index.php?rest_route=\/wp\/v2\/posts\/1531"}],"collection":[{"href":"https:\/\/akdenizolaygazetesi.com\/index.php?rest_route=\/wp\/v2\/posts"}],"about":[{"href":"https:\/\/akdenizolaygazetesi.com\/index.php?rest_route=\/wp\/v2\/types\/post"}],"author":[{"embeddable":true,"href":"https:\/\/akdenizolaygazetesi.com\/index.php?rest_route=\/wp\/v2\/users\/1"}],"replies":[{"embeddable":true,"href":"https:\/\/akdenizolaygazetesi.com\/index.php?rest_route=%2Fwp%2Fv2%2Fcomments&post=1531"}],"version-history":[{"count":0,"href":"https:\/\/akdenizolaygazetesi.com\/index.php?rest_route=\/wp\/v2\/posts\/1531\/revisions"}],"wp:attachment":[{"href":"https:\/\/akdenizolaygazetesi.com\/index.php?rest_route=%2Fwp%2Fv2%2Fmedia&parent=1531"}],"wp:term":[{"taxonomy":"category","embeddable":true,"href":"https:\/\/akdenizolaygazetesi.com\/index.php?rest_route=%2Fwp%2Fv2%2Fcategories&post=1531"},{"taxonomy":"post_tag","embeddable":true,"href":"https:\/\/akdenizolaygazetesi.com\/index.php?rest_route=%2Fwp%2Fv2%2Ftags&post=1531"}],"curies":[{"name":"wp","href":"https:\/\/api.w.org\/{rel}","templated":true}]}}