{"id":15313,"date":"2021-11-24T12:02:15","date_gmt":"2021-11-24T09:02:15","guid":{"rendered":"http:\/\/akdenizolaygazetesi.com\/?p=15313"},"modified":"2021-11-24T12:02:15","modified_gmt":"2021-11-24T09:02:15","slug":"akdenizde-vezneler-hafta-sonu-acik-olacak","status":"publish","type":"post","link":"https:\/\/akdenizolaygazetesi.com\/?p=15313","title":{"rendered":"AKDEN\u0130Z\u2019DE VEZNELER HAFTA SONU A\u00c7IK OLACAK"},"content":{"rendered":"<p>Akdeniz Belediyesi\u2019nden yap\u0131lan a\u00e7\u0131klamada, Emlak, \u00c7evre Temizlik ve \u0130lan Reklam Vergileri\u2019nin 2021 y\u0131l\u0131 ikinci taksit \u00f6demeleri ile 7326 Say\u0131l\u0131 Yap\u0131land\u0131rma Kanunu gere\u011fi ikinci taksitinin \u00f6denmesi s\u00fcresinin 30 Kas\u0131m 2021 tarihinde sona erece\u011fi duyuruldu.<br \/>\nAkdeniz Belediyesi Mali Hizmetler M\u00fcd\u00fcrl\u00fc\u011f\u00fc taraf\u0131ndan, vergi m\u00fckellefi vatanda\u015flara yap\u0131lan duyuruda, Emlak, \u00c7evre Temizlik ve \u0130lan Reklam Vergileri\u2019nin 2021 y\u0131l\u0131 ikinci taksit \u00f6demeleri ile \u20187326 Say\u0131l\u0131 Yap\u0131land\u0131rma Kanunu\u2019 gere\u011fi ikinci taksitinin \u00f6denmesi s\u00fcresinin 30 Kas\u0131m 2021 tarihinde sona erece\u011fi hat\u0131rlat\u0131ld\u0131.<br \/>\nVezneler hafta sonu a\u00e7\u0131k olacak<br \/>\nDuyuruda; vergi m\u00fckellefi vatanda\u015flar\u0131n s\u00f6z konusu bor\u00e7, vergi ve \u00f6demelerini; belediye veznelerinin yan\u0131 s\u0131ra, www.akdeniz.bel.tr internet adresi \u00fczerinden de yapabilecekleri ifade edildi.<br \/>\nA\u00e7\u0131klamada ayr\u0131ca, m\u00fckelleflerin ad\u0131 ge\u00e7en bor\u00e7 ve vergi bor\u00e7lar\u0131n\u0131 kanunla belirlenen yasal s\u00fcre dolmadan yapabilmeleri ve pandemi \u00f6nlemleri kapsam\u0131nda olas\u0131 kalabal\u0131klar\u0131 \u00f6nlemek amac\u0131yla, 27-28 Kas\u0131m 2021 (Cumartesi ve Pazar) g\u00fcnlerinde, 10:00 ila 16:00 saatleri aras\u0131nda Akdeniz Belediyesi merkez binada bulunan veznelerin de a\u00e7\u0131k olup vatanda\u015flara hizmet verece\u011fi kaydedildi. <\/p>\n","protected":false},"excerpt":{"rendered":"<p>Akdeniz Belediyesi\u2019nden yap\u0131lan a\u00e7\u0131klamada, Emlak, \u00c7evre Temizlik ve \u0130lan Reklam Vergileri\u2019nin 2021 y\u0131l\u0131 ikinci taksit \u00f6demeleri ile 7326 Say\u0131l\u0131 Yap\u0131land\u0131rma Kanunu gere\u011fi ikinci taksitinin \u00f6denmesi s\u00fcresinin 30 Kas\u0131m 2021 tarihinde &hellip; <a href=\"https:\/\/akdenizolaygazetesi.com\/?p=15313\" class=\"more-link\">Devam\u0131n\u0131 Oku&#8230;<\/a><\/p>\n","protected":false},"author":2,"featured_media":15314,"comment_status":"open","ping_status":"open","sticky":false,"template":"","format":"standard","meta":[],"categories":[8,2,3,5],"tags":[],"_links":{"self":[{"href":"https:\/\/akdenizolaygazetesi.com\/index.php?rest_route=\/wp\/v2\/posts\/15313"}],"collection":[{"href":"https:\/\/akdenizolaygazetesi.com\/index.php?rest_route=\/wp\/v2\/posts"}],"about":[{"href":"https:\/\/akdenizolaygazetesi.com\/index.php?rest_route=\/wp\/v2\/types\/post"}],"author":[{"embeddable":true,"href":"https:\/\/akdenizolaygazetesi.com\/index.php?rest_route=\/wp\/v2\/users\/2"}],"replies":[{"embeddable":true,"href":"https:\/\/akdenizolaygazetesi.com\/index.php?rest_route=%2Fwp%2Fv2%2Fcomments&post=15313"}],"version-history":[{"count":1,"href":"https:\/\/akdenizolaygazetesi.com\/index.php?rest_route=\/wp\/v2\/posts\/15313\/revisions"}],"predecessor-version":[{"id":15315,"href":"https:\/\/akdenizolaygazetesi.com\/index.php?rest_route=\/wp\/v2\/posts\/15313\/revisions\/15315"}],"wp:featuredmedia":[{"embeddable":true,"href":"https:\/\/akdenizolaygazetesi.com\/index.php?rest_route=\/wp\/v2\/media\/15314"}],"wp:attachment":[{"href":"https:\/\/akdenizolaygazetesi.com\/index.php?rest_route=%2Fwp%2Fv2%2Fmedia&parent=15313"}],"wp:term":[{"taxonomy":"category","embeddable":true,"href":"https:\/\/akdenizolaygazetesi.com\/index.php?rest_route=%2Fwp%2Fv2%2Fcategories&post=15313"},{"taxonomy":"post_tag","embeddable":true,"href":"https:\/\/akdenizolaygazetesi.com\/index.php?rest_route=%2Fwp%2Fv2%2Ftags&post=15313"}],"curies":[{"name":"wp","href":"https:\/\/api.w.org\/{rel}","templated":true}]}}