{"id":15316,"date":"2021-11-24T12:08:11","date_gmt":"2021-11-24T09:08:11","guid":{"rendered":"http:\/\/akdenizolaygazetesi.com\/?p=15316"},"modified":"2021-11-24T12:08:11","modified_gmt":"2021-11-24T09:08:11","slug":"kazanliya-fifa-standartlarinda-tesis-kazandirdik","status":"publish","type":"post","link":"https:\/\/akdenizolaygazetesi.com\/?p=15316","title":{"rendered":"&#8220;Kazanl\u0131&#8217;ya FIFA standartlar\u0131nda tesis kazand\u0131rd\u0131k&#8221;"},"content":{"rendered":"<p>Akdeniz Belediye Ba\u015fkan\u0131 Mustafa G\u00fcltak,  Kazanl\u0131, Cumhuriyet ve H\u00fcrriyet mahallerini ziyaret ederek, hem belediyenin il\u00e7eye kazand\u0131rd\u0131\u011f\u0131 ve yak\u0131n zamanda kazand\u0131raca\u011f\u0131 hizmet, proje ve \u00e7al\u0131\u015fmalar\u0131 anlatt\u0131, hem de vatanda\u015flar\u0131n taleplerini dinledi.<br \/>\nAkdeniz Belediye Ba\u015fkan\u0131 Mustafa G\u00fcltak&#8217;\u0131n mahallelerdeki ziyaretine, ba\u015fkan yard\u0131mc\u0131lar\u0131, meclis \u00fcyeleri ve birim m\u00fcd\u00fcrlerinin yan\u0131 s\u0131ra, Kazanl\u0131 Mahalle Muhtar\u0131 S\u00fcleyman Serin, Cumhuriyet Mahalle Muhtar\u0131 \u0130brahim Koca ve H\u00fcrriyet Mahalle Muhtar\u0131 Orhan Deli de kat\u0131ld\u0131.<br \/>\n&#8220;Kazanl\u0131&#8217;ya FIFA standartlar\u0131nda tesis kazand\u0131rd\u0131k&#8221;<br \/>\nKazanl\u0131&#8217;ya FIFA standartlar\u0131nda bir futbol sahas\u0131 kazand\u0131rd\u0131klar\u0131n\u0131 anlatarak s\u00f6zlerine ba\u015flayan Ba\u015fkan Mustafa G\u00fcltak, &#8220;Sahan\u0131n eksiklerinin fark\u0131nday\u0131z. Hen\u00fcz teslim almad\u0131k. O eksiklikler yerinde tespit edilir. Firmadan onlar\u0131n tamamlanmas\u0131 istenir. Daha sonra imzam\u0131z\u0131 atar saham\u0131z\u0131n devrini ger\u00e7ekle\u015ftiririz. \u00c7ok g\u00fczel bir tesis oldu\u011fundan \u015f\u00fcphemiz yok. \u0130n\u015fallah bundan sonra hem Kazanl\u0131spor Kul\u00fcb\u00fc bundan faydalanacak hem de FIFA standartlar\u0131nda bir saha oldu\u011fu i\u00e7in amat\u00f6r spor kul\u00fcplerinin de burada ma\u00e7 yapmas\u0131n\u0131 ama\u00e7l\u0131yoruz&#8221; diye konu\u015ftu.<br \/>\n&#8220;Asfalt tesislerine 1 TL harcamad\u0131k&#8221;<br \/>\nAkdeniz&#8217;in ilk kez bir asfalt tesisi olaca\u011f\u0131n\u0131 da s\u00f6zlerine ekleyen Ba\u015fkan G\u00fcltak; &#8220;So\u011fuk asfalt tesisimiz bitti. Yakla\u015f\u0131k 8-9 milyon TL&#8217;lik bir tesistir. Verdi\u011finiz vergilerden 1 TL \u00f6demden hallettik. Tamam\u0131 hibedir. S\u0131cak asfalt tesisimizin de t\u00fcm altyap\u0131s\u0131 bitti. O da yakla\u015f\u0131k 12-13 milyon TL&#8217;lik bir tesistir. \u015eahinbey Belediyesi&#8217;nden hibe ald\u0131k. Biz art\u0131k olsak da olmasak da hangi belediye ba\u015fkan\u0131 gelirse gelsin fark etmez; bu hizmetler kal\u0131c\u0131 hizmetlerdir. Alt\u0131n\u0131 \u00e7izmekte fayda g\u00f6r\u00fcyorum; bu asfalt tesislerine 1 TL harcamad\u0131k&#8221; dedi.<br \/>\n&#8221; Akdeniz&#8217;in \u00e7ocuklar\u0131 i\u00e7in elimizden geleni yap\u0131yoruz&#8221;<br \/>\nGen\u00e7lere ve kad\u0131nlara \u00e7ok fazla \u00f6nem verdiklerine de de\u011finen Ba\u015fkan G\u00fcltak; &#8220;Metropol\u00fcn 29. kat\u0131nda et\u00fct merkezimizi a\u00e7t\u0131k. \u015eu anda 200&#8217;e yak\u0131n \u00f6\u011frencimiz \u00fcniversiteye haz\u0131rl\u0131k dersi al\u0131yor. \u00d6zel ders alma imkan\u0131 olmayan gen\u00e7lerimiz varsa onlar\u0131n listesini K\u00fclt\u00fcr M\u00fcd\u00fcrl\u00fc\u011f\u00fcm\u00fcze ula\u015ft\u0131rabilirsiniz. Akdeniz&#8217;in \u00e7ocuklar\u0131 i\u00e7in elimizden geleni yap\u0131yoruz. Bunlar\u0131n d\u0131\u015f\u0131nda kad\u0131n kooperatiflerimize yer verdik. Kad\u0131nlar\u0131m\u0131z da \u00fcretmeye devam ediyor. Metropol&#8217;\u00fcn orada Akdeniz Belediyesi&#8217;ne ait 3 tane d\u00fckkanda sat\u0131\u015f yapma imkanlar\u0131n\u0131 sunuyoruz. Arac\u0131 olmadan kad\u0131lar\u0131m\u0131z \u00fcretip kendileri sat\u0131yorlar&#8221; ifadelerini kulland\u0131.<br \/>\n&#8221; Akdeniz&#8217;in yar\u0131 olimpik havuzu oluyor&#8221;<br \/>\n&#8220;Akdeniz&#8217;in bu zamana kadar bir y\u00fczme havuzu dahi olmam\u0131\u015f&#8221; diyen Ba\u015fkan Mustafa G\u00fcltak; &#8220;Y\u0131lmaz G\u00fcney Gen\u00e7lik Merkezi bitmek \u00fczere, art\u0131k Akdeniz&#8217;in yar\u0131 olimpik havuzu oluyor. \u00d6n\u00fcm\u00fczdeki y\u0131l \u00e7ocuklar\u0131n\u0131z\u0131 y\u00fczme kurslar\u0131na alaca\u011f\u0131z. \u00dcniversiteyi kazanan k\u0131z \u00e7ocuklar\u0131m\u0131z\u0131n misafirhanesini de yapt\u0131k. Ayr\u0131ca 3 katl\u0131 bir bina da olacak. Burada gen\u00e7lerimizin ders \u00e7al\u0131\u015f\u0131p sohbet edecekleri, kahvelerini i\u00e7ecekleri bir alan da yapm\u0131\u015f oluyoruz. 10 milyon TL&#8217;nin \u00fczerinde maliyeti olan bir binadan s\u00f6z ediyoruz. Projeyi Akdeniz Belediyesi haz\u0131rlad\u0131 ve yine belediyemizden 1 TL \u00e7\u0131kmad\u0131. Spor Bakanl\u0131\u011f\u0131m\u0131z\u0131n deste\u011fi, Spor Toto&#8217;dan ald\u0131\u011f\u0131m\u0131z hibe  ile yapt\u0131k&#8221; \u015feklinde konu\u015ftu.<br \/>\n&#8220;Bu kentte bar\u0131\u015f, karde\u015flik \u00e7ok \u00f6nemli&#8221;<br \/>\nHayat\u0131 boyunca kimseyi ayr\u0131\u015ft\u0131rmad\u0131\u011f\u0131n\u0131 ve hi\u00e7 kimsenin siyasi g\u00f6r\u00fc\u015f\u00fcne bakarak hareket etmedi\u011fini s\u00f6yleyen Ba\u015fkan Mustafa G\u00fcltak; &#8220;Adanal\u0131o\u011flu, Bah\u00e7e Mahallesi&#8217;nde t\u00fcrbeleri yeniledik. Toroslar, Mezitli ve Yeni\u015fehir&#8217;deki Cemevlerine katk\u0131 sunduk. Bizler insanlar\u0131n ya\u015fant\u0131lar\u0131na, dini anlay\u0131\u015flar\u0131na, mezheplerine y\u00f6nelik her t\u00fcrl\u00fc deste\u011fi sunma noktas\u0131nda \u00e7al\u0131\u015fmalar\u0131m\u0131z\u0131 s\u00fcrd\u00fcr\u00fcyoruz. Bu kentte bar\u0131\u015f, karde\u015flik \u00e7ok \u00f6nemli. Ne yaz\u0131k ki bug\u00fcne kadar bunlar\u0131n hi\u00e7biri tesis edilmemi\u015f&#8221; diye konu\u015ftu.<br \/>\n&#8220;Bu topraklara ticareti ve sanayiyi de getirmek zorunday\u0131z&#8221;<br \/>\n&#8220;Bu topraklara ticareti ve sanayiyi de getirmek zorunday\u0131z&#8221; diyen Ba\u015fkan Mustafa G\u00fcltak; &#8220;Bunun i\u00e7in de \u015fehri haz\u0131rlamam\u0131z gerekiyor. Bu \u015fehirde 20 y\u0131ld\u0131r imar yok. 11 ay \u00f6nce L\u00fctfi Elvan Bakan\u0131m\u0131zla beraber u\u011fra\u015f\u0131p tar\u0131m g\u00f6r\u00fc\u015f\u00fcn\u00fcn getirilmesini sa\u011flad\u0131k. \u015eu an B\u00fcy\u00fck\u015fehir 1\/5000&#8217;li\u011fi \u00e7al\u0131\u015f\u0131yor. Onlar\u0131 s\u0131k\u0131\u015ft\u0131rd\u0131k; bitirebilirse Kazanl\u0131&#8217;n\u0131n en b\u00fcy\u00fck sorunu imara da \u00e7\u00f6z\u00fcm bulmu\u015f olaca\u011f\u0131z. \u0130marl\u0131 arazi ile imars\u0131z arazi aras\u0131nda da\u011flar kadar fark var. Hepinizin arazileri de\u011ferlenecek. Bu imarlar\u0131 bitirmezsek, bu \u015fehrin yap\u0131s\u0131n\u0131 d\u00fczeltmezsek o zaman ticaret olmaz. Biz 20 y\u0131ld\u0131r bitmeyen imar sorununu bitirece\u011fiz&#8221; ifadelerini kulland\u0131.<br \/>\nKonu\u015fmas\u0131n\u0131n devam\u0131nda Ba\u015fkan G\u00fcltak, mahalle sakinleri ve esnaf\u0131n\u0131n talep ve \u00f6nerilerini dinleyerek; \u00e7e\u015fitli konulardaki sorular\u0131 da yan\u0131tlad\u0131.<\/p>\n","protected":false},"excerpt":{"rendered":"<p>Akdeniz Belediye Ba\u015fkan\u0131 Mustafa G\u00fcltak, Kazanl\u0131, Cumhuriyet ve H\u00fcrriyet mahallerini ziyaret ederek, hem belediyenin il\u00e7eye kazand\u0131rd\u0131\u011f\u0131 ve yak\u0131n zamanda kazand\u0131raca\u011f\u0131 hizmet, proje ve \u00e7al\u0131\u015fmalar\u0131 anlatt\u0131, hem de vatanda\u015flar\u0131n taleplerini dinledi. &hellip; <a href=\"https:\/\/akdenizolaygazetesi.com\/?p=15316\" class=\"more-link\">Devam\u0131n\u0131 Oku&#8230;<\/a><\/p>\n","protected":false},"author":2,"featured_media":15317,"comment_status":"open","ping_status":"open","sticky":false,"template":"","format":"standard","meta":[],"categories":[8,3,5,6],"tags":[],"_links":{"self":[{"href":"https:\/\/akdenizolaygazetesi.com\/index.php?rest_route=\/wp\/v2\/posts\/15316"}],"collection":[{"href":"https:\/\/akdenizolaygazetesi.com\/index.php?rest_route=\/wp\/v2\/posts"}],"about":[{"href":"https:\/\/akdenizolaygazetesi.com\/index.php?rest_route=\/wp\/v2\/types\/post"}],"author":[{"embeddable":true,"href":"https:\/\/akdenizolaygazetesi.com\/index.php?rest_route=\/wp\/v2\/users\/2"}],"replies":[{"embeddable":true,"href":"https:\/\/akdenizolaygazetesi.com\/index.php?rest_route=%2Fwp%2Fv2%2Fcomments&post=15316"}],"version-history":[{"count":1,"href":"https:\/\/akdenizolaygazetesi.com\/index.php?rest_route=\/wp\/v2\/posts\/15316\/revisions"}],"predecessor-version":[{"id":15318,"href":"https:\/\/akdenizolaygazetesi.com\/index.php?rest_route=\/wp\/v2\/posts\/15316\/revisions\/15318"}],"wp:featuredmedia":[{"embeddable":true,"href":"https:\/\/akdenizolaygazetesi.com\/index.php?rest_route=\/wp\/v2\/media\/15317"}],"wp:attachment":[{"href":"https:\/\/akdenizolaygazetesi.com\/index.php?rest_route=%2Fwp%2Fv2%2Fmedia&parent=15316"}],"wp:term":[{"taxonomy":"category","embeddable":true,"href":"https:\/\/akdenizolaygazetesi.com\/index.php?rest_route=%2Fwp%2Fv2%2Fcategories&post=15316"},{"taxonomy":"post_tag","embeddable":true,"href":"https:\/\/akdenizolaygazetesi.com\/index.php?rest_route=%2Fwp%2Fv2%2Ftags&post=15316"}],"curies":[{"name":"wp","href":"https:\/\/api.w.org\/{rel}","templated":true}]}}