{"id":1532,"date":"2020-11-04T18:22:05","date_gmt":"2020-11-04T15:22:05","guid":{"rendered":"http:\/\/mersinekonomipolitikagazetesi.com\/?p=1532"},"modified":"2020-11-04T18:22:05","modified_gmt":"2020-11-04T15:22:05","slug":"baskan-tuna-saglik-calisanlarini-unutmadi","status":"publish","type":"post","link":"https:\/\/akdenizolaygazetesi.com\/?p=1532","title":{"rendered":"Ba\u015fkan Tuna, sa\u011fl\u0131k \u00e7al\u0131\u015fanlar\u0131n\u0131 unutmad\u0131"},"content":{"rendered":"<p>Mersin&#8217;in merkez il\u00e7e Toroslar Belediye Ba\u015fkan\u0131 Hamit Tuna, 14 Mart T\u0131p Bayram\u0131\u2019nda sa\u011fl\u0131k \u00e7al\u0131\u015fanlar\u0131n\u0131 unutmad\u0131.<\/p>\n<p><span style=\"font-size:16px;\"><span style=\"font-family: sans-serif; line-height: 20px; text-align: justify; background-color: rgb(242, 244, 245);\">\u0130l\u00e7e Sa\u011fl\u0131k M\u00fcd\u00fcrl\u00fc\u011f\u00fc ba\u015fta olmak \u00fczere Toroslar Toplum Sa\u011fl\u0131\u011f\u0131 Merkezi, Kanser Erken Te\u015fhis, Tarama ve E\u011fitim Merkezi (KETEM) ile sa\u011fl\u0131k ocaklar\u0131na ziyarette bulunan Ba\u015fkan Tuna, hekimlere ve sa\u011fl\u0131k \u00e7al\u0131\u015fanlar\u0131na \u00e7i\u00e7ek takdim ederek, t\u0131p bayramlar\u0131n\u0131 kutlad\u0131.\u00a0<\/span><br style=\"box-sizing: border-box; font-family: sans-serif; font-size: 14px; line-height: 20px; text-align: justify; background-color: rgb(242, 244, 245);\" \/><br \/>\n<span style=\"font-family: sans-serif; line-height: 20px; text-align: justify; background-color: rgb(242, 244, 245);\">Tedavi i\u00e7in sa\u011fl\u0131k merkezlerinde bulunan vatanda\u015flarla da sohbet ederek, \u00e7i\u00e7ek takdim eden Tuna, g\u00f6reve geldikleri 14 y\u0131lda yapt\u0131klar\u0131 arsa tahsisleri ve yat\u0131r\u0131mlarla Toroslar\u2019\u0131n art\u0131k sa\u011fl\u0131\u011f\u0131n merkezi oldu\u011funa dikkat \u00e7ekti. Tuna, &#8220;Mutlu ve huzurlu toplumlar\u0131n olu\u015fmas\u0131 \u00f6ncelikle sa\u011fl\u0131ktan ge\u00e7er. Bu d\u00fc\u015f\u00fcnceden hareketle 2004 y\u0131l\u0131nda g\u00f6reve geldi\u011fimizde Toroslar il\u00e7esini sa\u011fl\u0131\u011f\u0131n merkezi yapaca\u011f\u0131z demi\u015ftik. Bug\u00fcn de ortaya koydu\u011fumuz hayallerimizin sonu\u00e7 olarak yerine geldi\u011fini g\u00f6rmek bizleri ziyadesiyle memnun etmektedir. Sa\u011fl\u0131k alan\u0131nda yapt\u0131\u011f\u0131m\u0131z arsa tahsisleriyle il\u00e7emiz Kad\u0131n Do\u011fum ve \u00c7ocuk Hastanesi, A\u011f\u0131z ve Di\u015f Sa\u011fl\u0131\u011f\u0131 Hastanesi, KETEM, Mersin \u015eehir Hastanesi ve sa\u011fl\u0131k ocaklar\u0131yla ta\u00e7lanm\u0131\u015f bir merkez oldu. Sa\u011fl\u0131k, ya\u015fam i\u00e7in temel bir \u015fart. Bug\u00fcn de il\u00e7emizdeki sa\u011fl\u0131k kurulu\u015flar\u0131m\u0131z\u0131 ziyaret ederek, sa\u011fl\u0131k \u00e7al\u0131\u015fanlar\u0131m\u0131zla bir araya geldik. Bu vesileyle \u00e7al\u0131\u015fmalar\u0131n\u0131 \u00f6zveriyle s\u00fcrd\u00fcren t\u00fcm sa\u011fl\u0131k \u00e7al\u0131\u015fanlar\u0131m\u0131z\u0131n 14 Mart T\u0131p Bayram\u0131\u2019n\u0131 kutluyor, sa\u011fl\u0131kl\u0131 uzun \u00f6m\u00fcrler diliyorum\u201d dedi.\u00a0<\/span><\/span><\/p>\n","protected":false},"excerpt":{"rendered":"<p>Mersin&#8217;in merkez il\u00e7e Toroslar Belediye Ba\u015fkan\u0131 Hamit Tuna, 14 Mart T\u0131p Bayram\u0131\u2019nda sa\u011fl\u0131k \u00e7al\u0131\u015fanlar\u0131n\u0131 unutmad\u0131. \u0130l\u00e7e Sa\u011fl\u0131k M\u00fcd\u00fcrl\u00fc\u011f\u00fc ba\u015fta olmak \u00fczere Toroslar Toplum Sa\u011fl\u0131\u011f\u0131 Merkezi, Kanser Erken Te\u015fhis, Tarama ve &hellip; <a href=\"https:\/\/akdenizolaygazetesi.com\/?p=1532\" class=\"more-link\">Devam\u0131n\u0131 Oku&#8230;<\/a><\/p>\n","protected":false},"author":1,"featured_media":0,"comment_status":"open","ping_status":"open","sticky":false,"template":"","format":"standard","meta":[],"categories":[],"tags":[],"_links":{"self":[{"href":"https:\/\/akdenizolaygazetesi.com\/index.php?rest_route=\/wp\/v2\/posts\/1532"}],"collection":[{"href":"https:\/\/akdenizolaygazetesi.com\/index.php?rest_route=\/wp\/v2\/posts"}],"about":[{"href":"https:\/\/akdenizolaygazetesi.com\/index.php?rest_route=\/wp\/v2\/types\/post"}],"author":[{"embeddable":true,"href":"https:\/\/akdenizolaygazetesi.com\/index.php?rest_route=\/wp\/v2\/users\/1"}],"replies":[{"embeddable":true,"href":"https:\/\/akdenizolaygazetesi.com\/index.php?rest_route=%2Fwp%2Fv2%2Fcomments&post=1532"}],"version-history":[{"count":0,"href":"https:\/\/akdenizolaygazetesi.com\/index.php?rest_route=\/wp\/v2\/posts\/1532\/revisions"}],"wp:attachment":[{"href":"https:\/\/akdenizolaygazetesi.com\/index.php?rest_route=%2Fwp%2Fv2%2Fmedia&parent=1532"}],"wp:term":[{"taxonomy":"category","embeddable":true,"href":"https:\/\/akdenizolaygazetesi.com\/index.php?rest_route=%2Fwp%2Fv2%2Fcategories&post=1532"},{"taxonomy":"post_tag","embeddable":true,"href":"https:\/\/akdenizolaygazetesi.com\/index.php?rest_route=%2Fwp%2Fv2%2Ftags&post=1532"}],"curies":[{"name":"wp","href":"https:\/\/api.w.org\/{rel}","templated":true}]}}