{"id":15325,"date":"2021-11-24T12:56:51","date_gmt":"2021-11-24T09:56:51","guid":{"rendered":"http:\/\/akdenizolaygazetesi.com\/?p=15325"},"modified":"2021-11-24T12:56:51","modified_gmt":"2021-11-24T09:56:51","slug":"emekli-evi-uyeleri-tarsus-genclik-kampinda-unutulmaz-bir-gun-yasadi","status":"publish","type":"post","link":"https:\/\/akdenizolaygazetesi.com\/?p=15325","title":{"rendered":"EMEKL\u0130 EV\u0130 \u00dcYELER\u0130, TARSUS GEN\u00c7L\u0130K KAMPI\u2019NDA UNUTULMAZ B\u0130R G\u00dcN YA\u015eADI"},"content":{"rendered":"<p>Mersin B\u00fcy\u00fck\u015fehir Belediyesi\u2019nin Sosyal Hizmetler Dairesi\u2019ne ba\u011fl\u0131 hizmet veren Emekli Evlerinin \u00fcyelerine y\u00f6nelik etkinlikleri devam ediyor. B\u00fcy\u00fck\u015fehir Belediyesi Yeni\u015fehir Emekli Evi \u00fcyeleri, Tarsus Gen\u00e7lik Kamp\u0131\u2019da do\u011fayla i\u00e7 i\u00e7e unutulmaz bir g\u00fcn ya\u015fad\u0131.<\/p>\n<p>Tarsus\u2019un tarihi mekanlar\u0131n\u0131 gezip, \u015fark\u0131lar s\u00f6ylediler<\/p>\n<p>Mersin\u2019den servislerle al\u0131nan Emekli Evi \u00fcyeleri, ilk olarak Tarsus\u2019un tarihi yerlerini gezerek, do\u011fal g\u00fczelliklerin tad\u0131n\u0131 \u00e7\u0131kard\u0131. Ard\u0131ndan Kad\u0131n ve Aile Hizmetleri Dairesi\u2019ne ba\u011fl\u0131 Tarsus Gen\u00e7lik Kamp\u0131\u2019n\u0131n a\u011fa\u00e7larla kapl\u0131 alan\u0131nda ikram edilen \u00f6\u011fle yeme\u011fini birlikte yiyen ya\u015f alm\u0131\u015f yurtta\u015flar, B\u00fcy\u00fck\u015fehir ekiplerinin seslendirdi\u011fi halk ve sanat m\u00fczi\u011fi eserlerine e\u015flik etti. Program sonunda misafirler, Tarsus Gen\u00e7lik Kamp\u0131\u2019nda bulunan Geri D\u00f6n\u00fc\u015f\u00fcm At\u00f6lyesi ve kamp i\u00e7inde bulunan di\u011fer b\u00f6l\u00fcmleri de gezip, yap\u0131lan faaliyetlerle ilgili bilgi ald\u0131.<\/p>\n<p>\u201cBelediyecilik a\u00e7\u0131s\u0131ndan m\u00fcthi\u015f bir geli\u015fme g\u00f6rd\u00fcm\u201d<\/p>\n<p>Emekli Evi \u00fcyesi, emekli \u00f6\u011fretmen Y\u00fccel T\u00fcrkkan, ilk kez b\u00f6yle bir geziye kat\u0131ld\u0131\u011f\u0131n\u0131 belirterek, \u015f\u00f6yle devam etti:<\/p>\n<p>\u201cBu geziye ilk defa kat\u0131l\u0131yoruz, e\u015fimle beraber geldik. E\u015fim de emekli \u00f6\u011fretmen. Ben asl\u0131nda daha \u00f6nce 10 y\u0131l Tarsus\u2019ta \u00f6\u011fretmenlik yapt\u0131m. 30 y\u0131l oldu, son g\u00f6rd\u00fcklerime \u00e7ok \u015fa\u015f\u0131rd\u0131m, duyduklar\u0131ma ger\u00e7ekten inanamad\u0131m. Hem k\u00fclt\u00fcr a\u00e7\u0131s\u0131ndan hem de belediyecilik a\u00e7\u0131s\u0131ndan m\u00fcthi\u015f bir geli\u015fme g\u00f6rd\u00fcm. Hem Tarsus\u2019ta hem de Mersin\u2019de biz zaten bunlar\u0131 ya\u015f\u0131yoruz. Bu k\u00fclt\u00fcr gezisinde asl\u0131nda k\u00fclt\u00fcr a\u00e7\u0131s\u0131ndan bizlerin \u00e7ok faydaland\u0131\u011f\u0131 bilgiler, yeni bilgiler \u00f6\u011frendik, yeni yerler g\u00f6rd\u00fck. Gen\u00e7lik Kamp\u0131 harika olmu\u015f. Hatta \u00e7ok \u015fa\u015f\u0131rd\u0131m burada k\u00fc\u00e7\u00fck \u00e7ocuklar da var. Demek ki bu kampta en k\u00fc\u00e7\u00fcklerden biz gibi emekli olmu\u015flara kadar herkesi a\u011f\u0131rlayabiliyor. Vahap Ba\u015fkan\u0131m\u0131za bu etkinliklerde bizlere bu f\u0131rsat\u0131 verdi\u011fi i\u00e7in \u00e7ok te\u015fekk\u00fcr ediyoruz.\u201d<\/p>\n<p>\u201cSevgiler ekilirse \u00fclkemizin g\u00fczel olaca\u011f\u0131na inan\u0131yorum\u201d<\/p>\n<p>Bahriye \u00d6zcan, duygu dolu anlar ya\u015fad\u0131\u011f\u0131n\u0131 ifade ederek, \u201cBa\u015fkan\u0131m\u0131za ne kadar te\u015fekk\u00fcr etsek azd\u0131r. \u00c7\u00fcnk\u00fc hep b\u00f6yle sevgi ekiyor. Ben bu sevginin ger\u00e7ekten \u00e7ok g\u00fczel sonu\u00e7lar do\u011furaca\u011f\u0131na inan\u0131yorum. Umutsuzluk \u00e7ok k\u00f6t\u00fc bir \u015fey. Bug\u00fcn ben ba\u015fka gezegendeyim sanki. Umutland\u0131m ger\u00e7ekten, umudumu kaybetmi\u015ftim. \u00c7\u00fcnk\u00fc kad\u0131n olarak ya\u015fam\u0131m\u0131n zorla\u015ft\u0131\u011f\u0131n\u0131 d\u00fc\u015f\u00fcnm\u00fc\u015ft\u00fcm her \u015feyden \u00f6nce. Ama ben bug\u00fcn \u00fclke i\u00e7in umutluyum. Nice Vahap Se\u00e7erler gibi g\u00fczel \u015feyler yap\u0131l\u0131r, sevgiler ekilirse \u00fclkemizin g\u00fczel olaca\u011f\u0131na inan\u0131yorum\u201d diye konu\u015ftu.<\/p>\n","protected":false},"excerpt":{"rendered":"<p>Mersin B\u00fcy\u00fck\u015fehir Belediyesi\u2019nin Sosyal Hizmetler Dairesi\u2019ne ba\u011fl\u0131 hizmet veren Emekli Evlerinin \u00fcyelerine y\u00f6nelik etkinlikleri devam ediyor. B\u00fcy\u00fck\u015fehir Belediyesi Yeni\u015fehir Emekli Evi \u00fcyeleri, Tarsus Gen\u00e7lik Kamp\u0131\u2019da do\u011fayla i\u00e7 i\u00e7e unutulmaz bir &hellip; <a href=\"https:\/\/akdenizolaygazetesi.com\/?p=15325\" class=\"more-link\">Devam\u0131n\u0131 Oku&#8230;<\/a><\/p>\n","protected":false},"author":2,"featured_media":15326,"comment_status":"open","ping_status":"open","sticky":false,"template":"","format":"standard","meta":[],"categories":[3,5],"tags":[],"_links":{"self":[{"href":"https:\/\/akdenizolaygazetesi.com\/index.php?rest_route=\/wp\/v2\/posts\/15325"}],"collection":[{"href":"https:\/\/akdenizolaygazetesi.com\/index.php?rest_route=\/wp\/v2\/posts"}],"about":[{"href":"https:\/\/akdenizolaygazetesi.com\/index.php?rest_route=\/wp\/v2\/types\/post"}],"author":[{"embeddable":true,"href":"https:\/\/akdenizolaygazetesi.com\/index.php?rest_route=\/wp\/v2\/users\/2"}],"replies":[{"embeddable":true,"href":"https:\/\/akdenizolaygazetesi.com\/index.php?rest_route=%2Fwp%2Fv2%2Fcomments&post=15325"}],"version-history":[{"count":1,"href":"https:\/\/akdenizolaygazetesi.com\/index.php?rest_route=\/wp\/v2\/posts\/15325\/revisions"}],"predecessor-version":[{"id":15327,"href":"https:\/\/akdenizolaygazetesi.com\/index.php?rest_route=\/wp\/v2\/posts\/15325\/revisions\/15327"}],"wp:featuredmedia":[{"embeddable":true,"href":"https:\/\/akdenizolaygazetesi.com\/index.php?rest_route=\/wp\/v2\/media\/15326"}],"wp:attachment":[{"href":"https:\/\/akdenizolaygazetesi.com\/index.php?rest_route=%2Fwp%2Fv2%2Fmedia&parent=15325"}],"wp:term":[{"taxonomy":"category","embeddable":true,"href":"https:\/\/akdenizolaygazetesi.com\/index.php?rest_route=%2Fwp%2Fv2%2Fcategories&post=15325"},{"taxonomy":"post_tag","embeddable":true,"href":"https:\/\/akdenizolaygazetesi.com\/index.php?rest_route=%2Fwp%2Fv2%2Ftags&post=15325"}],"curies":[{"name":"wp","href":"https:\/\/api.w.org\/{rel}","templated":true}]}}