{"id":15328,"date":"2021-11-24T12:59:12","date_gmt":"2021-11-24T09:59:12","guid":{"rendered":"http:\/\/akdenizolaygazetesi.com\/?p=15328"},"modified":"2021-11-24T12:59:12","modified_gmt":"2021-11-24T09:59:12","slug":"kendi-gelirini-kazanan-kadinin-aile-icindeki-gucu-de-artar","status":"publish","type":"post","link":"https:\/\/akdenizolaygazetesi.com\/?p=15328","title":{"rendered":"\u201cKendi gelirini kazanan kad\u0131n\u0131n aile i\u00e7indeki g\u00fcc\u00fc de artar\u201d"},"content":{"rendered":"<p>Akdeniz Belediyesi, \u201825 Kas\u0131m Kad\u0131na Y\u00f6nelik \u015eiddetle Uluslar aras\u0131 M\u00fccadele G\u00fcn\u00fc\u2019 kapsam\u0131nda, \u2018\u015fiddetin \u00f6nlenmesi ve fark\u0131ndal\u0131k semineri d\u00fczenledi. Kad\u0131n ve Aile Hizmetleri M\u00fcd\u00fcrl\u00fc\u011f\u00fc\u2019nce belediye konferans salonunda ger\u00e7ekle\u015fen seminerde, Mersin \u00dcniversitesi (ME\u00dc) \u00d6\u011fretim \u00dcyesi Dr. Ayt\u00fcl G\u00fcne\u015fer Demirci, Avukat Firdevs G\u00fcltak, ME\u00dc \u00d6\u011fretim \u00dcyesi Dr. Erhan Uzunca ve Mersin \u0130l M\u00fcft\u00fcs\u00fc \u015eaban Kondi, kad\u0131na y\u00f6nelik \u015fiddet, nedenleri, sonu\u00e7lar\u0131 ve m\u00fccadele y\u00f6ntemleri konular\u0131nda sunum yapt\u0131.<br \/>\nAkdeniz Belediyesi taraf\u0131ndan, kad\u0131nlar\u0131n ya\u015fam\u0131na dokunan mikro kredi projesi ve kad\u0131nlara meslek ve beceri kazand\u0131r\u0131lmas\u0131na y\u00f6nelik hizmetlerin tan\u0131t\u0131ld\u0131\u011f\u0131 k\u0131sa film g\u00f6steriminin ard\u0131ndan konu\u015fma yapan Akdeniz Belediye Ba\u015fkan\u0131 M. Mustafa G\u00fcltak, ba\u015fta kad\u0131nlar\u0131n u\u011frad\u0131\u011f\u0131 \u015fiddet olmak \u00fczere, hayvana, do\u011faya ve \u00e7evreye y\u00f6nelik her t\u00fcrl\u00fc \u015fiddete kar\u015f\u0131 olduklar\u0131n\u0131 vurgulad\u0131; \u015fiddetin insanl\u0131k su\u00e7u oldu\u011funun alt\u0131n\u0131 \u00e7izdi. Akdeniz\u2019in; sosyal ve ekonomik anlamda Mersin\u2019in en sorunlu ve ge\u00e7mi\u015fte hizmetler noktas\u0131nda da en \u00e7ok ihmal edilen il\u00e7esi oldu\u011funa i\u015faret eden Ba\u015fkan G\u00fcltak, kad\u0131nlar\u0131n stat\u00fcs\u00fcn\u00fc y\u00fckseltmek, hayata ve istihdama katmak i\u00e7in hayata ge\u00e7irilen proje, kampanya ve \u00e7al\u0131\u015fmalar\u0131 anlatt\u0131.<br \/>\n\u201cKendi gelirini kazanan kad\u0131n\u0131n aile i\u00e7indeki g\u00fcc\u00fc de artar\u201d<br \/>\nAkdeniz\u2019de, ayn\u0131 anda 55 kad\u0131n\u0131n yerle\u015febilece\u011fi bir \u2018Kad\u0131n Konuk Evi\u2019 kazand\u0131racaklar\u0131n\u0131 da belirten Ba\u015fkan G\u00fcltak, Akdeniz\u2019de 17 mahalle evi oldu\u011funa ve buralarda kad\u0131nlara ve gen\u00e7lere y\u00f6nelik mesleki ve beceri e\u011fitimleri ve projeler y\u00fcr\u00fct\u00fcld\u00fc\u011f\u00fcn\u00fc anlatt\u0131. E\u011fitimin; kad\u0131na y\u00f6nelik \u015fiddeti \u00f6nlemede en \u00f6nemli kriterlerden biri oldu\u011funun da alt\u0131n\u0131 \u00e7izen Ba\u015fkan G\u00fcltak, \u015f\u00f6yle konu\u015ftu; \u201cBir kad\u0131n\u0131n en b\u00fcy\u00fck s\u0131k\u0131nt\u0131lar\u0131ndan birisi de bir erke\u011fin eline bakmas\u0131, yani ona muhta\u00e7 olmas\u0131d\u0131r. Neden? Kad\u0131n\u0131n ne eksi\u011fi var ki? O nedenle \u2018kad\u0131nlar \u00fcretsinler ve sats\u0131nlar\u2019 dedik ve kooperatifleri kurulmas\u0131na vesile olduk. Kad\u0131n \u00fcretsin, \u00fcretti\u011fini sats\u0131n, evine har\u00e7l\u0131\u011f\u0131yla gitsin. Evine para g\u00f6t\u00fcrs\u00fcn, \u2018ben de bug\u00fcn para kazand\u0131m\u2019 desin. \u0130\u015fte bu nedenle kooperatif\u00e7ili\u011fe b\u00fcy\u00fck \u00f6nem veriyoruz. Ger\u00e7ekten ortaya g\u00fczel i\u015fler \u00e7\u0131kar\u0131yorlar. Kad\u0131n kooperatiflerimize \u00e7ok te\u015fekk\u00fcr ediyorum\u201d dedi.<br \/>\n\u201cSorun, konu\u015farak t\u00fcketilebilecek bir boyutu \u00e7oktan a\u015ft\u0131\u201d<br \/>\nMersin \u00dcniversitesi (ME\u00dc) \u00d6\u011fretim \u00dcyesi Dr. Ayt\u00fcl G. Demirci ise sunumunda, konuyla ilgili fark\u0131ndal\u0131k yaratmak \u00fczerine odaklanmak i\u00e7in kavramsal bir \u00e7er\u00e7eve \u00e7izmeye \u00e7al\u0131\u015faca\u011f\u0131n\u0131 belirterek, \u201c\u00c7\u00fcnk\u00fc bug\u00fcn, kad\u0131na y\u00f6nelik \u015fiddet ba\u015fl\u0131\u011f\u0131 alt\u0131nda birikenlerin, nicelik ve yo\u011funlu\u011fu konu\u015farak t\u00fcketilebilecek bir boyutu \u00e7oktan a\u015ft\u0131. Normal \u015fartlar alt\u0131nda biz, sosyolojik d\u00fczlemde bu konunun analizini rahat g\u00f6rebilirken, art\u0131k g\u00fcn\u00fcm\u00fczde o rahatl\u0131\u011f\u0131m\u0131z\u0131 da kaybetmi\u015f durumday\u0131z. \u00c7\u00fcnk\u00fc b\u00fct\u00fcn yak\u0131c\u0131l\u0131\u011f\u0131 ile bunu her g\u00fcn her birimiz \u00e7ok fazla hissediyoruz, konu t\u00fcm s\u0131cakl\u0131\u011f\u0131yla g\u00fcndemimizde olan bir konu. \u00dczerine bolca konu\u015fmak, d\u00fc\u015f\u00fcnmek, yazmak ve tart\u0131\u015fmak zorunda oldu\u011fumuz bir konu. O y\u00fczden de her birimizin bildi\u011fi ezberleri, \u00fczerinden bir daha ge\u00e7memiz gerekti\u011fi hepimizin g\u00f6rev alan\u0131na giriyor\u201d diye konu\u015ftu.<br \/>\n\u201cUmutsuzlu\u011fa kap\u0131lmamal\u0131, el birli\u011fi ile yaralar\u0131m\u0131z\u0131 sarmal\u0131y\u0131z\u201d<br \/>\nAvukat Firdevs G\u00fcltak ise sunumunda, kad\u0131na y\u00f6nelik \u015fiddetin hukuki sonu\u00e7lar\u0131n\u0131 anlatt\u0131, kad\u0131nlar\u0131n da kendi hukuki haklar\u0131n\u0131 bilmeleri gerekti\u011fini ifade etti. \u201cBen inan\u0131yorum ki cesaret ve \u015fuurla yeti\u015fecek olan gelecek nesiller artacak, \u00e7ok daha bilin\u00e7li, fark\u0131ndal\u0131\u011f\u0131 y\u00fcksek, \u00f6zg\u00fcvenli, g\u00fc\u00e7l\u00fc ve haklar\u0131n\u0131 bilen yeni bir nesil bizi bekliyor olacak\u201d diyen Av. G\u00fcltak; \u201cBug\u00fcn ya\u015fad\u0131\u011f\u0131m\u0131z, tan\u0131k oldu\u011fumuz olaylar bizleri umutsuzlu\u011fa itmemeli ve biz kad\u0131nlar\u0131 asla geri planda b\u0131rakmamal\u0131 \u00e7\u00fcnk\u00fc bu bize yak\u0131\u015fmaz. Cinsiyet ay\u0131r\u0131m\u0131 yapmaks\u0131z\u0131n, \u015fiddeti k\u0131nayan ve kar\u015f\u0131s\u0131nda duran toplumun her bireyi, bu m\u00fccadele yolunda el ele y\u00fcr\u00fcmeli, toplumun kanayan yaralar\u0131n\u0131 sarmal\u0131 ve \u015fiddetin her t\u00fcrl\u00fcs\u00fcne kar\u015f\u0131 durmal\u0131d\u0131r\u201d \u015feklinde konu\u015ftu.<br \/>\n\u201cKad\u0131n\u0131n i\u015fg\u00fcc\u00fc d\u0131\u015f\u0131nda kalmas\u0131 en b\u00fcy\u00fck sorunlardan birisi\u201d<br \/>\nSeminerde bir sunum yapan ME\u00dc \u00d6\u011fretim \u00dcyesi Dr. Erhan Uzunca, kad\u0131n\u0131n i\u015f g\u00fcc\u00fc piyasas\u0131nda neden yeterince aktif olarak yer almad\u0131\u011f\u0131n\u0131n, d\u00fc\u015f\u00fcn\u00fclmesi gereken en \u00f6nemli sorunlardan biri oldu\u011funun alt\u0131n\u0131 \u00e7izdi. \u201cBunun en temel nedeni, tabi ki toplumsal cinsiyet ay\u0131r\u0131m\u0131. Dolay\u0131s\u0131yla toplumda kad\u0131na bi\u00e7ilen roller, kad\u0131n ile erkek aras\u0131ndaki rol fark\u0131, siyaseten, ekonomik olarak, k\u00fclt\u00fcrel bak\u0131mlardan g\u00f6r\u00fclen farkl\u0131l\u0131klar. Toplumdan topluma bu durumlar tabi de\u011fi\u015fiyor. Bizim burada toplumsal cinsiyet \u00e7er\u00e7evesinde i\u015fg\u00fcc\u00fc piyasas\u0131na kad\u0131nlar\u0131n yeterince girememesinin nedenleri, o toplumun kendine ait de\u011fer yarg\u0131lar\u0131n\u0131n olmas\u0131, kad\u0131n ile erkek aras\u0131nda rol farkl\u0131l\u0131klar\u0131n\u0131n ortaya \u00e7\u0131kmas\u0131 ve sosyo-k\u00fclt\u00fcrel bir olgu olarak bunun kabul edilmesi \u015feklinde kar\u015f\u0131m\u0131za \u00e7\u0131k\u0131yor\u201d \u015feklinde konu\u015ftu.<br \/>\n\u201cKad\u0131n; topluma \u015fekil veren en g\u00fc\u00e7l\u00fc varl\u0131kt\u0131r\u201d<br \/>\nMersin \u0130l M\u00fcft\u00fcs\u00fc \u015eaban Kondi ise konu\u015fmas\u0131nda, Akdeniz\u2019de; kad\u0131nlara, gen\u00e7lere ve \u00e7ocuklara y\u00f6nelik projeler; toplumun bar\u0131\u015f\u0131, huzuru ve karde\u015fle\u015fmesine y\u00f6nelik \u00f6zlenen tabloyu ger\u00e7ekle\u015ftirmesinden dolay\u0131 Ba\u015fkan G\u00fcltak\u2019a te\u015fekk\u00fcr etti. \u0130slam\u2019\u0131n, kad\u0131na bak\u0131\u015f\u0131n\u0131 anlatan Kondi; \u201cKad\u0131n, bir toplumu toplum yapan, topluma \u015fekil veren, toplumu idare eden en g\u00fc\u00e7l\u00fc varl\u0131kt\u0131r. Tarihe bak\u0131n; \u00f6yle \u015fehirler vard\u0131r ki o \u015fehirleri kad\u0131nlar kurmu\u015ftur. Mesela Mekke\u2026 Mekke\u2019yi Hz. Hacer kurmu\u015ftur.<br \/>\n\u0130nsanlar\u0131n ve evlerin nereye yerle\u015fece\u011fini, suyun nerelerden akaca\u011f\u0131n\u0131, insanlar\u0131n nas\u0131l y\u00fcr\u00fcmesi gerekti\u011fine dair Mekke sokaklar\u0131n\u0131n \u015feklini ve yerini belirleyen Hz. Hacer validemizdir. Kad\u0131n\u0131n dokundu\u011fu yerde, nezaket ve zarafet vard\u0131r. Medine d\u00f6neminde, \u0130slam tarihinde, d\u00fc\u015f\u00fcn\u00fcn; cenneti analar\u0131n aya\u011f\u0131 alt\u0131na koyan bir dinin mensuplar\u0131y\u0131z. \u015eiddet ile din asla bir araya gelmeyecek iki kavramd\u0131r. Nas\u0131l ki oksijen ile hidrojen bir araya gelerek hayat\u0131n kayna\u011f\u0131 olan suyu olu\u015fturuyor ise, kad\u0131n ile erkek de sevgi, sayg\u0131, nezaket, empati ile bir araya geldi\u011finde, bu toplumda hava kadar, su kadar, g\u00fcne\u015f kadar \u00f6nem arz ediyor\u201d ifadelerini kulland\u0131. Konu\u015fmalar\u0131n ard\u0131ndan yo\u011fun ilgi g\u00f6ren seminer, plaket ve \u00e7i\u00e7ek takdimiyle sona erdi. <\/p>\n","protected":false},"excerpt":{"rendered":"<p>Akdeniz Belediyesi, \u201825 Kas\u0131m Kad\u0131na Y\u00f6nelik \u015eiddetle Uluslar aras\u0131 M\u00fccadele G\u00fcn\u00fc\u2019 kapsam\u0131nda, \u2018\u015fiddetin \u00f6nlenmesi ve fark\u0131ndal\u0131k semineri d\u00fczenledi. Kad\u0131n ve Aile Hizmetleri M\u00fcd\u00fcrl\u00fc\u011f\u00fc\u2019nce belediye konferans salonunda ger\u00e7ekle\u015fen seminerde, Mersin \u00dcniversitesi &hellip; <a href=\"https:\/\/akdenizolaygazetesi.com\/?p=15328\" class=\"more-link\">Devam\u0131n\u0131 Oku&#8230;<\/a><\/p>\n","protected":false},"author":2,"featured_media":15329,"comment_status":"open","ping_status":"open","sticky":false,"template":"","format":"standard","meta":[],"categories":[1,2,3,5],"tags":[],"_links":{"self":[{"href":"https:\/\/akdenizolaygazetesi.com\/index.php?rest_route=\/wp\/v2\/posts\/15328"}],"collection":[{"href":"https:\/\/akdenizolaygazetesi.com\/index.php?rest_route=\/wp\/v2\/posts"}],"about":[{"href":"https:\/\/akdenizolaygazetesi.com\/index.php?rest_route=\/wp\/v2\/types\/post"}],"author":[{"embeddable":true,"href":"https:\/\/akdenizolaygazetesi.com\/index.php?rest_route=\/wp\/v2\/users\/2"}],"replies":[{"embeddable":true,"href":"https:\/\/akdenizolaygazetesi.com\/index.php?rest_route=%2Fwp%2Fv2%2Fcomments&post=15328"}],"version-history":[{"count":1,"href":"https:\/\/akdenizolaygazetesi.com\/index.php?rest_route=\/wp\/v2\/posts\/15328\/revisions"}],"predecessor-version":[{"id":15330,"href":"https:\/\/akdenizolaygazetesi.com\/index.php?rest_route=\/wp\/v2\/posts\/15328\/revisions\/15330"}],"wp:featuredmedia":[{"embeddable":true,"href":"https:\/\/akdenizolaygazetesi.com\/index.php?rest_route=\/wp\/v2\/media\/15329"}],"wp:attachment":[{"href":"https:\/\/akdenizolaygazetesi.com\/index.php?rest_route=%2Fwp%2Fv2%2Fmedia&parent=15328"}],"wp:term":[{"taxonomy":"category","embeddable":true,"href":"https:\/\/akdenizolaygazetesi.com\/index.php?rest_route=%2Fwp%2Fv2%2Fcategories&post=15328"},{"taxonomy":"post_tag","embeddable":true,"href":"https:\/\/akdenizolaygazetesi.com\/index.php?rest_route=%2Fwp%2Fv2%2Ftags&post=15328"}],"curies":[{"name":"wp","href":"https:\/\/api.w.org\/{rel}","templated":true}]}}