{"id":1533,"date":"2020-11-04T18:22:05","date_gmt":"2020-11-04T15:22:05","guid":{"rendered":"http:\/\/mersinekonomipolitikagazetesi.com\/?p=1533"},"modified":"2020-11-04T18:22:05","modified_gmt":"2020-11-04T15:22:05","slug":"mersinde-ureticiye-5-bin-200-adet-asili-asma-fidani-dagitildi","status":"publish","type":"post","link":"https:\/\/akdenizolaygazetesi.com\/?p=1533","title":{"rendered":"Mersin&#8217;de \u00fcreticiye 5 bin 200 adet a\u015f\u0131l\u0131 asma fidan\u0131 da\u011f\u0131t\u0131ld\u0131"},"content":{"rendered":"<p>Mersin B\u00fcy\u00fck\u015fehir Belediyesince, ba\u011fc\u0131l\u0131k ile ge\u00e7imini sa\u011flayan \u00fcz\u00fcm \u00fcreticilerine y\u00f6nelik hayata ge\u00e7irilen \u2018A\u015f\u0131l\u0131 Asma Fidan\u0131 \u00dcretimi Projesi\u2019 kapsam\u0131nda, \u00c7aml\u0131yayla il\u00e7esinde 5 bin 200 adet a\u015f\u0131l\u0131 asma fidan\u0131 da\u011f\u0131t\u0131ld\u0131.<\/p>\n<p><span style=\"font-size:16px;\"><span style=\"font-family: sans-serif; line-height: 20px; text-align: justify; background-color: rgb(242, 244, 245);\">Mersin B\u00fcy\u00fck\u015fehir Belediyesi&#8217;nden yap\u0131lan a\u00e7\u0131klamaya g\u00f6re, ge\u00e7imini \u00e7ift\u00e7ilik ve \u00fcreticilik yaparak sa\u011flayan vatanda\u015flara destek olmak amac\u0131yla Alata Bah\u00e7e K\u00fclt\u00fcrleri Ara\u015ft\u0131rma Enstit\u00fcs\u00fc M\u00fcd\u00fcrl\u00fc\u011f\u00fc ile birlikte y\u00fcr\u00fct\u00fclen \u2018A\u015f\u0131l\u0131 Asma Fidan\u0131 \u00dcretimi Projesi\u2019 devam ediyor.\u00a0<\/span><br style=\"box-sizing: border-box; font-family: sans-serif; font-size: 14px; line-height: 20px; text-align: justify; background-color: rgb(242, 244, 245);\" \/><br \/>\n<span style=\"font-family: sans-serif; line-height: 20px; text-align: justify; background-color: rgb(242, 244, 245);\">\u00c7aml\u0131yayla\u2019da verim ve kalite \u00f6zellikleri y\u00fcksek, depolamaya dayan\u0131kl\u0131 sofral\u0131k 5 bin 200 adet Red Globe \u00e7e\u015fidi \u00fcz\u00fcm da\u011f\u0131t\u0131m\u0131 yap\u0131l\u0131rken, G\u00fclnar i\u00e7in de y\u00f6reye \u00f6zg\u00fc, y\u00fcksek kar getirisine sahip ve kurutmal\u0131k olarak de\u011ferlendirilen 17 bin adet kurutmal\u0131k ki\u015fni\u015f \u00fcz\u00fcm\u00fc \u00e7e\u015fidinin de da\u011f\u0131t\u0131m\u0131 ger\u00e7ekle\u015ftirilecek.\u00a0<\/span><br style=\"box-sizing: border-box; font-family: sans-serif; font-size: 14px; line-height: 20px; text-align: justify; background-color: rgb(242, 244, 245);\" \/><br \/>\n<span style=\"font-family: sans-serif; line-height: 20px; text-align: justify; background-color: rgb(242, 244, 245);\">\u00dcreticiler do\u011fru bildikleri yanl\u0131\u015flardan e\u011fitimler sayesinde kurtuluyor\u00a0<\/span><br style=\"box-sizing: border-box; font-family: sans-serif; font-size: 14px; line-height: 20px; text-align: justify; background-color: rgb(242, 244, 245);\" \/><br \/>\n<span style=\"font-family: sans-serif; line-height: 20px; text-align: justify; background-color: rgb(242, 244, 245);\">A\u015f\u0131l\u0131 asma fidan\u0131 da\u011f\u0131t\u0131m\u0131 \u00f6ncesinde, Mersin B\u00fcy\u00fck\u015fehir Belediyesi Tar\u0131msal Hizmetler Dairesi Ba\u015fkanl\u0131\u011f\u0131 ile Alata Bah\u00e7e K\u00fclt\u00fcrleri Ara\u015ft\u0131rma Enstit\u00fcs\u00fc M\u00fcd\u00fcrl\u00fc\u011f\u00fc personelleri taraf\u0131ndan \u00fcreticilere e\u011fitim verildi.\u00a0<\/span><br style=\"box-sizing: border-box; font-family: sans-serif; font-size: 14px; line-height: 20px; text-align: justify; background-color: rgb(242, 244, 245);\" \/><br \/>\n<span style=\"font-family: sans-serif; line-height: 20px; text-align: justify; background-color: rgb(242, 244, 245);\">E\u011fitimde Alata Bah\u00e7e K\u00fclt\u00fcrleri Ara\u015ft\u0131rma Enstit\u00fcs\u00fc M\u00fcd\u00fcrl\u00fc\u011f\u00fc Ziraat M\u00fchendisi Mehmet Erdem Kiraz, ba\u011f tesisi ve yeti\u015ftirme teknikleri, bir ba\u011f\u0131n nas\u0131l tesis edilmesi gerekti\u011fi, filoksera b\u00f6ce\u011finin ba\u011fc\u0131l\u0131\u011fa olan zarar\u0131, ba\u011f tesisinde yer, \u00e7e\u015fit ve ana\u00e7 se\u00e7imi, ba\u011f yerinin haz\u0131rlanmas\u0131, dikim plan\u0131n\u0131n olu\u015fturulmas\u0131, fidanlar\u0131n dikimi ve bak\u0131m i\u015flemleri hakk\u0131nda \u00fcreticileri bilgilendirildi. Ayr\u0131ca, \u00c7aml\u0131yayla il\u00e7esinde yeti\u015ftirilen ve d\u00fcnyada da yeti\u015ftiricili\u011fi yap\u0131lan en \u00f6nemli sofral\u0131k \u00fcz\u00fcm \u00e7e\u015fitlerinden birisi olan Red Globe \u00fcz\u00fcm\u00fcn\u00fc zararl\u0131lara ve di\u011fer olumsuzluklara kar\u015f\u0131 dayan\u0131kl\u0131 hale getirmek ve \u00fcretimde verim sa\u011flayabilmek amac\u0131yla neler yap\u0131lmas\u0131 gerekti\u011fi anlat\u0131ld\u0131.\u00a0<\/span><br style=\"box-sizing: border-box; font-family: sans-serif; font-size: 14px; line-height: 20px; text-align: justify; background-color: rgb(242, 244, 245);\" \/><br \/>\n<span style=\"font-family: sans-serif; line-height: 20px; text-align: justify; background-color: rgb(242, 244, 245);\">Ziraat M\u00fchendisi Mehmet Erdem Kiraz, B\u00fcy\u00fck\u015fehir Belediyesi i\u015f birli\u011fi ile y\u00fcr\u00fct\u00fclen projeyle \u00fcreticiye do\u011frudan katk\u0131 sa\u011flamay\u0131 hedeflediklerini ifade etti.\u00a0<\/span><br style=\"box-sizing: border-box; font-family: sans-serif; font-size: 14px; line-height: 20px; text-align: justify; background-color: rgb(242, 244, 245);\" \/><br \/>\n<span style=\"font-family: sans-serif; line-height: 20px; text-align: justify; background-color: rgb(242, 244, 245);\">Bu hizmetlerle \u00c7aml\u0131yayla ekonomisi can bulacak\u00a0<\/span><br style=\"box-sizing: border-box; font-family: sans-serif; font-size: 14px; line-height: 20px; text-align: justify; background-color: rgb(242, 244, 245);\" \/><br \/>\n<span style=\"font-family: sans-serif; line-height: 20px; text-align: justify; background-color: rgb(242, 244, 245);\">\u0130l\u00e7ede Red Globe \u00fcz\u00fcm \u00e7e\u015fidinin da\u011f\u0131t\u0131m\u0131n\u0131n yap\u0131ld\u0131\u011f\u0131 programa kat\u0131lan \u00c7aml\u0131yayla Belediye Ba\u015fkan\u0131 \u0130smail Tepeba\u011fl\u0131, \u201cBug\u00fcn Sebil\u2019de Red Globe asma fidan\u0131 da\u011f\u0131t\u0131m\u0131 i\u00e7in topland\u0131k. Sebil\u2019in ge\u00e7mi\u015fine bakt\u0131\u011f\u0131n\u0131z zaman \u00e7ok fazla \u00fcz\u00fcm sat\u0131\u015f\u0131 vard\u0131. Filoksera hastal\u0131\u011f\u0131ndan kaynakl\u0131 Sebil\u2019de \u00fcz\u00fcm hasad\u0131 bitmi\u015f durumdayd\u0131. Ama Mersin B\u00fcy\u00fck\u015fehir Belediyemizin bu destekleriyle \u015fimdi tekrar Sebil eskiden oldu\u011fu gibi \u00fcz\u00fcm ve yaprak sat\u0131\u015f\u0131na devam edecek diye d\u00fc\u015f\u00fcn\u00fcyoruz. \u0130n\u015fallah bunun faydas\u0131n\u0131 1-2 y\u0131l sonra g\u00f6rece\u011fiz. Sebil tekrar canlanacak, Sebil\u2019den g\u00f6\u00e7 eden insanlar\u0131m\u0131z tekrardan buraya gelecekler. B\u00f6ylece Sebil\u2019in ve \u00c7aml\u0131yayla\u2019n\u0131n ekonomisi canlanacak&#8221; dedi.\u00a0<\/span><br style=\"box-sizing: border-box; font-family: sans-serif; font-size: 14px; line-height: 20px; text-align: justify; background-color: rgb(242, 244, 245);\" \/><br \/>\n<span style=\"font-family: sans-serif; line-height: 20px; text-align: justify; background-color: rgb(242, 244, 245);\">Sebil Mahalle Muhtar\u0131 Emin Bozkurt da \u00f6nceki y\u0131llarda \u00c7aml\u0131yayla il\u00e7esinde tonlarca \u00fcz\u00fcm hasad\u0131 yap\u0131l\u0131rken, g\u00fcn\u00fcm\u00fczde zararl\u0131 hastal\u0131k sonucunda \u00fcz\u00fcm veriminin azald\u0131\u011f\u0131na dikkat \u00e7ekerek, \u201cSebil\u2019de 1999 y\u0131llar\u0131nda 5 ton \u00fcz\u00fcm \u00e7\u0131k\u0131yordu. \u015eu anda filoreksa hastal\u0131\u011f\u0131ndan dolay\u0131 \u00fcz\u00fcm miktar\u0131 1 tona d\u00fc\u015ft\u00fc ve daha da d\u00fc\u015fmeye devam ediyordu. Sa\u011f olsun ba\u015fkan\u0131m\u0131z bu konuda bizlere katk\u0131 yapt\u0131. Bu hizmetlerin devam\u0131n\u0131n gelmesini istiyorum. B\u00f6ylece Sebil\u2019in ekonomisi de artar. Bu asma fidan\u0131 \u00fcreticilerin r\u00fcyas\u0131na giriyordu. Vatanda\u015flar aray\u0131\u015f i\u00e7erisindeydi. Bunlar yar\u0131n dikilecek ve \u00fcz\u00fcm hasad\u0131na in\u015fallah sizler de gelip g\u00f6receksiniz\u201d diye konu\u015ftu.\u00a0<\/span><\/span><\/p>\n","protected":false},"excerpt":{"rendered":"<p>Mersin B\u00fcy\u00fck\u015fehir Belediyesince, ba\u011fc\u0131l\u0131k ile ge\u00e7imini sa\u011flayan \u00fcz\u00fcm \u00fcreticilerine y\u00f6nelik hayata ge\u00e7irilen \u2018A\u015f\u0131l\u0131 Asma Fidan\u0131 \u00dcretimi Projesi\u2019 kapsam\u0131nda, \u00c7aml\u0131yayla il\u00e7esinde 5 bin 200 adet a\u015f\u0131l\u0131 asma fidan\u0131 da\u011f\u0131t\u0131ld\u0131. Mersin B\u00fcy\u00fck\u015fehir &hellip; <a href=\"https:\/\/akdenizolaygazetesi.com\/?p=1533\" class=\"more-link\">Devam\u0131n\u0131 Oku&#8230;<\/a><\/p>\n","protected":false},"author":1,"featured_media":0,"comment_status":"open","ping_status":"open","sticky":false,"template":"","format":"standard","meta":[],"categories":[],"tags":[],"_links":{"self":[{"href":"https:\/\/akdenizolaygazetesi.com\/index.php?rest_route=\/wp\/v2\/posts\/1533"}],"collection":[{"href":"https:\/\/akdenizolaygazetesi.com\/index.php?rest_route=\/wp\/v2\/posts"}],"about":[{"href":"https:\/\/akdenizolaygazetesi.com\/index.php?rest_route=\/wp\/v2\/types\/post"}],"author":[{"embeddable":true,"href":"https:\/\/akdenizolaygazetesi.com\/index.php?rest_route=\/wp\/v2\/users\/1"}],"replies":[{"embeddable":true,"href":"https:\/\/akdenizolaygazetesi.com\/index.php?rest_route=%2Fwp%2Fv2%2Fcomments&post=1533"}],"version-history":[{"count":0,"href":"https:\/\/akdenizolaygazetesi.com\/index.php?rest_route=\/wp\/v2\/posts\/1533\/revisions"}],"wp:attachment":[{"href":"https:\/\/akdenizolaygazetesi.com\/index.php?rest_route=%2Fwp%2Fv2%2Fmedia&parent=1533"}],"wp:term":[{"taxonomy":"category","embeddable":true,"href":"https:\/\/akdenizolaygazetesi.com\/index.php?rest_route=%2Fwp%2Fv2%2Fcategories&post=1533"},{"taxonomy":"post_tag","embeddable":true,"href":"https:\/\/akdenizolaygazetesi.com\/index.php?rest_route=%2Fwp%2Fv2%2Ftags&post=1533"}],"curies":[{"name":"wp","href":"https:\/\/api.w.org\/{rel}","templated":true}]}}