{"id":15331,"date":"2021-11-25T13:12:52","date_gmt":"2021-11-25T10:12:52","guid":{"rendered":"http:\/\/akdenizolaygazetesi.com\/?p=15331"},"modified":"2021-11-25T13:12:52","modified_gmt":"2021-11-25T10:12:52","slug":"baskan-yilmaz-ogretmenlerle-yemekte-bir-araya-geldi","status":"publish","type":"post","link":"https:\/\/akdenizolaygazetesi.com\/?p=15331","title":{"rendered":"BA\u015eKAN YILMAZ, \u00d6\u011eRETMENLERLE YEMEKTE B\u0130R ARAYA GELD\u0130"},"content":{"rendered":"<p>Ba\u015fkan Y\u0131lmaz, \u00d6\u011fretmenler G\u00fcn\u00fc\u2019nde \u0130l\u00e7edeki En Gen\u00e7 Ve En Ya\u015fl\u0131 \u00d6\u011fretmenle Birlikte Pasta Kesti.<\/p>\n<p>Toroslar Belediye Ba\u015fkan\u0131 Ats\u0131z Af\u015f\u0131n Y\u0131lmaz, 24 Kas\u0131m \u00d6\u011fretmenler G\u00fcn\u00fc dolay\u0131s\u0131yla il\u00e7ede g\u00f6rev yapan \u00f6\u011fretmenleri birlik ve beraberlik yeme\u011finde bulu\u015fturdu.<\/p>\n<p>E\u011fitim ve \u00f6\u011fretime her zaman desteklerini sunan Ba\u015fkan Y\u0131lmaz\u2019a, programda \u00f6\u011fretmen e\u015fi Meltem Y\u0131lmaz da e\u015flik etti.<\/p>\n<p>S\u0131ra gecesiyle renklenen yemekte e\u011fitimciler, canl\u0131 m\u00fczik e\u015fli\u011finde g\u00f6n\u00fcllerince e\u011flendi. Ba\u015fkan Y\u0131lmaz da \u00f6\u011fretmenlerle birlikte halay \u00e7ekti, kutlamalara ortak oldu ve t\u00fcm e\u011fitim camias\u0131n\u0131n \u00d6\u011fretmenler G\u00fcn\u00fc\u2019n\u00fc kutlad\u0131.<\/p>\n<p>Programa; Mersin \u0130l Milli E\u011fitim M\u00fcd\u00fcr\u00fc Adem Koca, Toroslar \u0130l\u00e7e Milli E\u011fitim M\u00fcd\u00fcr\u00fc Nazmi Kendigelen, MHP Toroslar \u0130l\u00e7e Ba\u015fkan\u0131 H\u00fcsn\u00fc Do\u011fan, Toroslar \u00dclk\u00fc Ocaklar\u0131 Ba\u015fkan\u0131 Vural Koparan, AK Parti Toroslar Kad\u0131n Kollar\u0131 Ba\u015fkan\u0131 Nalan Erden, belediye meclis \u00fcyeleri, idareciler, g\u00f6revdeki \u00f6\u011fretmenler ile emekli \u00f6\u011fretmenler kat\u0131ld\u0131.<\/p>\n<p>Ba\u015fkan Y\u0131lmaz: \u201c\u00d6\u011fretmenler, Gelece\u011fimizin Mimarlar\u0131\u201d<\/p>\n<p>Toroslar Belediye Ba\u015fkan\u0131 Ats\u0131z Af\u015f\u0131n Y\u0131lmaz, programa kat\u0131lan t\u00fcm \u00f6\u011fretmenlere te\u015fekk\u00fcr ederek; \u201cB\u00fcy\u00fck \u00f6nderimiz ve ba\u015f\u00f6\u011fretmenimiz Gazi Mustafa Kemal Atat\u00fcrk\u2019\u00fcn; \u201c\u00d6\u011fretmenler! Cumhuriyet sizden fikri h\u00fcr, vicdan\u0131 h\u00fcr, irfan\u0131 h\u00fcr nesiller ister\u201d hedefini her ko\u015fulda umutla ve inan\u00e7la s\u00fcrd\u00fcrece\u011finize, iyiye ve g\u00fczele dair ne varsa il\u00e7emiz ve \u00e7ocuklar\u0131m\u0131z i\u00e7in birlikte ba\u015faraca\u011f\u0131m\u0131za olan inanc\u0131m\u0131z tam\u201d dedi.<\/p>\n<p>\u201c\u00d6\u011fretmen \u00e7ocu\u011fu, \u00f6\u011fretmen e\u015fi ve iki \u00e7ocu\u011funu \u00f6\u011fretmenlere emanet etmi\u015f bir baba olarak t\u00fcm \u00f6\u011fretmenlerimizin \u00d6\u011fretmenler G\u00fcn\u00fc\u2019n\u00fc kutluyorum\u201d diyen Ba\u015fkan Y\u0131lmaz; \u201cHep beraber ba\u015frolde sizler olmak \u00fczere yeni nesillere gelece\u011fe haz\u0131rl\u0131yoruz. Bizler, bir, beraber, huzurlu ve mutlu olduk\u00e7a, gelecek nesillerimiz de huzurlu, mutlu ve ba\u015far\u0131l\u0131 olacakt\u0131r. Onlar, milletimizi, devletimizi, toplumumuzu daha g\u00fczel, daha parlak gelece\u011fe hep beraber ta\u015f\u0131yacakt\u0131r. Ba\u015fta Cumhuriyetimizin kurucusu, ba\u015f\u00f6\u011fretmen Mustafa Kemal Atat\u00fcrk olmak \u00fczere ebediyete intikal eden t\u00fcm \u015fehitleri ve bilhassa bayra\u011f\u0131m\u0131z\u0131n dalgaland\u0131\u011f\u0131 her yerde \u015fanla, \u015ferefle g\u00f6rev yapmaktayken \u015fehit olan \u00f6\u011fretmenleri rahmet ve minnetle an\u0131yorum\u201d \u015feklinde konu\u015ftu.<\/p>\n<p>\u0130l Milli E\u011fitim M\u00fcd\u00fcr\u00fc Koca; \u201cT\u00fcm \u00d6\u011fretmen Arkada\u015flar\u0131ma Te\u015fekk\u00fcr Ederim\u201d<\/p>\n<p>Mersin \u0130l Milli E\u011fitim M\u00fcd\u00fcr\u00fc Adem Koca da Ba\u015fkan Y\u0131lmaz\u2019a kendilerini b\u00f6yle bir programda a\u011f\u0131rlad\u0131\u011f\u0131 i\u00e7in te\u015fekk\u00fcr ederek; \u201cBug\u00fcn fedakarca \u00e7al\u0131\u015fan ve etraf\u0131na \u0131\u015f\u0131k sa\u00e7an kahramanlar\u0131n g\u00fcn\u00fc. \u015eehit olan, vefat eden \u00f6\u011fretmenlerimizi sayg\u0131, minnetle an\u0131yorum. Bu \u015fehirde g\u00f6rev yapan \u00f6\u011fretmen arkada\u015flar\u0131ma g\u00f6stermi\u015f olduklar\u0131 \u00e7abadan, gayretten ve samimiyetten dolay\u0131 te\u015fekk\u00fcr ediyorum\u201d ifadelerini kulland\u0131.<\/p>\n<p>Kaymakam \u00c7enet; \u201c\u00d6\u011fretmenler G\u00fcn\u00fcn\u00fcz Kutlu Olsun\u201d<\/p>\n<p>Toroslar Kaymakam\u0131 \u0130brahim \u00c7enet de t\u00fcm \u00f6\u011fretmenlerin \u00d6\u011fretmenler G\u00fcn\u00fc\u2019n\u00fc kutlayarak; \u201c\u00dclkemizin d\u00f6rt bir yan\u0131nda g\u00f6rev yapan \u00f6\u011fretmenlerimizin; yar\u0131nlar\u0131m\u0131z\u0131, gelece\u011fimizi in\u015fa ederken ne kadar fedakarca \u00e7al\u0131\u015ft\u0131klar\u0131n\u0131 g\u00f6r\u00fcyoruz. Bu g\u00f6revi ifa ederken \u015fehit olan Ayb\u00fcke \u00f6\u011fretmenimizi, Necmettin \u00f6\u011fretmenimizi unutmad\u0131k. Ba\u015fta ba\u015f\u00f6\u011fretmenimiz Gazi Mustafa Kemal Atat\u00fcrk olmak \u00fczere t\u00fcm \u015fehit \u00f6\u011fretmenlerimizi minnet ve \u015f\u00fckranla an\u0131yorum. B\u00f6yle bir programa ev sahipli\u011fi yapt\u0131\u011f\u0131 i\u00e7in k\u0131ymetli Ba\u015fkan\u0131m\u0131za te\u015fekk\u00fcr ediyorum\u201d diye konu\u015ftu.<\/p>\n<p>\u00d6\u011fretmenler G\u00fcn\u00fc\u2019nde Duyguland\u0131ran Kutlama<\/p>\n<p>Konu\u015fmalar\u0131n ard\u0131ndan Ba\u015fkan Y\u0131lmaz, programa kat\u0131lan en ya\u015fl\u0131 \u00f6\u011fretmen 85 ya\u015f\u0131ndaki Ahmet \u00d6zel ve en gen\u00e7 \u00f6\u011fretmen 26 ya\u015f\u0131ndaki Ay\u015fe G\u00f6len ile birlikte pasta kesti.<\/p>\n<p>Protokol \u00fcyeleri ile \u00f6\u011fretmenlerin de e\u015flik etti\u011fi pasta kesimi s\u0131ras\u0131nda 85 ya\u015f\u0131ndaki Ahmet \u00d6zel, g\u00fcn\u00fcn anlam ve \u00f6nemini belirten bir \u015fiir okuyarak, herkesi duyguland\u0131rd\u0131.<\/p>\n<p>Ba\u015fkan Y\u0131lmaz\u2019a e\u011fitime ve spora sundu\u011fu desteklerinden dolay\u0131 te\u015fekk\u00fcr eden \u00d6zel;  \u201cMatematik \u00f6\u011fretmeniyim. Masa tenisinde kategorimde d\u00fcnya \u015fampiyonu oldum. Almanya\u2019da ger\u00e7ekle\u015ftirilen d\u00fcnya \u015fampiyonas\u0131nda \u201cD\u00fcnyan\u0131n en sempatik, en centilmen\u201d \u00f6d\u00fcl\u00fcn\u00fc ald\u0131m. Bu programda bulunmaktan b\u00fcy\u00fck mutluluk duydum ve \u00e7ok duyguland\u0131m. Ba\u015fkan\u0131m\u0131za te\u015fekk\u00fcr ederim\u201d dedi.<\/p>\n","protected":false},"excerpt":{"rendered":"<p>Ba\u015fkan Y\u0131lmaz, \u00d6\u011fretmenler G\u00fcn\u00fc\u2019nde \u0130l\u00e7edeki En Gen\u00e7 Ve En Ya\u015fl\u0131 \u00d6\u011fretmenle Birlikte Pasta Kesti. Toroslar Belediye Ba\u015fkan\u0131 Ats\u0131z Af\u015f\u0131n Y\u0131lmaz, 24 Kas\u0131m \u00d6\u011fretmenler G\u00fcn\u00fc dolay\u0131s\u0131yla il\u00e7ede g\u00f6rev yapan \u00f6\u011fretmenleri birlik &hellip; <a href=\"https:\/\/akdenizolaygazetesi.com\/?p=15331\" class=\"more-link\">Devam\u0131n\u0131 Oku&#8230;<\/a><\/p>\n","protected":false},"author":2,"featured_media":15332,"comment_status":"open","ping_status":"open","sticky":false,"template":"","format":"standard","meta":[],"categories":[8,3,5,6],"tags":[],"_links":{"self":[{"href":"https:\/\/akdenizolaygazetesi.com\/index.php?rest_route=\/wp\/v2\/posts\/15331"}],"collection":[{"href":"https:\/\/akdenizolaygazetesi.com\/index.php?rest_route=\/wp\/v2\/posts"}],"about":[{"href":"https:\/\/akdenizolaygazetesi.com\/index.php?rest_route=\/wp\/v2\/types\/post"}],"author":[{"embeddable":true,"href":"https:\/\/akdenizolaygazetesi.com\/index.php?rest_route=\/wp\/v2\/users\/2"}],"replies":[{"embeddable":true,"href":"https:\/\/akdenizolaygazetesi.com\/index.php?rest_route=%2Fwp%2Fv2%2Fcomments&post=15331"}],"version-history":[{"count":1,"href":"https:\/\/akdenizolaygazetesi.com\/index.php?rest_route=\/wp\/v2\/posts\/15331\/revisions"}],"predecessor-version":[{"id":15333,"href":"https:\/\/akdenizolaygazetesi.com\/index.php?rest_route=\/wp\/v2\/posts\/15331\/revisions\/15333"}],"wp:featuredmedia":[{"embeddable":true,"href":"https:\/\/akdenizolaygazetesi.com\/index.php?rest_route=\/wp\/v2\/media\/15332"}],"wp:attachment":[{"href":"https:\/\/akdenizolaygazetesi.com\/index.php?rest_route=%2Fwp%2Fv2%2Fmedia&parent=15331"}],"wp:term":[{"taxonomy":"category","embeddable":true,"href":"https:\/\/akdenizolaygazetesi.com\/index.php?rest_route=%2Fwp%2Fv2%2Fcategories&post=15331"},{"taxonomy":"post_tag","embeddable":true,"href":"https:\/\/akdenizolaygazetesi.com\/index.php?rest_route=%2Fwp%2Fv2%2Ftags&post=15331"}],"curies":[{"name":"wp","href":"https:\/\/api.w.org\/{rel}","templated":true}]}}