{"id":15334,"date":"2021-11-25T13:14:38","date_gmt":"2021-11-25T10:14:38","guid":{"rendered":"http:\/\/akdenizolaygazetesi.com\/?p=15334"},"modified":"2021-11-25T13:14:38","modified_gmt":"2021-11-25T10:14:38","slug":"chpli-ali-mahir-basarir-akpye-yakin-sirketlerin-yargilanmaktan-bir-muafiyeti-mi-var","status":"publish","type":"post","link":"https:\/\/akdenizolaygazetesi.com\/?p=15334","title":{"rendered":"CHP\u2019L\u0130 AL\u0130 MAH\u0130R BA\u015eARIR: \u201cAKP\u2019YE YAKIN \u015e\u0130RKETLER\u0130N YARGILANMAKTAN B\u0130R MUAF\u0130YET\u0130 M\u0130 VAR\u201d"},"content":{"rendered":"<p>CHP Mersin Milletvekili Ali Mahir Ba\u015far\u0131r, d\u00fcn ge\u00e7 saatlerde Adalet Bakanl\u0131\u011f\u0131 b\u00fct\u00e7esi komisyon g\u00f6r\u00fc\u015fmelerinde Adalet Bakan\u0131 Abd\u00fclhamit G\u00fcl\u2019e kritik sorular y\u00f6neltti.<br \/>\nCHP\u2019li Ba\u015far\u0131r, \u201cSay\u0131\u015ftay raporlar\u0131nda, Yarg\u0131tay binas\u0131 yap\u0131m\u0131n\u0131 denetlemek \u00fczere ihaleyle al\u0131nan l\u00fcks ara\u00e7lar, \u00c7e\u015fme\u2019de, Bodrum\u2019da, Alt\u0131noluk\u2019ta tatil yerlerinde  ortaya \u00e7\u0131k\u0131yor. Say\u0131\u015ftay su\u00e7tur diyor ancak bu olanlar i\u00e7in tek bir soru\u015fturma a\u00e7\u0131lm\u0131yor\u201d dedi.<\/p>\n<p>ALINAN ARA\u00c7LAR \u00c7E\u015eMEDE, ALTINOLUK\u2019TA \u00c7IKIYOR<\/p>\n<p>Say\u0131\u015ftay\u2019\u0131n, 2020 y\u0131l\u0131 raporunda, bakanl\u0131k ihalelerini incelerken bir\u00e7ok usuls\u00fczl\u00fck tespit etti\u011fini ifade eden CHP\u2019li Ba\u015far\u0131r, \u201cBu ihalelerin \u00f6zellikle 72 tanesini inceledim ki benim dudaklar\u0131m u\u00e7uklad\u0131. Say\u0131n Bakan, birka\u00e7 tane \u00f6rnek vermek isterim. Yarg\u0131tay binas\u0131n\u0131n yap\u0131m\u0131nda \u00c7evre ve \u015eehircilik Bakanl\u0131\u011f\u0131, Yarg\u0131tay binas\u0131n\u0131 denetlemek \u00fczere 6 tane l\u00fcks ara\u00e7 kiral\u0131yor. L\u00fcks ara\u00e7 da olsa kiralas\u0131n ve Say\u0131\u015ftay raporunda bak\u0131n bu. Bu ara\u00e7lara bir bak\u0131yoruz ki \u00c7e\u015fme\u2019de, Bodrum\u2019da, Alt\u0131noluk\u2019ta, tatil yerlerinde \u00e7\u0131k\u0131yor. Say\u0131\u015ftay, bir su\u00e7tur diyor, ancak a\u00e7\u0131lan tek bir soru\u015fturma dahi yok say\u0131n Bakan\u201d s\u00f6zlerini dile getirdi.<\/p>\n<p>3 AYRI TEKL\u0130F\u0130 VEREN DE AYNI \u015e\u0130RKET<\/p>\n<p>CHP\u2019li Ba\u015far\u0131r, bir ba\u015fka verdi\u011fi \u00f6rnekte ise \u201cYap\u0131lan bir ba\u015fka ihalede, 3 farkl\u0131 \u015firketten farkl\u0131 zarfta teklif al\u0131nmas\u0131 gerekirken 3 ayr\u0131 teklifi veren de ayn\u0131 \u015firket. \u0130hale yap\u0131lm\u0131\u015f ve Say\u0131\u015ftay belirtmi\u015f bu durumu ama soru\u015fturma yok. Yani, Ceza Usul Kanunu\u2019ndaki re\u2019sen soru\u015fturma yetkisi savc\u0131lara verilmi\u015f. Bunu muhaliflere kullans\u0131n diye mi verilmi\u015f? Bak\u0131n kamuoyuyla payla\u015ft\u0131k, bir savc\u0131 \u00e7\u0131k\u0131p da bir soru\u015fturma a\u00e7maz m\u0131 say\u0131n Bakan? AKP\u2019ye yak\u0131n \u015firketlerin yarg\u0131lanmaktan bir muafiyeti mi var? Biz cumartesi bir a\u00e7\u0131klama yap\u0131yoruz. Pazar g\u00fcn\u00fc pijamas\u0131n\u0131 \u00e7\u0131kart\u0131p pantolonunu giyip soru\u015fturma a\u00e7\u0131yor savc\u0131lar. Burada bir e\u015fitsizlik var. Burada bir haks\u0131zl\u0131k var. Ben sizin yolsuzluk konusundaki hassasiyetinizi biliyorum, ben bu konuda sizlerle ilgili \u00e7ok ki\u015fiyle konu\u015ftum ama bir \u015fey duymad\u0131m ama l\u00fctfen bunu s\u00f6yleyin, bunu konu\u015fun. Bizim param\u0131z bu. \u00d6yle ihalelerde usuls\u00fczl\u00fck yap\u0131lm\u0131\u015f ki yeni sistemde Say\u0131\u015ftay\u2019\u0131n bu konuda su\u00e7 duyurusunda bulunma hakk\u0131 da yok. Ama maalesef ki bunlarla ilgili bir soru\u015fturma a\u00e7an da yok. Yap\u0131lanlar bunlar\u0131n yan\u0131na k\u00e2r kal\u0131yor\u201d dedi.<\/p>\n<p>SEZG\u0130N BARAN KORKMAZ NEDEN BU \u00dcLKEDE DE\u011e\u0130L?<\/p>\n<p>Konu\u015fmas\u0131n\u0131n sonunda Sezgin Baran Korkmaz\u2019a de\u011finen CHP\u2019li Ba\u015far\u0131r, \u201cSezgin Baran Korkmaz elinizdeydi. Ne oldu? MASAK raporu bahane edilerek ki MASAK raporu hen\u00fcz gelmemi\u015fti. MASAK, raporu haz\u0131rl\u0131yoruz, demi\u015fti. \u00d6nce malvarl\u0131\u011f\u0131 \u00fczerindeki tedbir kald\u0131r\u0131ld\u0131 sonra yurtd\u0131\u015f\u0131 yasa\u011f\u0131 kald\u0131r\u0131ld\u0131 ve Sezgin Baran Korkmaz \u00fclke d\u0131\u015f\u0131na gitti. Say\u0131n bakan, bu i\u015flemi yapan iki ki\u015fiden birisi yard\u0131mc\u0131n\u0131z Hasan Y\u0131lmaz, bir tanesi de Anayasa Mahkemesi \u00fcyesi \u0130rfan Fidan. Neden? Olur mu bu? Sezgin Baran Korkmaz neden bu \u00fclkede de\u011fil? Say\u0131n Bakan hi\u00e7 MASAK raporuna bakt\u0131n\u0131z m\u0131 bilmiyorum ama sonu\u00e7 b\u00f6l\u00fcm\u00fcnden 3 tane su\u00e7 s\u00f6yleyeyim size; doland\u0131r\u0131c\u0131l\u0131k, resmi evrakta sahtecilik ve kara para aklama su\u00e7unun i\u015flendi\u011fine dair kanaat olu\u015fmu\u015ftur diyor. Ancak bu ki\u015finin yurtd\u0131\u015f\u0131 \u00e7\u0131k\u0131\u015f yasa\u011f\u0131n\u0131 kald\u0131ran, malvarl\u0131\u011f\u0131ndaki tedbiri kald\u0131ran 2 ki\u015fiden biri yan\u0131n\u0131zda biri de Anayasa Mahkemesi\u2019nde say\u0131n Bakan. Ger\u00e7ekten bunlar \u00fcz\u00fcnt\u00fc verici \u015feylerdir. Biz yarg\u0131n\u0131n, tarafs\u0131z ve ba\u011f\u0131ms\u0131z olmas\u0131n\u0131 istiyoruz. Yarg\u0131n\u0131n tart\u0131\u015f\u0131lmas\u0131n\u0131 istemiyoruz, savc\u0131lar\u0131n, hakimlerin tart\u0131\u015f\u0131lmas\u0131n\u0131 istemiyoruz ama inan\u0131n bunlar can\u0131m\u0131z\u0131 ac\u0131t\u0131yor\u201d s\u00f6zlerini ifade etti.<\/p>\n","protected":false},"excerpt":{"rendered":"<p>CHP Mersin Milletvekili Ali Mahir Ba\u015far\u0131r, d\u00fcn ge\u00e7 saatlerde Adalet Bakanl\u0131\u011f\u0131 b\u00fct\u00e7esi komisyon g\u00f6r\u00fc\u015fmelerinde Adalet Bakan\u0131 Abd\u00fclhamit G\u00fcl\u2019e kritik sorular y\u00f6neltti. CHP\u2019li Ba\u015far\u0131r, \u201cSay\u0131\u015ftay raporlar\u0131nda, Yarg\u0131tay binas\u0131 yap\u0131m\u0131n\u0131 denetlemek \u00fczere &hellip; <a href=\"https:\/\/akdenizolaygazetesi.com\/?p=15334\" class=\"more-link\">Devam\u0131n\u0131 Oku&#8230;<\/a><\/p>\n","protected":false},"author":2,"featured_media":15335,"comment_status":"open","ping_status":"open","sticky":false,"template":"","format":"standard","meta":[],"categories":[3,5,6],"tags":[],"_links":{"self":[{"href":"https:\/\/akdenizolaygazetesi.com\/index.php?rest_route=\/wp\/v2\/posts\/15334"}],"collection":[{"href":"https:\/\/akdenizolaygazetesi.com\/index.php?rest_route=\/wp\/v2\/posts"}],"about":[{"href":"https:\/\/akdenizolaygazetesi.com\/index.php?rest_route=\/wp\/v2\/types\/post"}],"author":[{"embeddable":true,"href":"https:\/\/akdenizolaygazetesi.com\/index.php?rest_route=\/wp\/v2\/users\/2"}],"replies":[{"embeddable":true,"href":"https:\/\/akdenizolaygazetesi.com\/index.php?rest_route=%2Fwp%2Fv2%2Fcomments&post=15334"}],"version-history":[{"count":1,"href":"https:\/\/akdenizolaygazetesi.com\/index.php?rest_route=\/wp\/v2\/posts\/15334\/revisions"}],"predecessor-version":[{"id":15336,"href":"https:\/\/akdenizolaygazetesi.com\/index.php?rest_route=\/wp\/v2\/posts\/15334\/revisions\/15336"}],"wp:featuredmedia":[{"embeddable":true,"href":"https:\/\/akdenizolaygazetesi.com\/index.php?rest_route=\/wp\/v2\/media\/15335"}],"wp:attachment":[{"href":"https:\/\/akdenizolaygazetesi.com\/index.php?rest_route=%2Fwp%2Fv2%2Fmedia&parent=15334"}],"wp:term":[{"taxonomy":"category","embeddable":true,"href":"https:\/\/akdenizolaygazetesi.com\/index.php?rest_route=%2Fwp%2Fv2%2Fcategories&post=15334"},{"taxonomy":"post_tag","embeddable":true,"href":"https:\/\/akdenizolaygazetesi.com\/index.php?rest_route=%2Fwp%2Fv2%2Ftags&post=15334"}],"curies":[{"name":"wp","href":"https:\/\/api.w.org\/{rel}","templated":true}]}}