{"id":15346,"date":"2021-11-25T13:21:46","date_gmt":"2021-11-25T10:21:46","guid":{"rendered":"http:\/\/akdenizolaygazetesi.com\/?p=15346"},"modified":"2021-11-25T13:21:46","modified_gmt":"2021-11-25T10:21:46","slug":"mersin-buyuksehirden-638-ureticiye-19-bin-690-ceviz-fidani","status":"publish","type":"post","link":"https:\/\/akdenizolaygazetesi.com\/?p=15346","title":{"rendered":"MERS\u0130N B\u00dcY\u00dcK\u015eEH\u0130R\u2019DEN 638 \u00dcRET\u0130C\u0130YE 19 B\u0130N 690 CEV\u0130Z F\u0130DANI"},"content":{"rendered":"<p>Mersin B\u00fcy\u00fck\u015fehir Belediyesi Tar\u0131msal ve Veteriner Hizmetleri Dairesi\u2019nin \u2018\u00dcreticimize Hep Destek, Tam Destek\u2019 slogan\u0131yla ger\u00e7ekle\u015ftirdi\u011fi fide, fidan ve so\u011fan da\u011f\u0131t\u0131m\u0131 projeleri kapsam\u0131nda bu kez de ceviz fidan\u0131 da\u011f\u0131t\u0131m\u0131 ger\u00e7ekle\u015ftiriliyor. Proje ile \u00c7aml\u0131yayla, Erdemli, G\u00fclnar, Mezitli, Mut, Silifke, Tarsus ve Toroslar il\u00e7elerinde ya\u015fayan \u00fcreticilere, ana \u00e7e\u015fit olarak chandler, tozlay\u0131c\u0131 \u00e7e\u015fit olarak da fernette ceviz fidanlar\u0131 %50 \u00fcretici katk\u0131 payl\u0131 olarak veriliyor.<br \/>\n\u201cCeviz Fidan\u0131 Da\u011f\u0131t\u0131m\u0131 Projesi\u201d kapsam\u0131nda, 8 il\u00e7ede toplam 110 mahallede 132\u2019si kad\u0131n, 506\u2019s\u0131 erkek \u00fcretici olmak \u00fczere 638 \u00fcreticiye toplam 19 bin 690 adet ceviz fidan\u0131 da\u011f\u0131t\u0131m\u0131 ger\u00e7ekle\u015ftiriliyor.<br \/>\nB\u00fcy\u00fck\u015fehir, 2021 y\u0131l\u0131 da\u011f\u0131t\u0131mlar\u0131n\u0131 tamaml\u0131yor<br \/>\nMersin B\u00fcy\u00fck\u015fehir Belediyesi\u2019nin 2021 y\u0131l\u0131nda kantaron fidesi da\u011f\u0131t\u0131mlar\u0131 ile ba\u015flatt\u0131\u011f\u0131 destekler, al\u0131\u00e7 fidan\u0131, lavanta fidesi, nergis so\u011fan\u0131, avokado fidan\u0131 ve badem fidan\u0131 da\u011f\u0131t\u0131mlar\u0131n\u0131n ard\u0131ndan ceviz fidan\u0131 da\u011f\u0131t\u0131m\u0131 ile tamamlanacak. B\u00fcy\u00fck\u015fehir Belediyesi, 2022 y\u0131l\u0131nda da \u00fcreticilere destek olmaya ve fide, fidan, so\u011fan da\u011f\u0131t\u0131mlar\u0131n\u0131 s\u00fcrd\u00fcrmeye devam edecek.<br \/>\nProje sayesinde B\u00fcy\u00fck\u015fehir taraf\u0131ndan meyve yeti\u015ftiricili\u011fi y\u00f6n\u00fcnden tar\u0131msal faaliyetleri geli\u015ftirmek, \u00f6ncelikli olarak b\u00f6lgenin ihtiyac\u0131n\u0131 kar\u015f\u0131lamak, aile ve yurt ekonomisine katk\u0131 sa\u011flamak ama\u00e7lan\u0131yor. K\u0131rsal kesimden g\u00f6\u00e7\u00fc \u00f6nlemeyi ve \u00fcreticilere yeni istihdam alanlar\u0131 olu\u015fturarak i\u015fsizli\u011fi azaltmay\u0131 da hedefleyen B\u00fcy\u00fck\u015fehir, kent genelinde 600 ile 1400 metre rak\u0131m aral\u0131\u011f\u0131ndaki tar\u0131m alanlar\u0131ndan maksimum d\u00fczeyde fayda sa\u011flamak amac\u0131yla da ceviz yeti\u015ftiricili\u011finin yayg\u0131nla\u015ft\u0131r\u0131lmas\u0131n\u0131 planl\u0131yor.<br \/>\n\u015eahuto\u011flu: \u201cEsnaf\u0131n d\u00fckk\u00e2n\u0131 nas\u0131lsa, \u00fcreticilerimizin d\u00fckk\u00e2n\u0131 da tarlas\u0131\u201d<br \/>\nB\u00fcy\u00fck\u015fehir Belediyesi Tar\u0131msal ve Veteriner Hizmetleri Dairesi Ba\u015fkanl\u0131\u011f\u0131 Bitkisel Materyal ve Serac\u0131l\u0131k \u015eube M\u00fcd\u00fcr\u00fc Sel\u00e7uk \u015eahuto\u011flu, 2021 y\u0131l\u0131nda fide, fidan, so\u011fan desteklerine Bozyaz\u0131\u2019da kantaron fidesi ile ba\u015flad\u0131klar\u0131n\u0131 ifade ederek, \u201cDaha sonras\u0131nda al\u0131\u00e7 fidan\u0131, lavanta fidesi, nergis so\u011fan\u0131, avokado fidan\u0131, ge\u00e7en hafta badem fidan\u0131, bug\u00fcn de ceviz fidan\u0131n\u0131 da\u011f\u0131tarak 2021 y\u0131l\u0131nda fide, fidan ve so\u011fan desteklerimizi tamamlam\u0131\u015f olaca\u011f\u0131z. 2022 y\u0131l\u0131nda da farkl\u0131 fidanlarla \u00fcreticilerimizi desteklemeye devam edece\u011fiz. Bizler Mersin B\u00fcy\u00fck\u015fehir Belediyesi olarak tar\u0131m\u0131n \u00f6neminin fark\u0131nday\u0131z. \u00dcreticilerimizin her zaman yan\u0131nda oluyoruz. Al\u0131\u015fveri\u015f marketlerinin, esnaf\u0131n d\u00fckk\u00e2n\u0131 nas\u0131lsa; \u00fcreticilerimizin d\u00fckk\u00e2n\u0131 da tarlas\u0131. Biz de bu tarlay\u0131 doldurmaya devam edece\u011fiz. \u00dcreticilerimizin yan\u0131nda olaca\u011f\u0131z\u201d  dedi.<br \/>\nG\u00f6kulu: \u201cCeviz fidanlar\u0131m\u0131z \u00e7ift\u00e7ilerimizle bulu\u015fuyor\u201d<br \/>\nMersin B\u00fcy\u00fck\u015fehir Belediyesi Meclis \u00dcyesi Ahmet G\u00f6kulu, B\u00fcy\u00fck\u015fehir Belediyesi\u2019nin G\u00fclnar\u2019da hem tar\u0131m hem de hayvanc\u0131l\u0131k alanlar\u0131nda hayata ge\u00e7irdi\u011fi hizmetleri anlatt\u0131. G\u00f6kulu, Mersin B\u00fcy\u00fck\u015fehir Belediye Ba\u015fkan\u0131 Vahap Se\u00e7er\u2019in kent i\u00e7in 7\/24 \u00e7al\u0131\u015ft\u0131\u011f\u0131n\u0131 belirterek, \u201cCeviz fidanlar\u0131m\u0131z \u00e7ift\u00e7ilerimizle bulu\u015fuyor. \u0130leriki g\u00fcnlerde daha farkl\u0131 projelerle halk\u0131m\u0131z B\u00fcy\u00fck\u015fehir Belediyemizi ve \u00f6zellikle Vahap Se\u00e7er Ba\u015fkan\u0131m\u0131z\u2019\u0131 izlemeye devam etsinler\u201d diye konu\u015ftu.<br \/>\nAkar: \u201c\u00dcretmeyen bir toplum hi\u00e7bir zaman ayakta duramaz, biz bunun bilincindeyiz\u201d<br \/>\nG\u00fclnar\u2019\u0131n Konur Mahalle Muhtar\u0131 H\u00fcseyin Akar, artan maliyetler y\u00fcz\u00fcnden \u00e7ift\u00e7ilerin \u00fcretemez hale geldi\u011fini, B\u00fcy\u00fck\u015fehir Belediyesi\u2019nin desteklerinin \u00fcreticilere b\u00fcy\u00fck destek sa\u011flad\u0131\u011f\u0131n\u0131 belirterek, \u201cMersin B\u00fcy\u00fck\u015fehir Belediyesi\u2019nden ge\u00e7en g\u00fcn badem fidan\u0131 ald\u0131k, \u015fimdi ceviz fidan\u0131 verdi. Allah raz\u0131 olsun. \u00dcreticilerin yan\u0131nda. \u00dcretmeyen bir toplum hi\u00e7bir zaman ayakta duramaz, biz bunun bilincindeyiz. Biz \u00fcretmeye \u00e7al\u0131\u015f\u0131yoruz. \u0130n\u015fallah ileriki y\u0131llarda de\u011fi\u015fik fidanlarla, de\u011fi\u015fik makinelerle k\u00f6y\u00fcm\u00fcze ve il\u00e7emize yard\u0131mc\u0131 olur ziraat konusunda. Memnunuz Vahap Ba\u015fkan\u0131m\u0131zdan. Ben tar\u0131mla u\u011fra\u015f\u0131yorum, k\u00f6yl\u00fcy\u00fcz, \u00fcretmekle me\u015fgul\u00fcz. En iyisi toplumun \u00fcretmesi, k\u00f6yl\u00fcn\u00fcn \u00fcretmesi. K\u00f6yl\u00fcn\u00fcn girdi maliyetleri fazla oldu\u011fu i\u00e7in, yani alt\u0131ndan kalkamad\u0131\u011f\u0131 i\u00e7in herkes her \u015feyi b\u0131rak\u0131veriyor. Elde avu\u00e7ta da bir \u015fey para etmiyor. Bize yard\u0131mc\u0131 olduklar\u0131 i\u00e7in \u00e7ok te\u015fekk\u00fcr ediyoruz\u201d ifadelerine yer verdi.<br \/>\nNar: \u201cTar\u0131m bizim her \u015feyimiz\u201d<br \/>\n\u00dcretici kad\u0131nlardan Fatma Nar, taksicilik yapt\u0131\u011f\u0131n\u0131 ve ceviz fidan\u0131 da yeti\u015ftirmeye ba\u015flayaca\u011f\u0131n\u0131 ifade ederek, \u201c4 d\u00f6n\u00fcm yerim vard\u0131, badem fidanlar\u0131 ekmi\u015ftim ama B\u00fcy\u00fck\u015fehir Belediye Ba\u015fkan\u0131m\u0131z uygun bir \u015fekilde ceviz fidan\u0131 verdi\u011fi i\u00e7in ona da ba\u015fvurdum. B\u00fct\u00fcn \u00fcreticilere, \u00e7ift\u00e7ilere \u00f6neririm. Tar\u0131m bizim her \u015feyimiz. Normalde 20, 25, 30 TL ama B\u00fcy\u00fck\u015fehir\u2019de \u00e7ok uygun geldi. Onun i\u00e7in ba\u015fvurdum. Bu \u015fekilde denemek istiyorum. B\u00fct\u00fcn kad\u0131nlar\u0131n tar\u0131mla u\u011fra\u015fmalar\u0131n\u0131 \u00f6neririm. \u00c7\u00fcnk\u00fc kad\u0131nlar\u0131n her zaman elinde i\u015fleri olursa hi\u00e7bir zaman zorluk \u00e7ekmezler. Tar\u0131m \u00fczerine de \u00fcretip, sat\u0131p, kazanmak kendileri i\u00e7in iyi. Ba\u015fkan\u0131m\u0131za tar\u0131m ve \u00fcretici \u00fczerine yap\u0131lan yard\u0131mlar i\u00e7in \u00e7ok te\u015fekk\u00fcr ediyorum. Devam\u0131n\u0131 dilerim\u201d dedi.<br \/>\n85 ya\u015f\u0131ndaki Emrullah Amca: \u201cGen\u00e7ler de bizim gibi \u00e7abalas\u0131nlar\u201d<br \/>\nKonur Mahallesi \u00fcreticilerinden 85 ya\u015f\u0131ndaki Emrullah \u00dcnel, daha \u00f6nce de B\u00fcy\u00fck\u015fehir\u2019in fidan desteklerinden faydaland\u0131\u011f\u0131n\u0131 anlatarak, \u201c\u0130\u015fimiz \u00e7ift\u00e7ilik. \u00dcretmekten memnunuz. Ba\u015fka bir \u015feyimiz yok. \u00dcreticiyiz biz. Ald\u0131\u011f\u0131m\u0131z fidanlar \u00e7ok g\u00fczel. 85 ya\u015f\u0131nday\u0131m. Gen\u00e7ler de bizim gibi u\u011fra\u015fs\u0131nlar, \u00e7abalas\u0131nlar. Biz bundan sonra ne yap\u0131yorsak gen\u00e7ler i\u00e7in yap\u0131yoruz. Biz buradan bir \u015fey alaca\u011f\u0131z diye beklemiyoruz art\u0131k. 85 ya\u015f\u0131nda ne olabilirsin? Yaln\u0131z bir \u00f6rnek olsun diye yap\u0131yoruz biz bunlar\u0131\u201d diye konu\u015ftu.<br \/>\n\u00dcreticilerden S\u00fcleyman Tuna, ceviz fidanlar\u0131n\u0131 ald\u0131klar\u0131n\u0131 ve tar\u0131ma devam edeceklerini s\u00f6yleyerek, \u201cBiz \u00e7ift\u00e7ilikle u\u011fra\u015f\u0131yoruz. Ba\u011f, bah\u00e7e yap\u0131yoruz. Elma bah\u00e7emiz var. Biraz da ceviz bah\u00e7esi yapal\u0131m dedik. Dikili ceviz a\u011fa\u00e7lar\u0131m\u0131z vard\u0131 da biraz daha \u00e7o\u011faltmak istiyoruz. Devam ettirece\u011fiz\u201d dedi.<\/p>\n","protected":false},"excerpt":{"rendered":"<p>Mersin B\u00fcy\u00fck\u015fehir Belediyesi Tar\u0131msal ve Veteriner Hizmetleri Dairesi\u2019nin \u2018\u00dcreticimize Hep Destek, Tam Destek\u2019 slogan\u0131yla ger\u00e7ekle\u015ftirdi\u011fi fide, fidan ve so\u011fan da\u011f\u0131t\u0131m\u0131 projeleri kapsam\u0131nda bu kez de ceviz fidan\u0131 da\u011f\u0131t\u0131m\u0131 ger\u00e7ekle\u015ftiriliyor. Proje &hellip; <a href=\"https:\/\/akdenizolaygazetesi.com\/?p=15346\" class=\"more-link\">Devam\u0131n\u0131 Oku&#8230;<\/a><\/p>\n","protected":false},"author":2,"featured_media":15347,"comment_status":"open","ping_status":"open","sticky":false,"template":"","format":"standard","meta":[],"categories":[8,1,3],"tags":[],"_links":{"self":[{"href":"https:\/\/akdenizolaygazetesi.com\/index.php?rest_route=\/wp\/v2\/posts\/15346"}],"collection":[{"href":"https:\/\/akdenizolaygazetesi.com\/index.php?rest_route=\/wp\/v2\/posts"}],"about":[{"href":"https:\/\/akdenizolaygazetesi.com\/index.php?rest_route=\/wp\/v2\/types\/post"}],"author":[{"embeddable":true,"href":"https:\/\/akdenizolaygazetesi.com\/index.php?rest_route=\/wp\/v2\/users\/2"}],"replies":[{"embeddable":true,"href":"https:\/\/akdenizolaygazetesi.com\/index.php?rest_route=%2Fwp%2Fv2%2Fcomments&post=15346"}],"version-history":[{"count":1,"href":"https:\/\/akdenizolaygazetesi.com\/index.php?rest_route=\/wp\/v2\/posts\/15346\/revisions"}],"predecessor-version":[{"id":15348,"href":"https:\/\/akdenizolaygazetesi.com\/index.php?rest_route=\/wp\/v2\/posts\/15346\/revisions\/15348"}],"wp:featuredmedia":[{"embeddable":true,"href":"https:\/\/akdenizolaygazetesi.com\/index.php?rest_route=\/wp\/v2\/media\/15347"}],"wp:attachment":[{"href":"https:\/\/akdenizolaygazetesi.com\/index.php?rest_route=%2Fwp%2Fv2%2Fmedia&parent=15346"}],"wp:term":[{"taxonomy":"category","embeddable":true,"href":"https:\/\/akdenizolaygazetesi.com\/index.php?rest_route=%2Fwp%2Fv2%2Fcategories&post=15346"},{"taxonomy":"post_tag","embeddable":true,"href":"https:\/\/akdenizolaygazetesi.com\/index.php?rest_route=%2Fwp%2Fv2%2Ftags&post=15346"}],"curies":[{"name":"wp","href":"https:\/\/api.w.org\/{rel}","templated":true}]}}