{"id":15352,"date":"2021-11-25T16:38:23","date_gmt":"2021-11-25T13:38:23","guid":{"rendered":"http:\/\/akdenizolaygazetesi.com\/?p=15352"},"modified":"2021-11-25T16:38:23","modified_gmt":"2021-11-25T13:38:23","slug":"kadinlarimizin-kazanc-elde-etmesini-sagladik","status":"publish","type":"post","link":"https:\/\/akdenizolaygazetesi.com\/?p=15352","title":{"rendered":"&#8220;Kad\u0131nlar\u0131m\u0131z\u0131n kazan\u00e7 elde etmesini sa\u011flad\u0131k&#8221;"},"content":{"rendered":"<p>25 Kas\u0131m Kad\u0131na Y\u00f6nelik \u015eiddete Kar\u015f\u0131 Uluslararas\u0131 M\u00fccadele G\u00fcn\u00fc kapsam\u0131nda d\u00fczenlenen y\u00fcr\u00fcy\u00fc\u015fe kat\u0131lan Akdeniz Belediye Ba\u015fkan\u0131 Mustafa G\u00fcltak; \u015fiddete s\u0131f\u0131r tolerans diyerek erkeklere seslendi: &#8220;Her g\u00fcn yeni bir \u015fiddet vakas\u0131 duymak istemiyoruz. E\u015flerinize &#8216;seni seviyorum&#8217; demenizde hi\u00e7bir sak\u0131nca yok. Bunu s\u00f6yleyin. Utanmay\u0131n. O sizin yol, hayat arkada\u015f\u0131n\u0131z&#8221; dedi.<br \/>\nAkdeniz Belediyesi Kad\u0131n ve Aile Hizmetleri M\u00fcd\u00fcrl\u00fc\u011f\u00fc&#8217;n\u00fcn organize etti\u011fi 25 Kas\u0131m Kad\u0131na Y\u00f6nelik \u015eiddete Kar\u015f\u0131 Uluslararas\u0131 M\u00fccadele G\u00fcn\u00fc kapsam\u0131nda Ulu Cami \u00f6n\u00fcnde ba\u015flayan, Cumhuriyet Meydan\u0131&#8217;nda son bulan bir y\u00fcr\u00fcy\u00fc\u015f d\u00fczenlendi. Ba\u015fkan Mustafa G\u00fcltak&#8217;\u0131n \u00f6nc\u00fcl\u00fck etti\u011fi y\u00fcr\u00fcy\u00fc\u015fe \u00e7ok say\u0131da ki\u015fi kat\u0131ld\u0131. Etkinlikte turuncu maskeleriyle fark\u0131ndal\u0131k olu\u015fturan kat\u0131l\u0131mc\u0131lar, d\u00fcd\u00fckler \u00e7alarak, &#8216;Kad\u0131na \u015eiddet, \u0130nsanl\u0131\u011fa \u0130hanet&#8217;, &#8216;Kad\u0131n Ya\u015fas\u0131n, D\u00fcnya Ye\u015fersin&#8217;, &#8216;Sevgi Ye\u015fertir, \u015eiddet Soldurur&#8217;, &#8216;Kad\u0131n-Erkek Omuz Omuza \u015eiddete Kar\u015f\u0131 M\u00fccadele&#8217; sloganlar\u0131 att\u0131.<br \/>\n&#8220;Kad\u0131nlar\u0131m\u0131z\u0131n kazan\u00e7 elde etmesini sa\u011flad\u0131k&#8221;<br \/>\nG\u00f6reve geldikleri g\u00fcnden bu yana kad\u0131nlara \u00e7ok fazla \u00f6nem verdiklerinin alt\u0131n\u0131 \u00e7izerek konu\u015fmas\u0131na ba\u015flayan Ba\u015fkan Mustafa G\u00fcltak; &#8220;2 adet kad\u0131n, 1 adet de engelli kooperatifi kurulmas\u0131n\u0131 sa\u011flad\u0131k.  T\u00fcrkiye&#8217;de bu durum enderdir. Yetmez dedik; bakanl\u0131ktan hibe almalar\u0131n\u0131 sa\u011flad\u0131k. \u00dcretip kime satacaklar dedik. Belediyenin hizmet alanlar\u0131n\u0131 onlara tahsis ettik. \u00dcrettiler ve arac\u0131lara gerek kalmadan \u00fcr\u00fcnlerini satmaya ba\u015flad\u0131lar. Kad\u0131nlar\u0131n en b\u00fcy\u00fck s\u0131k\u0131nt\u0131lar\u0131ndan biri, bir kazanc\u0131n\u0131n olmamas\u0131d\u0131r. B\u00f6ylelikle kooperatifler sayesinde kad\u0131nlar\u0131m\u0131z\u0131n kazan\u00e7 elde etmesini, evine katk\u0131 sunmas\u0131n\u0131 sa\u011flad\u0131k&#8221; diye konu\u015ftu.<br \/>\n700&#8217;\u00fcn \u00fcst\u00fcnde kad\u0131na 4,5 milyon TL&#8217;nin \u00fczerinde kredi<br \/>\n&#8220;T\u00fcrkiye \u0130sraf\u0131 \u00d6nleme Vakf\u0131 ile 700&#8217;\u00fcn \u00fcst\u00fcnde kad\u0131n\u0131m\u0131za 4,5 milyon \u00fczerinde kredi verilmesine \u00f6nc\u00fcl\u00fck ettik&#8221; diyen Ba\u015fkan Mustafa G\u00fcltak; &#8220;Kad\u0131nlar bu sayede ya yeni i\u015f kurdular ya da mevcut i\u015flerini b\u00fcy\u00fctme ad\u0131na bu kredileri kullanarak istihdam sa\u011flay\u0131p, ailelerine katk\u0131 vermi\u015f oldular. Bunlar 2 y\u0131lda yapt\u0131\u011f\u0131m\u0131z i\u015fler. Yeter mi dedik? Hay\u0131r. K\u00fclt\u00fcr ve Sanat Evlerimizin hepsinde Halk E\u011fitim ve Milli E\u011fitim \u00fczerinden ald\u0131\u011f\u0131m\u0131z hocalarla t\u00fcm kad\u0131nlar\u0131m\u0131za bir meslek \u00f6\u011fretme yolunda \u00e7al\u0131\u015fmalar\u0131m\u0131za devam ediyoruz. Kimi diki\u015f, nak\u0131\u015f, kimisi de sanatsal faaliyetleri \u00f6\u011freniyorlar. Bunlar bizi \u00e7ok mutlu ediyor&#8221; dedi.<br \/>\n&#8220;Kad\u0131nlar\u0131m\u0131z 50 bin TL&#8217;nin \u00fczerinde kazan\u00e7 sa\u011flad\u0131&#8221;<br \/>\nPandemi s\u00fcrecinde T\u00fcrkiye&#8217;nin en b\u00fcy\u00fck s\u0131k\u0131nt\u0131lar\u0131ndan birinin maske \u00fcretimi oldu\u011funa dikkat \u00e7eken Ba\u015fkan G\u00fcltak; &#8220;Her yer kapal\u0131yd\u0131. Biz ne yapt\u0131k? Haz\u0131r  olan K\u00fclt\u00fcr Sanat Evlerimizi hemen a\u00e7t\u0131k. Kad\u0131nlar\u0131m\u0131za g\u00f6rev verdik. T\u00fcrkiye&#8217;de ilk maskeyi \u00fcreten belediyelerden biri olduk. G\u00fcnl\u00fck 2 bin tanesini belediyeye, 3 bin tanesini de Toros Devlet Hastanesi&#8217;ndeki sa\u011fl\u0131k \u00e7al\u0131\u015fanlar\u0131m\u0131za vermek suretiyle toplamda 5 bin maske \u00fcrettik. O s\u0131k\u0131nt\u0131l\u0131 g\u00fcnlerde maskeleri diken kad\u0131nlar\u0131m\u0131z 50 bin TL&#8217;nin \u00fczerinde kazan\u00e7 sa\u011flad\u0131&#8221; \u015feklinde konu\u015ftu.<br \/>\n&#8220;Portatif havuzlarda 5 bin \u00e7ocu\u011fumuza y\u00fczme \u00f6\u011frettik&#8221;<br \/>\nBa\u015fkan G\u00fcltak; &#8220;Se\u00e7im zaman\u0131nda asfalt veya kald\u0131r\u0131m yapmaya gelmiyoruz; Akdeniz&#8217;de insanl\u0131k dram\u0131n\u0131 \u00e7\u00f6zmeye geliyoruz demi\u015ftik. Belediye ba\u015fkanlar\u0131 zaten asfalt kald\u0131r\u0131m yapar. \u00d6nemli olan bu dram\u0131 \u00e7\u00f6zmekti. \u0130lk icraatlar\u0131m\u0131zdan biri T\u00fcrkiye&#8217;de de bir ilk olan portatif havuzlar\u0131 kurmak oldu. 5 bin \u00e7ocu\u011fumuza y\u00fczme \u00f6\u011frettik. O \u00e7ocuklar\u0131n ve annelerin y\u00fczlerindeki mutlulu\u011fu g\u00f6rmeliydiniz. \u00c7ok sevin\u00e7liydiler. \u00c7\u00fcnk\u00fc \u00e7ocuklar\u0131n mutlulu\u011fu annelerin mutlulu\u011fuydu&#8221; dedi.<br \/>\n&#8220;Her g\u00fcn yeni bir \u015fiddet vakas\u0131 duymak istemiyoruz&#8221;<br \/>\nBa\u015fkan Mustafa G\u00fcltak 32 y\u0131ld\u0131r evli oldu\u011funa dikkat \u00e7ekerek, &#8220;Ben buralara gelirken e\u015fim benim kahr\u0131m\u0131 \u00e7ok \u00e7ekti. Behiye Han\u0131m\u0131 anmadan ge\u00e7emem. E\u015finin ne zaman gelece\u011fi, ne zaman nereye gidece\u011fi belli de\u011fil. Zor g\u00fcnlerinde e\u015fi yan\u0131nda olam\u0131yor. Siyaset\u00e7inin e\u015fi olmak \u00e7ok zor&#8221; diye konu\u015ftu. Erkeklere de seslenen Ba\u015fkan Mustafa G\u00fcltak; &#8220;E\u015flerinize &#8216;seni seviyorum&#8217; demenizde hi\u00e7bir sak\u0131nca yok. Bunu s\u00f6yleyin. Utanmay\u0131n. O sizin yol, hayat arkada\u015f\u0131n\u0131z. Mutlu kad\u0131n, mutlu aile, mutlu bir aile mutlu bir toplum demektir. Mutlu bir toplum da mutlu bir \u00fclkedir. \u015eiddete s\u0131f\u0131r tolerans diyoruz. Kad\u0131na kalkan eller k\u0131r\u0131ls\u0131n diyoruz. \u015eiddete kar\u015f\u0131y\u0131z. Her g\u00fcn yeni bir \u015fiddet vakas\u0131 duymak istemiyoruz&#8221; ifadelerini kulland\u0131.<br \/>\nBa\u015fkan Mustafa G\u00fcltak&#8217;\u0131n konu\u015fmas\u0131n\u0131n ard\u0131ndan kad\u0131na \u015fiddete kar\u015f\u0131 fark\u0131ndal\u0131k yaratmak amac\u0131yla y\u00fcr\u00fcy\u00fc\u015fe kat\u0131lanlar taraf\u0131ndan g\u00f6ky\u00fcz\u00fcne turuncu balonlar b\u0131rak\u0131ld\u0131.<\/p>\n","protected":false},"excerpt":{"rendered":"<p>25 Kas\u0131m Kad\u0131na Y\u00f6nelik \u015eiddete Kar\u015f\u0131 Uluslararas\u0131 M\u00fccadele G\u00fcn\u00fc kapsam\u0131nda d\u00fczenlenen y\u00fcr\u00fcy\u00fc\u015fe kat\u0131lan Akdeniz Belediye Ba\u015fkan\u0131 Mustafa G\u00fcltak; \u015fiddete s\u0131f\u0131r tolerans diyerek erkeklere seslendi: &#8220;Her g\u00fcn yeni bir \u015fiddet vakas\u0131 &hellip; <a href=\"https:\/\/akdenizolaygazetesi.com\/?p=15352\" class=\"more-link\">Devam\u0131n\u0131 Oku&#8230;<\/a><\/p>\n","protected":false},"author":2,"featured_media":15353,"comment_status":"open","ping_status":"open","sticky":false,"template":"","format":"standard","meta":[],"categories":[3,5],"tags":[],"_links":{"self":[{"href":"https:\/\/akdenizolaygazetesi.com\/index.php?rest_route=\/wp\/v2\/posts\/15352"}],"collection":[{"href":"https:\/\/akdenizolaygazetesi.com\/index.php?rest_route=\/wp\/v2\/posts"}],"about":[{"href":"https:\/\/akdenizolaygazetesi.com\/index.php?rest_route=\/wp\/v2\/types\/post"}],"author":[{"embeddable":true,"href":"https:\/\/akdenizolaygazetesi.com\/index.php?rest_route=\/wp\/v2\/users\/2"}],"replies":[{"embeddable":true,"href":"https:\/\/akdenizolaygazetesi.com\/index.php?rest_route=%2Fwp%2Fv2%2Fcomments&post=15352"}],"version-history":[{"count":1,"href":"https:\/\/akdenizolaygazetesi.com\/index.php?rest_route=\/wp\/v2\/posts\/15352\/revisions"}],"predecessor-version":[{"id":15354,"href":"https:\/\/akdenizolaygazetesi.com\/index.php?rest_route=\/wp\/v2\/posts\/15352\/revisions\/15354"}],"wp:featuredmedia":[{"embeddable":true,"href":"https:\/\/akdenizolaygazetesi.com\/index.php?rest_route=\/wp\/v2\/media\/15353"}],"wp:attachment":[{"href":"https:\/\/akdenizolaygazetesi.com\/index.php?rest_route=%2Fwp%2Fv2%2Fmedia&parent=15352"}],"wp:term":[{"taxonomy":"category","embeddable":true,"href":"https:\/\/akdenizolaygazetesi.com\/index.php?rest_route=%2Fwp%2Fv2%2Fcategories&post=15352"},{"taxonomy":"post_tag","embeddable":true,"href":"https:\/\/akdenizolaygazetesi.com\/index.php?rest_route=%2Fwp%2Fv2%2Ftags&post=15352"}],"curies":[{"name":"wp","href":"https:\/\/api.w.org\/{rel}","templated":true}]}}