{"id":15361,"date":"2021-11-26T11:55:50","date_gmt":"2021-11-26T08:55:50","guid":{"rendered":"http:\/\/akdenizolaygazetesi.com\/?p=15361"},"modified":"2021-11-26T11:55:50","modified_gmt":"2021-11-26T08:55:50","slug":"agiz-ve-dis-sagligi-haftasinda-munir-ozkul-kresinin-miniklerine-dis-sagliginin-onemi-anlatildi","status":"publish","type":"post","link":"https:\/\/akdenizolaygazetesi.com\/?p=15361","title":{"rendered":"A\u011eIZ VE D\u0130\u015e SA\u011eLI\u011eI HAFTASI\u2019NDA M\u00dcN\u0130R \u00d6ZKUL KRE\u015e\u0130\u2019N\u0130N M\u0130N\u0130KLER\u0130NE D\u0130\u015e SA\u011eLI\u011eININ \u00d6NEM\u0130 ANLATILDI"},"content":{"rendered":"<p>Mersin B\u00fcy\u00fck\u015fehir Belediyesi Engelliler ve Sa\u011fl\u0131k Hizmetleri Dairesi ekipleri, A\u011f\u0131z ve Di\u015f Sa\u011fl\u0131\u011f\u0131 Haftas\u0131 kapsam\u0131nda M\u00fcnir \u00d6zkul Kre\u015fi\u2019nde e\u011fitim g\u00f6ren miniklere a\u011f\u0131z ve di\u015f sa\u011fl\u0131\u011f\u0131 kontrol\u00fc ger\u00e7ekle\u015ftirdi. Kad\u0131n ve Aile Hizmetleri Dairesi\u2019ne ba\u011fl\u0131 M\u00fcnir \u00d6zkul Kre\u015fi\u2019nde e\u011fitim alan 3-6 ya\u015f aras\u0131ndaki miniklerin a\u011f\u0131z ve di\u015f sa\u011fl\u0131\u011f\u0131 kontrolleri A\u011f\u0131z ve Di\u015f Sa\u011fl\u0131\u011f\u0131 Arac\u0131\u2019nda yap\u0131ld\u0131.<br \/>\nEngelliler ve Sa\u011fl\u0131k Hizmetleri Dairesi\u2019nde g\u00f6revli Di\u015f Hekimi Serhat I\u015f\u0131lak ve beraberindeki ekip, Toptanc\u0131 Hal Kompleksi i\u00e7erisinde bulunan M\u00fcnir \u00d6zkul Kre\u015fi\u2019nde A\u011f\u0131z ve Di\u015f Sa\u011fl\u0131\u011f\u0131 Arac\u0131\u2019nda ger\u00e7ekle\u015ftirdi\u011fi kontrolde miniklere \u00f6nemli uyar\u0131larda bulundu. Doktor I\u015f\u0131lak, kontrol s\u0131ras\u0131nda miniklere di\u015flerini f\u0131r\u00e7alamalar\u0131 ve di\u015flerin \u00e7\u00fcr\u00fcmesine neden olacak g\u0131dalar\u0131n t\u00fcketimini azaltmalar\u0131n\u0131 \u00f6nerdi. Kontrol s\u0131ras\u0131nda miniklere erken ya\u015flarda di\u015f sa\u011fl\u0131\u011f\u0131n\u0131 koruman\u0131n \u00f6nemli oldu\u011fu da anlat\u0131ld\u0131. Kontrol\u00fcn ard\u0131ndan da miniklere di\u015f f\u0131r\u00e7as\u0131 ve di\u015f macunu hediye edildi.<br \/>\n\u201cDi\u015flerini f\u0131r\u00e7alamalar\u0131n\u0131 ve tatl\u0131 t\u00fcketimini azaltmalar\u0131n\u0131 \u00f6\u011f\u00fctledik\u201d<br \/>\n22-28 Kas\u0131m\u2019\u0131n A\u011f\u0131z ve Di\u015f Sa\u011fl\u0131\u011f\u0131 ile Di\u015f Hekimleri Haftas\u0131 olarak kutland\u0131\u011f\u0131n\u0131 belirten Hekim Serhat I\u015f\u0131lak, ama\u00e7lar\u0131n\u0131n di\u015f sa\u011fl\u0131\u011f\u0131na y\u00f6nelik fark\u0131ndal\u0131k olu\u015fturmak oldu\u011funu s\u00f6yledi. \u00c7ocuklar\u0131n, erken ya\u015flarda di\u015f sa\u011fl\u0131\u011f\u0131n\u0131 korumay\u0131 \u00f6\u011frenmelerinin \u00f6nemli oldu\u011funu ifade eden I\u015f\u0131lak, \u201cBug\u00fcn \u00e7ocuklar\u0131m\u0131za di\u015f f\u0131r\u00e7alaman\u0131n \u00f6nemini anlatmaya geldik. Elimizden geldi\u011fince fark\u0131ndal\u0131k yaratmaya \u00e7al\u0131\u015ft\u0131k. Hediyelerini verdik. Di\u015flerini f\u0131r\u00e7alamalar\u0131n\u0131 ve tatl\u0131 t\u00fcketimini azaltmalar\u0131n\u0131 \u00f6\u011f\u00fctledik\u201d dedi.<br \/>\n\u201cDi\u015flerimizi en az iki kere f\u0131r\u00e7alamam\u0131z gerek\u201d<br \/>\nDi\u015f kontrol\u00fc yap\u0131lan kre\u015f \u00f6\u011frencilerinden T\u00fcrker Zirek, \u201cDi\u015fime bakt\u0131lar. Di\u015f f\u0131r\u00e7as\u0131 verdiler. Di\u015fimi f\u0131r\u00e7alayaca\u011f\u0131m. Di\u015fimi f\u0131r\u00e7alamay\u0131 biliyorum\u201d derken, kontrolden korkmad\u0131\u011f\u0131n\u0131 s\u00f6yleyen Eymen Tura ise \u201cHi\u00e7 ac\u0131mad\u0131. Doktor Amca \u2018di\u015fini her g\u00fcn f\u0131r\u00e7ala\u2019 dedi. Di\u015flerimizin \u00e7\u00fcr\u00fcmemesi i\u00e7in her g\u00fcn di\u015flerimizi f\u0131r\u00e7alamal\u0131y\u0131z ve \u00e7ok \u015feker yememeliyiz\u201d diye konu\u015ftu. Ba\u015fak Ertek de \u201cDi\u015flerimizi en az iki kere f\u0131r\u00e7alamam\u0131z gerek. F\u0131r\u00e7alamazsak \u00e7\u00fcr\u00fcr ve di\u015flerimiz a\u011fr\u0131r. Doktora gitmek zorunda kal\u0131r\u0131z. Ben her g\u00fcn di\u015flerimi f\u0131r\u00e7al\u0131yorum\u201d dedi.<\/p>\n","protected":false},"excerpt":{"rendered":"<p>Mersin B\u00fcy\u00fck\u015fehir Belediyesi Engelliler ve Sa\u011fl\u0131k Hizmetleri Dairesi ekipleri, A\u011f\u0131z ve Di\u015f Sa\u011fl\u0131\u011f\u0131 Haftas\u0131 kapsam\u0131nda M\u00fcnir \u00d6zkul Kre\u015fi\u2019nde e\u011fitim g\u00f6ren miniklere a\u011f\u0131z ve di\u015f sa\u011fl\u0131\u011f\u0131 kontrol\u00fc ger\u00e7ekle\u015ftirdi. Kad\u0131n ve Aile &hellip; <a href=\"https:\/\/akdenizolaygazetesi.com\/?p=15361\" class=\"more-link\">Devam\u0131n\u0131 Oku&#8230;<\/a><\/p>\n","protected":false},"author":2,"featured_media":15362,"comment_status":"open","ping_status":"open","sticky":false,"template":"","format":"standard","meta":[],"categories":[3,5,9],"tags":[],"_links":{"self":[{"href":"https:\/\/akdenizolaygazetesi.com\/index.php?rest_route=\/wp\/v2\/posts\/15361"}],"collection":[{"href":"https:\/\/akdenizolaygazetesi.com\/index.php?rest_route=\/wp\/v2\/posts"}],"about":[{"href":"https:\/\/akdenizolaygazetesi.com\/index.php?rest_route=\/wp\/v2\/types\/post"}],"author":[{"embeddable":true,"href":"https:\/\/akdenizolaygazetesi.com\/index.php?rest_route=\/wp\/v2\/users\/2"}],"replies":[{"embeddable":true,"href":"https:\/\/akdenizolaygazetesi.com\/index.php?rest_route=%2Fwp%2Fv2%2Fcomments&post=15361"}],"version-history":[{"count":1,"href":"https:\/\/akdenizolaygazetesi.com\/index.php?rest_route=\/wp\/v2\/posts\/15361\/revisions"}],"predecessor-version":[{"id":15363,"href":"https:\/\/akdenizolaygazetesi.com\/index.php?rest_route=\/wp\/v2\/posts\/15361\/revisions\/15363"}],"wp:featuredmedia":[{"embeddable":true,"href":"https:\/\/akdenizolaygazetesi.com\/index.php?rest_route=\/wp\/v2\/media\/15362"}],"wp:attachment":[{"href":"https:\/\/akdenizolaygazetesi.com\/index.php?rest_route=%2Fwp%2Fv2%2Fmedia&parent=15361"}],"wp:term":[{"taxonomy":"category","embeddable":true,"href":"https:\/\/akdenizolaygazetesi.com\/index.php?rest_route=%2Fwp%2Fv2%2Fcategories&post=15361"},{"taxonomy":"post_tag","embeddable":true,"href":"https:\/\/akdenizolaygazetesi.com\/index.php?rest_route=%2Fwp%2Fv2%2Ftags&post=15361"}],"curies":[{"name":"wp","href":"https:\/\/api.w.org\/{rel}","templated":true}]}}