{"id":15364,"date":"2021-11-26T11:59:03","date_gmt":"2021-11-26T08:59:03","guid":{"rendered":"http:\/\/akdenizolaygazetesi.com\/?p=15364"},"modified":"2021-11-26T11:59:25","modified_gmt":"2021-11-26T08:59:25","slug":"mersin-buyuksehirden-erdemli-ve-toroslardaki-ureticilere-ceviz-fidani","status":"publish","type":"post","link":"https:\/\/akdenizolaygazetesi.com\/?p=15364","title":{"rendered":"MERS\u0130N B\u00dcY\u00dcK\u015eEH\u0130R\u2019DEN ERDEML\u0130 VE TOROSLAR\u2019DAK\u0130 \u00dcRET\u0130C\u0130LERE CEV\u0130Z F\u0130DANI"},"content":{"rendered":"<p>Mersin B\u00fcy\u00fck\u015fehir Belediyesi Tar\u0131msal ve Veteriner Hizmetleri Dairesi\u2019nin \u201c\u00dcreticimize Hep Destek, Tam Destek\u201d slogan\u0131yla ger\u00e7ekle\u015ftirdi\u011fi fide, fidan ve so\u011fan da\u011f\u0131t\u0131m\u0131 destekleri ceviz fidan\u0131 da\u011f\u0131t\u0131mlar\u0131yla s\u00fcr\u00fcyor. B\u00fcy\u00fck\u015fehir Belediyesi\u2019nin 8 il\u00e7ede y\u00fcr\u00fctt\u00fc\u011f\u00fc \u201cCeviz Fidan\u0131 Da\u011f\u0131t\u0131m\u0131 Projesi\u201d ile 132\u2019si kad\u0131n 638 \u00fcreticiye toplam 19 bin 690 ceviz fidan\u0131 ula\u015ft\u0131r\u0131lacak.<br \/>\nErdemli ve Toroslar\u2019daki \u00fcreticiler de ceviz fidanlar\u0131na kavu\u015ftu<br \/>\nB\u00fcy\u00fck\u015fehir ekipleri, Erdemli\u2019nin 38 mahallesinde \u00fcretim yapan 45\u2019i kad\u0131n toplam 168 \u00fcreticiye y\u00fczde 50 \u00fcretici katk\u0131 payl\u0131 5 bin 40 adet ceviz fidan\u0131 da\u011f\u0131t\u0131m\u0131 yapt\u0131. Toroslar il\u00e7esinde ise 22 mahalledeki toplam 239 \u00fcreticiye 7 bin 698 ceviz fidan\u0131 teslim edildi. \u00dcreticilerin 43\u2019\u00fcn\u00fc kad\u0131nlar olu\u015fturdu. Ceviz fidanlar\u0131na kavu\u015fan \u00fcreticilerin y\u00fcz\u00fcn\u00fc g\u00fcld\u00fcren projenin da\u011f\u0131t\u0131mlar\u0131 Tarsus, \u00c7aml\u0131yayla, Mezitli, Mut ve Silifke il\u00e7elerinde de ger\u00e7ekle\u015ftirilecek.<br \/>\n\u201c\u00c7ift\u00e7ilerin yan\u0131nda durarak, y\u00fczde 50 hibeli ceviz fidan\u0131 da\u011f\u0131t\u0131m\u0131n\u0131 yap\u0131yoruz\u201d<br \/>\nB\u00fcy\u00fck\u015fehir Belediyesi Tar\u0131msal ve Veteriner Hizmetleri Dairesi Bitkisel Materyal ve Serac\u0131l\u0131k \u015eube M\u00fcd\u00fcr\u00fc Sel\u00e7uk \u015eahuto\u011flu, pandemi ko\u015fullar\u0131ndan dolay\u0131 \u00e7ift\u00e7ilerin b\u00fcy\u00fck s\u0131k\u0131nt\u0131lar ya\u015fad\u0131\u011f\u0131n\u0131 belirterek, \u201cB\u00fcy\u00fck\u015fehir Belediyesi olarak biz de tam bu noktada \u00e7ift\u00e7ilerin yan\u0131nda durarak, \u00fcretimlerini destekleyerek onlar\u0131n girdi maliyetini bir nebze azaltmak amac\u0131yla y\u00fczde 50 hibeli ceviz fidan\u0131 da\u011f\u0131t\u0131m\u0131 yap\u0131yoruz. \u00dcreticilerimizi 2021 y\u0131l\u0131nda \u00e7e\u015fitli fide ve fidan da\u011f\u0131t\u0131mlar\u0131yla destekledik. 2022 y\u0131l\u0131nda da yine \u00fcreticilerimizin talepleri do\u011frultusunda da\u011f\u0131t\u0131mlarla beraber hem say\u0131lar\u0131 art\u0131raca\u011f\u0131z hem de onlar\u0131n yan\u0131nda olmaya devam edece\u011fiz\u201d dedi.<br \/>\n\u201cHalk\u0131n memnuniyetini, mutlulu\u011funu g\u00f6r\u00fcyoruz\u201d<br \/>\nB\u00fcy\u00fck\u015fehir Belediyesi Erdemli \u015eube Koordinat\u00f6r\u00fc Vedat Uzunba\u011f, B\u00fcy\u00fck\u015fehir\u2019in daima \u00fcreticilerin yan\u0131nda oldu\u011funu ifade ederek, \u201cBu g\u00f6rd\u00fc\u011f\u00fcm\u00fcz tablo bizi daha \u00e7ok heyecanland\u0131r\u0131yor, enerjimizi art\u0131r\u0131yor. Daha \u00f6nce yapt\u0131\u011f\u0131m\u0131z destekler gibi bug\u00fcn 5 bin 40 adet ceviz fidesini Erdemlili \u00e7ift\u00e7imize da\u011f\u0131tt\u0131k. Halk\u0131n memnuniyetini, mutlulu\u011funu g\u00f6r\u00fcyoruz. Vahap Se\u00e7er Ba\u015fkan\u0131m\u0131z\u0131n \u00f6nderli\u011finde \u00e7ift\u00e7inin yan\u0131nda olmaya devam ediyoruz\u201d diye konu\u015ftu.<br \/>\n\u201cBir ziraat\u00e7inin Belediye Ba\u015fkan\u0131 olmas\u0131 tar\u0131m\u0131n g\u00fc\u00e7l\u00fc olmas\u0131na sebeptir\u201d<br \/>\n30 y\u0131ld\u0131r \u00e7ift\u00e7ilik yapt\u0131\u011f\u0131n\u0131 belirten \u0130smet Bay, \u201cErdemli\u2019de ikamet ediyorum ama bu cevizleri \u00c7ukurba\u011f K\u00f6y\u00fc\u2019ne dikece\u011fim. B\u00fcy\u00fck\u015fehir Belediye Ba\u015fkan\u0131m\u0131z Say\u0131n Vahap Se\u00e7er\u2019in ziraat m\u00fchendisi olmas\u0131 tar\u0131ma olan deste\u011fin a\u00e7\u0131k bir \u00f6rne\u011fidir. Bir ziraat\u00e7inin Belediye Ba\u015fkan\u0131 olmas\u0131, tar\u0131m\u0131n g\u00fc\u00e7l\u00fc olmas\u0131na sebeptir. B\u00fcy\u00fck\u015fehirimize tar\u0131ma y\u00f6nelik yat\u0131r\u0131mlardan dolay\u0131 \u00e7ok te\u015fekk\u00fcr ediyoruz\u201d ifadelerine yer verdi.<br \/>\n\u201cDesteklenmeye ihtiyac\u0131m\u0131z var\u201d<br \/>\n20 y\u0131ld\u0131r \u00e7ift\u00e7ilik yapan Raziye Demirba\u015f, t\u00fcm belediyelerin \u00fcreticilere bu t\u00fcr destekleri sunmas\u0131 temennisinde bulundu. Ceviz yeti\u015ftiricili\u011finin u\u011fra\u015f gerektirdi\u011fini vurgulayan Demirba\u015f, \u201cG\u00fcne\u015f cevizi yakt\u0131\u011f\u0131 i\u00e7in genelde yayla k\u0131s\u0131mlar\u0131nda oluyor. Benim de yaylada yerim var, oraya dikiyorum. Bug\u00fcn 30 tane alaca\u011f\u0131m. \u00c7ok te\u015fekk\u00fcr ediyorum. Desteklerin devam\u0131n\u0131 bekliyorum. Desteklenmeye ihtiyac\u0131m\u0131z var. \u00d6zellikle fidan t\u00fcr\u00fc \u00e7ok \u00f6nemli bizim i\u00e7in \u00e7\u00fcnk\u00fc alam\u0131yoruz. \u0130ster istemez araziler bo\u015f kal\u0131yor\u201d dedi.<br \/>\nCeviz fidan\u0131 deste\u011finden \u00e7ok memnun oldu\u011funu s\u00f6yleyen Mehmet Ali Badaz, \u201cBu zor s\u00fcre\u00e7te, her \u015feyin bu kadar pahal\u0131 oldu\u011fu bu d\u00f6nemde \u00e7ift\u00e7iyi b\u00f6yle destekleyici yard\u0131mlar oldu\u011fu i\u00e7in \u00e7ok te\u015fekk\u00fcr ediyoruz. Ceviz fidelerini hava \u015fartlar\u0131 da el verdikten sonra toprakla bulu\u015fturaca\u011f\u0131z in\u015fallah\u201d ifadelerine yer verdi. \u00dcreticilerden Durdane Kara ise \u201c\u00c7ift\u00e7ili\u011fi seviyorum. Hep b\u00f6yle dikim, s\u00f6k\u00fcm i\u015fleri ile u\u011fra\u015f\u0131r\u0131m. Hizmetten memnunuz\u201d diye konu\u015ftu.<br \/>\n\u201cBu fidan bizim can\u0131m\u0131za can gibi bir \u015fey olacak\u201d<br \/>\nToroslar il\u00e7esi G\u00fczelyayla Mahallesi\u2019ndeki ceviz da\u011f\u0131t\u0131m t\u00f6renine Arslank\u00f6y Mahallesi\u2019nden kat\u0131lan Zehra Y\u0131ld\u0131z, \u201cArslank\u00f6y o kadar zor ge\u00e7inen bir yer ki, \u015fartlar o kadar a\u011f\u0131r ki en ufak bir destek onlara \u00e7ok b\u00fcy\u00fck gelir. Senede bir kere verim al\u0131yoruz biz Arslank\u00f6y\u2019de. Bu fidan bizim can\u0131m\u0131za can gibi bir \u015fey olacak\u201d dedi.<br \/>\nHamzabeyli Mahallesi\u2019nde \u00e7ift\u00e7ilikle u\u011fra\u015fan Ahmet Bayg\u0131n, ceviz fidan\u0131 deste\u011fiyle ilgili olarak; \u201c\u00d6n\u00fcm\u00fczdeki y\u00fczy\u0131l tar\u0131m y\u00fczy\u0131l\u0131 olacak. Belediye Ba\u015fkan\u0131m\u0131z da bir ziraat m\u00fchendisi oldu\u011fundan bunun k\u0131ymetini biliyor. 50 liraya, 60 liraya alaca\u011f\u0131n\u0131z fidanlar\u0131 bize 5 lira 50 kuru\u015fa temin ediyor\u201d diye konu\u015ftu.<br \/>\nG\u00fczelyayla Mahalle Muhtar\u0131 Yasin \u00d6z ise mahallesindeki 6 \u00fcreticinin 180 ceviz fidan\u0131 ald\u0131\u011f\u0131n\u0131 belirterek, \u201cFidanlar\u0131n vatanda\u015flar\u0131m\u0131za bir gelir olaca\u011f\u0131na inan\u0131yorum\u201d ifadelerini kulland\u0131.<\/p>\n","protected":false},"excerpt":{"rendered":"<p>Mersin B\u00fcy\u00fck\u015fehir Belediyesi Tar\u0131msal ve Veteriner Hizmetleri Dairesi\u2019nin \u201c\u00dcreticimize Hep Destek, Tam Destek\u201d slogan\u0131yla ger\u00e7ekle\u015ftirdi\u011fi fide, fidan ve so\u011fan da\u011f\u0131t\u0131m\u0131 destekleri ceviz fidan\u0131 da\u011f\u0131t\u0131mlar\u0131yla s\u00fcr\u00fcyor. B\u00fcy\u00fck\u015fehir Belediyesi\u2019nin 8 il\u00e7ede y\u00fcr\u00fctt\u00fc\u011f\u00fc &hellip; <a href=\"https:\/\/akdenizolaygazetesi.com\/?p=15364\" class=\"more-link\">Devam\u0131n\u0131 Oku&#8230;<\/a><\/p>\n","protected":false},"author":2,"featured_media":15365,"comment_status":"open","ping_status":"open","sticky":false,"template":"","format":"standard","meta":[],"categories":[8,1,3,5],"tags":[],"_links":{"self":[{"href":"https:\/\/akdenizolaygazetesi.com\/index.php?rest_route=\/wp\/v2\/posts\/15364"}],"collection":[{"href":"https:\/\/akdenizolaygazetesi.com\/index.php?rest_route=\/wp\/v2\/posts"}],"about":[{"href":"https:\/\/akdenizolaygazetesi.com\/index.php?rest_route=\/wp\/v2\/types\/post"}],"author":[{"embeddable":true,"href":"https:\/\/akdenizolaygazetesi.com\/index.php?rest_route=\/wp\/v2\/users\/2"}],"replies":[{"embeddable":true,"href":"https:\/\/akdenizolaygazetesi.com\/index.php?rest_route=%2Fwp%2Fv2%2Fcomments&post=15364"}],"version-history":[{"count":2,"href":"https:\/\/akdenizolaygazetesi.com\/index.php?rest_route=\/wp\/v2\/posts\/15364\/revisions"}],"predecessor-version":[{"id":15367,"href":"https:\/\/akdenizolaygazetesi.com\/index.php?rest_route=\/wp\/v2\/posts\/15364\/revisions\/15367"}],"wp:featuredmedia":[{"embeddable":true,"href":"https:\/\/akdenizolaygazetesi.com\/index.php?rest_route=\/wp\/v2\/media\/15365"}],"wp:attachment":[{"href":"https:\/\/akdenizolaygazetesi.com\/index.php?rest_route=%2Fwp%2Fv2%2Fmedia&parent=15364"}],"wp:term":[{"taxonomy":"category","embeddable":true,"href":"https:\/\/akdenizolaygazetesi.com\/index.php?rest_route=%2Fwp%2Fv2%2Fcategories&post=15364"},{"taxonomy":"post_tag","embeddable":true,"href":"https:\/\/akdenizolaygazetesi.com\/index.php?rest_route=%2Fwp%2Fv2%2Ftags&post=15364"}],"curies":[{"name":"wp","href":"https:\/\/api.w.org\/{rel}","templated":true}]}}