{"id":15371,"date":"2021-11-26T12:03:20","date_gmt":"2021-11-26T09:03:20","guid":{"rendered":"http:\/\/akdenizolaygazetesi.com\/?p=15371"},"modified":"2021-11-26T12:03:20","modified_gmt":"2021-11-26T09:03:20","slug":"kadina-siddete-karsi-turuncu-kurdele","status":"publish","type":"post","link":"https:\/\/akdenizolaygazetesi.com\/?p=15371","title":{"rendered":"\u201cKad\u0131na \u015eiddete Kar\u015f\u0131 Turuncu Kurdele\u201d"},"content":{"rendered":"<p>\nBa\u015fkan Y\u0131lmaz; \u201cKad\u0131na \u015fiddete kar\u015f\u0131y\u0131z ve bu konuda m\u00fccadelemizi hep birlikte veriyoruz. Hi\u00e7bir insan\u0131n hi\u00e7bir insana \u015fiddet uygulamaya hakk\u0131 yok\u201d dedi.<\/p>\n<p>Toroslar Belediyesi, Kad\u0131na Y\u00f6nelik \u015eiddete Kar\u015f\u0131 Uluslararas\u0131 M\u00fccadele G\u00fcn\u00fc programlar\u0131 kapsam\u0131nda panel ve yarat\u0131c\u0131 drama at\u00f6lyesi d\u00fczenledi.<\/p>\n<p>\u201cKad\u0131n\u0131n huzuru, toplumun huzurudur\u201d slogan\u0131yla ger\u00e7ekle\u015ftirilen programda kad\u0131n\u0131n toplumdaki rol\u00fc ve aile i\u00e7i \u015fiddetin \u00f6nlenmesine y\u00f6nelik konular ele al\u0131nd\u0131.<\/p>\n<p>Aile ve Sosyal Politikalar Mersin \u0130l M\u00fcd\u00fcr Yard\u0131mc\u0131s\u0131 \u00c7i\u011fdem G\u00f6ll\u00fc, Toroslar \u0130l\u00e7e Emniyet M\u00fcd\u00fcrl\u00fc\u011f\u00fc Aile \u0130\u00e7i ve Kad\u0131na Kar\u015f\u0131 \u015eiddetle M\u00fccadele B\u00fcro Amiri Emin \u00d6zg\u00fcr Alt\u0131nba\u015f, Toroslar Belediyesi G\u00f6n\u00fcl Ba\u011f\u0131 Kad\u0131n Dan\u0131\u015fma Birimi Sosyolo\u011fu Filiz \u00c7\u00f6p\u00e7\u00fc ve Hukuk Dan\u0131\u015fma Birimi Avukat\u0131 Murat \u00d6zdemir\u2019in konu\u015fmac\u0131 olarak kat\u0131ld\u0131\u011f\u0131 panel, yo\u011fun ilgi g\u00f6rd\u00fc.<\/p>\n<p>E\u011fitmenler Dilek Er \u015eent\u00fcrk ve \u00c7i\u011fdem Ero\u011flu taraf\u0131ndan yap\u0131lan yarat\u0131c\u0131 drama at\u00f6lyesinde kad\u0131nlar\u0131n bireysel geli\u015fiminin yan\u0131nda \u015fiddete kar\u015f\u0131 bilin\u00e7lendirilmesi de ama\u00e7land\u0131.<\/p>\n<p>\u201cKad\u0131na \u015eiddete Kar\u015f\u0131 Turuncu Kurdele\u201d<\/p>\n<p>Yunus Emre K\u00fclt\u00fcr Merkezinde yap\u0131lan panel \u00f6ncesinde t\u00fcm kat\u0131l\u0131mc\u0131lara turuncu kurdele tak\u0131larak \u201c\u015eiddete Hay\u0131r\u201d mesaj\u0131 verildi.<\/p>\n<p>Panele; Toroslar \u0130l\u00e7e Milli E\u011fitim M\u00fcd\u00fcr\u00fc Nazmi Kendigelen, AK Parti Mersin Kad\u0131n Kollar\u0131 Ba\u015fkan\u0131 Aysel Mavio\u011flu \u00d6ner, MHP Mersin KA\u00c7EP\u2019den Sorumlu \u0130l Ba\u015fkan Dan\u0131\u015fman\u0131 Fadime \u015een, MHP Toroslar Kad\u0131n Kollar\u0131 Ba\u015fkan\u0131 Serpil Mersin, AK Parti Toroslar Kad\u0131n Kollar\u0131 Ba\u015fkan\u0131 Nalan Erden, Ba\u015fkan Y\u0131lmaz\u2019\u0131n e\u015fi Meltem Y\u0131lmaz, belediye meclis \u00fcyeleri ve \u00f6\u011frenciler de kat\u0131ld\u0131.<\/p>\n<p>Ba\u015fkan Y\u0131lmaz; \u201cBak\u0131\u015f A\u00e7\u0131lar\u0131m\u0131z\u0131 De\u011fi\u015ftirmemiz Gerekir\u201d<\/p>\n<p>Sayg\u0131 duru\u015fu ve \u0130stiklal Mar\u015f\u0131\u2019n\u0131n okunmas\u0131yla ba\u015flayan programda konu\u015fan Toroslar Belediye Ba\u015fkan\u0131 Ats\u0131z Af\u015f\u0131n Y\u0131lmaz, t\u00fcm kat\u0131l\u0131mc\u0131lara te\u015fekk\u00fcr ederek kad\u0131n konusunun sadece 8 Mart\u2019ta, \u00f6zel g\u00fcnlerde ve etkinliklerde konu\u015fulacak bir konu olmad\u0131\u011f\u0131n\u0131, bunun t\u00fcm boyutlar\u0131yla ele al\u0131nmas\u0131 gerekti\u011fini s\u00f6yledi.<\/p>\n<p>Ba\u015fkan Y\u0131lmaz; \u201cKad\u0131n kimdir sorusu ile ba\u015flayarak bak\u0131\u015f a\u00e7\u0131lar\u0131m\u0131z\u0131 de\u011fi\u015ftirmemiz gerekir. Gen\u00e7lerimizin e\u011fitimli, ba\u015far\u0131l\u0131 olmalar\u0131n\u0131 istiyoruz. \u0130ki k\u0131z \u00e7ocu\u011funa sahip bir baba olarak k\u0131zlar\u0131m\u0131z\u0131n iyi e\u011fitim almalar\u0131n\u0131 ve g\u00fc\u00e7l\u00fc olmalar\u0131 \u00f6nemsiyoruz. Aile kuracaklar, e\u015fleriyle birlikte yol y\u00fcr\u00fcyecekler ve hayat m\u00fccadelesinde gelece\u011fimizi emanet edece\u011fimiz \u00e7ocuklar\u0131m\u0131z\u0131 yeti\u015ftirecekler. Kad\u0131na \u015fiddet ve aile i\u00e7i \u015fiddet meselesi \u00e7ok \u00f6nemli bir konu. \u0130statistiki verilere g\u00f6re k\u0131rsal b\u00f6lgelerden daha \u00e7ok kentlerde, kad\u0131na y\u00f6nelik ve aile i\u00e7i \u015fiddeti g\u00f6r\u00fcyoruz. K\u0131rsalda \u00f6z kontrol\u00fcn daha fazla oldu\u011funu d\u00fc\u015f\u00fcn\u00fcyorum.  Etik, ahlak ve hukuk kurallar\u0131 d\u0131\u015f\u0131nda insan\u0131n kad\u0131na bak\u0131\u015f\u0131n\u0131n ve bu bak\u0131\u015f\u0131n sayg\u0131 \u00e7er\u00e7evesinde olmas\u0131n\u0131n \u00f6nemi de ortaya \u00e7\u0131k\u0131yor. Hi\u00e7bir insan\u0131n hi\u00e7bir insana \u015fiddet uygulamaya hakk\u0131 yok. Aile i\u00e7erisinde \u00e7ocuklara ve kad\u0131na kar\u015f\u0131 \u015fiddetin ayr\u0131ca sonu\u00e7lar\u0131 var. \u015eiddetin oldu\u011fu bir ortamda yeti\u015fen \u00e7ocuklar hem \u00f6zg\u00fcven noktas\u0131nda hem de psikolojik ve sosyolojik s\u0131k\u0131nt\u0131lar ya\u015fayabiliyorlar. Toplumsal ve sosyal olarak gelecek nesillerin daha sa\u011fl\u0131kl\u0131, daha g\u00fc\u00e7l\u00fc olmas\u0131 bizlerin elinde. Bu nedenle bu program\u0131m\u0131z\u0131 ve sizlerin kat\u0131l\u0131m\u0131n\u0131z\u0131 \u00e7ok \u00f6nemsiyoruz\u201d \u015feklinde konu\u015ftu.<\/p>\n<p>Bilin\u00e7lendirme ve Fark\u0131ndal\u0131k \u00c7al\u0131\u015fmalar\u0131 \u0130le Dikkat \u00c7eken Toroslar Belediyesi\u2019nden \u00d6rnek Bir \u00c7al\u0131\u015fma Daha<br \/>\nBelediyenin G\u00f6n\u00fcll\u00fc Erkek Personeli, Bilin\u00e7lendirme \u00c7al\u0131\u015fmalar\u0131nda G\u00f6rev Alacak<\/p>\n<p>Ba\u015fkan Y\u0131lmaz, konu\u015fmas\u0131n\u0131n ard\u0131ndan Kad\u0131na Y\u00f6nelik \u015eiddete Kar\u015f\u0131 Uluslararas\u0131 M\u00fccadele kapsam\u0131nda yap\u0131lacak bilin\u00e7lendirme \u00e7al\u0131\u015fmalar\u0131nda g\u00f6rev alacak erkek personeline turuncu kurdele takarak, \u00e7al\u0131\u015fmalar\u0131 yak\u0131ndan takip edeceklerini s\u00f6yledi.<\/p>\n<p>Panelde, \u015eiddete Kar\u015f\u0131 M\u00fccadele T\u00fcm Y\u00f6nleriyle Konu\u015fuldu<\/p>\n<p>Panelde, Aile ve Sosyal Politikalar Bakanl\u0131\u011f\u0131 Mersin \u0130l M\u00fcd\u00fcr Yard\u0131mc\u0131s\u0131 \u00c7i\u011fdem G\u00f6ll\u00fc, kad\u0131na \u015fiddetle m\u00fccadeleyi istatistik verilerle anlatt\u0131.<\/p>\n<p>\u0130l M\u00fcd\u00fcr Yard\u0131mc\u0131s\u0131 G\u00f6ll\u00fc, en \u00f6nemli ama\u00e7lar\u0131n\u0131n sa\u011fl\u0131kl\u0131 yuvalar\u0131n devam etmesi oldu\u011funu belirterek; \u201cBunun i\u00e7in \u00f6ncelik sa\u011fl\u0131kl\u0131 ileti\u015fimdir. H\u00fck\u00fcmet politikas\u0131 olarak her zaman ailenin korunmas\u0131, yuvalar\u0131n da\u011f\u0131lmamas\u0131ndan yanay\u0131z. \u015eiddet dilini kullanmadan ailede sa\u011fl\u0131kl\u0131 yuvalar\u0131 devam ettirebilirsiniz. Empati en \u00f6nemli \u015fiar\u0131n\u0131z olsun\u201d dedi.<\/p>\n<p>Toroslar \u0130l\u00e7e Emniyet M\u00fcd\u00fcrl\u00fc\u011f\u00fc Aile \u0130\u00e7i ve Kad\u0131na Kar\u015f\u0131 \u015eiddetle M\u00fccadele B\u00fcro Amiri Emin \u00d6zg\u00fcr Alt\u0131nba\u015f da kad\u0131nlar\u0131n \u015fiddete maruz kald\u0131klar\u0131 en ufak olayda emniyete ba\u015fvurmaktan \u00e7ekinmemelerini isteyerek; \u201cHer gelen olay\u0131 en ince detay\u0131na kadar bizzat ara\u015ft\u0131r\u0131yor, gelen her m\u00fcracaat\u0131 asla geri \u00e7evirmiyor, yasal i\u015flem uyguluyoruz. Kad\u0131nlar\u0131m\u0131z, korkmas\u0131nlar. Adli mercilere gittiklerinde nas\u0131l kar\u015f\u0131lan\u0131r\u0131m diye d\u00fc\u015f\u00fcnmesinler. Kendinizi tehlikeli hissetti\u011finiz her an s\u0131\u011f\u0131naca\u011f\u0131n\u0131z tek yer devlet kap\u0131s\u0131d\u0131r. Devlet olarak yan\u0131n\u0131zday\u0131z, emniyet olarak her t\u00fcrl\u00fc m\u00fccadeleyi sizler i\u00e7in veriyoruz\u201d ifadelerini kulland\u0131.<\/p>\n<p>G\u00f6n\u00fcl Ba\u011f\u0131 Hukuk Dan\u0131\u015fma Birimi Avukat\u0131 Murat \u00d6zdemir ise kad\u0131n haklar\u0131n\u0131 hukuksal a\u00e7\u0131dan de\u011ferlendirdi. Avukat \u00d6zdemir; \u201cT\u00fcrkiye Cumhuriyeti\u2019nin anayasas\u0131n\u0131n 10. maddesi herkesi kanun \u00f6n\u00fcnde e\u015fit sayar. 41. maddesi de ailenin kad\u0131n ve erkek noktas\u0131nda e\u015fit oldu\u011funu, devletin ailenin korunmas\u0131, kad\u0131n ve erkek e\u015fitli\u011finin sa\u011flanmas\u0131 y\u00f6n\u00fcnde tedbir al\u0131nmas\u0131 gerekti\u011fini kabul eder\u201d diye konu\u015ftu.<\/p>\n<p>G\u00f6n\u00fcl Ba\u011f\u0131 Kad\u0131n Dan\u0131\u015fma Birimi Sosyolo\u011fu Filiz \u00c7\u00f6p\u00e7\u00fc de \u015fiddeti fiziksel ve psikolojik a\u00e7\u0131dan ele alarak; \u201c\u0130li\u015fki i\u00e7erisinde psikolojik \u015fiddete maruz kald\u0131\u011f\u0131n\u0131zda fark etmeyebilirsiniz. O zaman duygular \u00e7ok daha yo\u011fundur. \u015eiddeti kabul etmemek, buna dur diyebilmek bizim elimizdedir\u201d dedi.<\/p>\n<p>Soru ve cevap \u015feklinde devam eden panelin ard\u0131ndan, konu\u015fmac\u0131lara ve etkinli\u011fe katk\u0131 sunan e\u011fitmenlere Ba\u015fkan Y\u0131lmaz\u2019\u0131n e\u015fi Meltem Y\u0131lmaz ve protokol \u00fcyeleri taraf\u0131ndan te\u015fekk\u00fcr plaketi takdim edildi.<\/p>\n","protected":false},"excerpt":{"rendered":"<p>Ba\u015fkan Y\u0131lmaz; \u201cKad\u0131na \u015fiddete kar\u015f\u0131y\u0131z ve bu konuda m\u00fccadelemizi hep birlikte veriyoruz. Hi\u00e7bir insan\u0131n hi\u00e7bir insana \u015fiddet uygulamaya hakk\u0131 yok\u201d dedi. Toroslar Belediyesi, Kad\u0131na Y\u00f6nelik \u015eiddete Kar\u015f\u0131 Uluslararas\u0131 M\u00fccadele G\u00fcn\u00fc &hellip; <a href=\"https:\/\/akdenizolaygazetesi.com\/?p=15371\" class=\"more-link\">Devam\u0131n\u0131 Oku&#8230;<\/a><\/p>\n","protected":false},"author":2,"featured_media":15372,"comment_status":"open","ping_status":"open","sticky":false,"template":"","format":"standard","meta":[],"categories":[3,5],"tags":[],"_links":{"self":[{"href":"https:\/\/akdenizolaygazetesi.com\/index.php?rest_route=\/wp\/v2\/posts\/15371"}],"collection":[{"href":"https:\/\/akdenizolaygazetesi.com\/index.php?rest_route=\/wp\/v2\/posts"}],"about":[{"href":"https:\/\/akdenizolaygazetesi.com\/index.php?rest_route=\/wp\/v2\/types\/post"}],"author":[{"embeddable":true,"href":"https:\/\/akdenizolaygazetesi.com\/index.php?rest_route=\/wp\/v2\/users\/2"}],"replies":[{"embeddable":true,"href":"https:\/\/akdenizolaygazetesi.com\/index.php?rest_route=%2Fwp%2Fv2%2Fcomments&post=15371"}],"version-history":[{"count":1,"href":"https:\/\/akdenizolaygazetesi.com\/index.php?rest_route=\/wp\/v2\/posts\/15371\/revisions"}],"predecessor-version":[{"id":15373,"href":"https:\/\/akdenizolaygazetesi.com\/index.php?rest_route=\/wp\/v2\/posts\/15371\/revisions\/15373"}],"wp:featuredmedia":[{"embeddable":true,"href":"https:\/\/akdenizolaygazetesi.com\/index.php?rest_route=\/wp\/v2\/media\/15372"}],"wp:attachment":[{"href":"https:\/\/akdenizolaygazetesi.com\/index.php?rest_route=%2Fwp%2Fv2%2Fmedia&parent=15371"}],"wp:term":[{"taxonomy":"category","embeddable":true,"href":"https:\/\/akdenizolaygazetesi.com\/index.php?rest_route=%2Fwp%2Fv2%2Fcategories&post=15371"},{"taxonomy":"post_tag","embeddable":true,"href":"https:\/\/akdenizolaygazetesi.com\/index.php?rest_route=%2Fwp%2Fv2%2Ftags&post=15371"}],"curies":[{"name":"wp","href":"https:\/\/api.w.org\/{rel}","templated":true}]}}