{"id":15375,"date":"2021-11-27T16:55:46","date_gmt":"2021-11-27T13:55:46","guid":{"rendered":"http:\/\/akdenizolaygazetesi.com\/?p=15375"},"modified":"2021-11-27T16:55:46","modified_gmt":"2021-11-27T13:55:46","slug":"gelismeler-mersinin-onunun-cok-acik-oldugunu-gosteriyor","status":"publish","type":"post","link":"https:\/\/akdenizolaygazetesi.com\/?p=15375","title":{"rendered":"\u201cGEL\u0130\u015eMELER MERS\u0130N\u2019\u0130N \u00d6N\u00dcN\u00dcN \u00c7OK A\u00c7IK OLDU\u011eUNU G\u00d6STER\u0130YOR\u201d"},"content":{"rendered":"<p>Mersin B\u00fcy\u00fck\u015fehir Belediye Ba\u015fkan\u0131 Vahap Se\u00e7er, \u0130svi\u00e7re\u2019nin Ankara B\u00fcy\u00fckel\u00e7isi Jean Daniel Ruch\u2019u a\u011f\u0131rlad\u0131. Ba\u015fkan Se\u00e7er, Mersin\u2019in potansiyelinin y\u00fcksek oldu\u011funu belirterek, \u201cB\u00f6lgedeki, d\u00fcnyadaki, \u00fclkemdeki geli\u015fmeler Mersin\u2019in \u00f6n\u00fcn\u00fcn \u00e7ok a\u00e7\u0131k oldu\u011funu g\u00f6steriyor\u201d dedi.<\/p>\n<p>B\u00fcy\u00fckel\u00e7i Ruch, Mersin\u2019in potansiyellerini anlatt\u0131<\/p>\n<p>Ziyarette Mersin \u0130svi\u00e7re Fahri Konsolosu Filip Tahinci de yer ald\u0131. \u0130svi\u00e7re\u2019nin Ankara B\u00fcy\u00fckel\u00e7isi Jean Daniel Ruch, T\u00fcrkiye\u2019ye geleli 4 aydan k\u0131sa bir s\u00fcre oldu\u011funu ve \u00fclkeyi anlamak, g\u00f6rmek ve insanlarla tan\u0131\u015fmak i\u00e7in de seyahat etti\u011fini anlat\u0131rken, \u201cSizin \u015fehrinizde \u00e7ok \u00f6nemli potansiyel var. \u00dc\u00e7 \u015fey akl\u0131ma geliyor potansiyelden bahsedince. M\u00fckemmel bir co\u011frafyas\u0131 var. Y\u00fczde 50\u2019si yerli, gen\u00e7 n\u00fcfustan olu\u015fuyor. Sadece T\u00fcrkiye\u2019de de\u011fil, Do\u011fu Akdeniz\u2019in b\u00f6yle limanlar\u0131 dahi yok. MTSO\u2019da bulundu\u011fum s\u00fcrede bir s\u00f6z verdim. Yat\u0131r\u0131m s\u00f6z konusu oldu\u011funda gidin ve Mersin\u2019e bak\u0131n ve b\u00f6yle yat\u0131r\u0131mlar yap\u0131n diyece\u011fim. Bu iyi midir?\u201d dedi ve Ba\u015fkan Se\u00e7er \u201cS\u00fcper\u201d yan\u0131t\u0131n\u0131 verdi. \u0130svi\u00e7re\u2019nin Ankara B\u00fcy\u00fckel\u00e7isi Ruch, Ba\u015fkan Se\u00e7er\u2019e, \u201cMersin\u2019in gelecekteki geli\u015fmeleri ile ilgili ana zorluklar nelerdir?\u201d sorusunu y\u00f6neltti.<\/p>\n<p>Se\u00e7er: \u201cMuazzam potansiyeli olan bir kentiz\u201d<\/p>\n<p>Ruch\u2019un Mersin\u2019le ilgili g\u00f6zlemlerini aktarmas\u0131 \u00fczerine Ba\u015fkan Se\u00e7er, \u201cKutluyorum, \u00e7ok iyi bir g\u00f6zlemci Say\u0131n B\u00fcy\u00fckel\u00e7i. \u00c7ok k\u0131sa s\u00fcre i\u00e7erisinde, \u00e7ok do\u011fru tespitler yapm\u0131\u015f. S\u00f6yledi\u011fi gibi muazzam potansiyeli olan bir kentiz. Do\u011fal g\u00fczellikler ya da co\u011frafya \u00f6zelli\u011fi, di\u011fer taraftan gen\u00e7 n\u00fcfus ve bunun yan\u0131nda ticaret potansiyelinin liman oldu\u011fu bir kentiz. Ancak birka\u00e7 \u00f6nemli konu daha ilave etmem gerekiyor. \u00c7ok kadim bir tarihimiz, k\u00fclt\u00fcr\u00fcm\u00fcz ve \u015fehrimiz var. Belki o kadim tarihi \u015fehrin merkezinde pek g\u00f6zlemleyemedi ama periferideki il\u00e7elerde, \u00f6rne\u011fin Tarsus\u2019ta bunlar\u0131 g\u00f6rebilir\u201d dedi.<\/p>\n<p>Ba\u015fkan Se\u00e7er, Mersin\u2019in potansiyellerinin ve kozmopolit yap\u0131s\u0131n\u0131n iyi de\u011ferlendirildi\u011fi taktirde kenti ileriye g\u00f6t\u00fcrece\u011fini s\u00f6zlerine ekleyerek, \u201cBu kozmopolitli\u011fi iyi okuyup de\u011ferlendirebilirsek bu bir f\u0131rsata d\u00f6n\u00fc\u015febilir. Farkl\u0131 k\u00fclt\u00fcrler, farkl\u0131 anlay\u0131\u015flar ve \u00e7al\u0131\u015fmak zorunda olan insanlar kitlesi. Farkl\u0131 b\u00f6lgelerden gelen insanlar\u0131n olu\u015fturdu\u011fu n\u00fcfusu iyi y\u00f6netebilirsek, buray\u0131 da s\u00fcper bir \u015fehir haline getirebiliriz\u201d diye konu\u015ftu.<\/p>\n<p>\u201cB\u00f6lgedeki, d\u00fcnyadaki, \u00fclkemdeki geli\u015fmeler Mersin\u2019in \u00f6n\u00fcn\u00fcn \u00e7ok a\u00e7\u0131k oldu\u011funu g\u00f6steriyor\u201d<\/p>\n<p>Mersin\u2019in, Suriyeli ge\u00e7ici koruma alt\u0131ndaki n\u00fcfusla birlikte toplamda 2.3 milyon bir n\u00fcfusa sahip oldu\u011funu aktaran Ba\u015fkan Se\u00e7er, Suriyeliler\u2019in g\u00fcvenle kendi \u00fclkelerinde ya\u015famalar\u0131n\u0131 temenni etti\u011fini s\u00f6yledi. Se\u00e7er, \u201cB\u00f6lgedeki, d\u00fcnyadaki, \u00fclkemdeki geli\u015fmeler Mersin\u2019in \u00f6n\u00fcn\u00fcn \u00e7ok a\u00e7\u0131k oldu\u011funu g\u00f6steriyor\u201d ifadelerine yer verdi.<\/p>\n<p>Mersin Liman\u0131\u2019n\u0131n sa\u011flad\u0131\u011f\u0131 avantaj\u0131n da \u00f6nemli oldu\u011funu vurgulayan Se\u00e7er, \u201cBir\u00e7ok liman kenti var ama b\u00f6yle \u00f6nemli liman \u00e7ok az. Biz Do\u011fu Akdeniz \u00e7ana\u011f\u0131n\u0131n en \u00f6nemli noktas\u0131nda bir liman\u0131z. D\u00fcnyan\u0131n bir\u00e7ok b\u00f6lgesinden gelen \u00fcr\u00fcnlerin karayolu koridoru ile Orta Do\u011fu\u2019ya, Kafkaslar\u2019a transfer imk\u00e2n\u0131 olan, T\u00fcrkiye\u2019ye transfer imk\u00e2n\u0131 olan bir co\u011frafya. Burada \u00f6nemli bir yat\u0131r\u0131m i\u00e7in \u00e7aba sarf ediyoruz. \u00d6zellikle ben bunu \u00e7ok istiyorum. Bir Ana Konteyner Liman\u0131. \u00c7\u00fcnk\u00fc co\u011frafi olarak \u00e7ok uygun bir noktaday\u0131z. Buna benzer bir\u00e7ok geli\u015fme Mersin\u2019in gelece\u011fine dair bize umut verici tablolar \u00e7iziyor\u201d ifadelerini kulland\u0131.<\/p>\n<p>Ziyaret sonunda Ba\u015fkan Se\u00e7er, \u0130svi\u00e7re&#8217;nin Ankara B\u00fcy\u00fckel\u00e7isi Ruch\u2019a g\u00fcn\u00fcn an\u0131s\u0131na mitolojide ge\u00e7en ve Tarsus\u2019un ismini almas\u0131nda \u00f6nem ta\u015f\u0131yan Pegasus (kanatl\u0131 u\u00e7an at) fig\u00fcrl\u00fc tablo hediye etti<\/p>\n","protected":false},"excerpt":{"rendered":"<p>Mersin B\u00fcy\u00fck\u015fehir Belediye Ba\u015fkan\u0131 Vahap Se\u00e7er, \u0130svi\u00e7re\u2019nin Ankara B\u00fcy\u00fckel\u00e7isi Jean Daniel Ruch\u2019u a\u011f\u0131rlad\u0131. Ba\u015fkan Se\u00e7er, Mersin\u2019in potansiyelinin y\u00fcksek oldu\u011funu belirterek, \u201cB\u00f6lgedeki, d\u00fcnyadaki, \u00fclkemdeki geli\u015fmeler Mersin\u2019in \u00f6n\u00fcn\u00fcn \u00e7ok a\u00e7\u0131k oldu\u011funu g\u00f6steriyor\u201d &hellip; <a href=\"https:\/\/akdenizolaygazetesi.com\/?p=15375\" class=\"more-link\">Devam\u0131n\u0131 Oku&#8230;<\/a><\/p>\n","protected":false},"author":2,"featured_media":15376,"comment_status":"open","ping_status":"open","sticky":false,"template":"","format":"standard","meta":[],"categories":[3,5],"tags":[],"_links":{"self":[{"href":"https:\/\/akdenizolaygazetesi.com\/index.php?rest_route=\/wp\/v2\/posts\/15375"}],"collection":[{"href":"https:\/\/akdenizolaygazetesi.com\/index.php?rest_route=\/wp\/v2\/posts"}],"about":[{"href":"https:\/\/akdenizolaygazetesi.com\/index.php?rest_route=\/wp\/v2\/types\/post"}],"author":[{"embeddable":true,"href":"https:\/\/akdenizolaygazetesi.com\/index.php?rest_route=\/wp\/v2\/users\/2"}],"replies":[{"embeddable":true,"href":"https:\/\/akdenizolaygazetesi.com\/index.php?rest_route=%2Fwp%2Fv2%2Fcomments&post=15375"}],"version-history":[{"count":1,"href":"https:\/\/akdenizolaygazetesi.com\/index.php?rest_route=\/wp\/v2\/posts\/15375\/revisions"}],"predecessor-version":[{"id":15377,"href":"https:\/\/akdenizolaygazetesi.com\/index.php?rest_route=\/wp\/v2\/posts\/15375\/revisions\/15377"}],"wp:featuredmedia":[{"embeddable":true,"href":"https:\/\/akdenizolaygazetesi.com\/index.php?rest_route=\/wp\/v2\/media\/15376"}],"wp:attachment":[{"href":"https:\/\/akdenizolaygazetesi.com\/index.php?rest_route=%2Fwp%2Fv2%2Fmedia&parent=15375"}],"wp:term":[{"taxonomy":"category","embeddable":true,"href":"https:\/\/akdenizolaygazetesi.com\/index.php?rest_route=%2Fwp%2Fv2%2Fcategories&post=15375"},{"taxonomy":"post_tag","embeddable":true,"href":"https:\/\/akdenizolaygazetesi.com\/index.php?rest_route=%2Fwp%2Fv2%2Ftags&post=15375"}],"curies":[{"name":"wp","href":"https:\/\/api.w.org\/{rel}","templated":true}]}}