{"id":15378,"date":"2021-11-27T16:58:43","date_gmt":"2021-11-27T13:58:43","guid":{"rendered":"http:\/\/akdenizolaygazetesi.com\/?p=15378"},"modified":"2021-11-27T16:58:43","modified_gmt":"2021-11-27T13:58:43","slug":"desteklerinden-dolayi-mersin-buyuksehir-belediyesine-plaket-verildi","status":"publish","type":"post","link":"https:\/\/akdenizolaygazetesi.com\/?p=15378","title":{"rendered":"Desteklerinden dolay\u0131 Mersin B\u00fcy\u00fck\u015fehir Belediyesi\u2019ne plaket verildi"},"content":{"rendered":"<p>Mersin B\u00fcy\u00fck\u015fehir Belediyesi\u2019nin destek verdi\u011fi 6. Mersin Uluslararas\u0131 Tiyatro Festivali\u2019nin Kongre ve Sergi Saray\u0131\u2019ndaki a\u00e7\u0131l\u0131\u015f\u0131n\u0131 \u201cVah\u015fet Tanr\u0131s\u0131\u201d oyunuyla B\u00fcy\u00fck\u015fehir Belediyesi\u2019nin \u015eehir Tiyatrosu oyuncular\u0131 yapt\u0131. Mersin Tiyatro Derne\u011fi (MET\u0130D) koordinesinde ger\u00e7ekle\u015ftirilen festival kapsam\u0131nda 5 Aral\u0131k\u2019a kadar s\u00f6yle\u015filer, at\u00f6lyeler ve oyunlar devam edecek.<\/p>\n<p>Desteklerinden dolay\u0131 Mersin B\u00fcy\u00fck\u015fehir Belediyesi\u2019ne plaket verildi<\/p>\n<p>2020 y\u0131l\u0131nda vefat eden U\u011fur Turan \u00d6ner\u2019in MET\u0130D Onur \u00d6d\u00fcl\u00fc\u2019ne, Rag\u0131p Yavuz\u2019un ise Erhan S\u00f6nmez Emek \u00d6d\u00fcl\u00fc\u2019ne de\u011fer g\u00f6r\u00fcld\u00fc\u011f\u00fc a\u00e7\u0131l\u0131\u015fta, festivalin destek\u00e7ilerine plaketleri takdim edildi. Mersin B\u00fcy\u00fck\u015fehir Belediyesi ad\u0131na da K\u00fclt\u00fcr ve Sosyal \u0130\u015fler Dairesi Ba\u015fkanl\u0131\u011f\u0131 Koordinat\u00f6r\u00fc Bengi \u0130spir \u00d6zd\u00fclger\u2019e Mersin Tiyatro Derne\u011fi Ba\u015fkan\u0131 Melih Kayadelen taraf\u0131ndan plaket verildi. Mersin B\u00fcy\u00fck\u015fehir Belediyesi \u015eehir Tiyatrosu ekibi ise a\u00e7\u0131l\u0131\u015f\u0131n ard\u0131ndan \u201cVah\u015fet Tanr\u0131s\u0131\u201d oyununu sahneledi. Yasmina Reza taraf\u0131ndan kaleme al\u0131nan oyun, \u015eehir Tiyatrosu oyuncular\u0131n\u0131n ba\u015far\u0131l\u0131 performans\u0131yla seyircilerden tam not ald\u0131.<\/p>\n<p>\u201c\u015eehir Tiyatromuzla bu ak\u015fam festivalin a\u00e7\u0131l\u0131\u015f gecesindeyiz\u201d<\/p>\n<p>Mersin B\u00fcy\u00fck\u015fehir Belediyesi K\u00fclt\u00fcr ve Sosyal \u0130\u015fler Dairesi Ba\u015fkanl\u0131\u011f\u0131 Koordinat\u00f6r\u00fc Bengi \u0130spir \u00d6zd\u00fclger, festivalle ilgili \u015funlar\u0131 s\u00f6yledi:<\/p>\n<p>\u201cMersin Tiyatro Derne\u011fi\u2019nin olu\u015fturdu\u011fu bir festival program\u0131nday\u0131z. Bu y\u0131l 6\u2019nc\u0131s\u0131 yap\u0131l\u0131yor; Uluslararas\u0131 Mersin Tiyatro Festivali. Biz de Mersin B\u00fcy\u00fck\u015fehir Belediyesi olarak festivalin sponsoruyuz. Ba\u015fkan\u0131m\u0131z Vahap Se\u00e7er\u2019in sanata, sanat\u00e7\u0131ya, sanat kurumlar\u0131na, festivallere, \u015fenliklere, sanatsal t\u00fcm \u00e7al\u0131\u015fmalara g\u00f6sterdi\u011fi ilgi, de\u011fer ve \u00f6nem hepimizin bildi\u011fi bir \u015fey. Buradaki destek konusunda da kendisi elimizden gelen ne varsa onu yapmam\u0131z noktas\u0131nda bize yol a\u00e7t\u0131. Mersin B\u00fcy\u00fck\u015fehir Belediyesi \u015eehir Tiyatromuz, Vah\u015fet Tanr\u0131s\u0131 oyunumuzla festivalin a\u00e7\u0131l\u0131\u015f temsilini ger\u00e7ekle\u015ftirecek. \u00c7ok b\u00fcy\u00fck gurur duyuyoruz. \u015eehir Tiyatromuz her ge\u00e7en g\u00fcn kendisini sadece \u015fehrimizde de\u011fil, \u00fclkemizde de ba\u015far\u0131yla duyuruyor. Bunun verdi\u011fi gururu bu gecenin a\u00e7\u0131l\u0131\u015f\u0131nda da tiyatroseverlerle tekrar payla\u015f\u0131yoruz.\u201d<\/p>\n<p>\u201cT\u00fcm sanat\u00e7\u0131lar\u0131n alk\u0131\u015flar\u0131n\u0131n bol, ba\u015far\u0131lar\u0131n\u0131n da daim olmas\u0131n\u0131 diliyorum\u201d<\/p>\n<p>Festivale kat\u0131lan tiyatro topluluklar\u0131na ba\u015far\u0131 dileklerini ileten \u00d6zd\u00fclger, \u201cHerkesin \u00e7al\u0131\u015fmalar\u0131nda ba\u015far\u0131lar diliyoruz. Yap\u0131lan her \u00e7al\u0131\u015fma \u00fclkeye, halk\u0131m\u0131za, insan\u0131m\u0131za bir kazan\u00e7 demek. Sanatla birle\u015ftirme noktas\u0131nda bunlar \u00f6nemli \u00e7al\u0131\u015fmalar. Hepsinin seyircisi ve alk\u0131\u015f\u0131 bol olsun. Bir sanat\u00e7\u0131n\u0131n en iyi beslenme noktas\u0131 alk\u0131\u015ft\u0131r. Yapt\u0131\u011f\u0131 \u00e7al\u0131\u015fmalar\u0131n \u00f6d\u00fcl\u00fcd\u00fcr. T\u00fcm sanat\u00e7\u0131lar\u0131n alk\u0131\u015flar\u0131n\u0131n bol, ba\u015far\u0131lar\u0131n\u0131n da daim olmas\u0131n\u0131 diliyorum\u201d dedi.<\/p>\n<p>\u201cSanatseverleri bu festivaldeki temsilleri izlemeye davet ediyorum\u201d<\/p>\n<p>Sanatseverleri festivale davet eden \u00d6zd\u00fclger, \u201cSalonlar hep dolu dolu olsun. Seyircisi bol olsun. T\u00fcm sanatseverleri bu festivaldeki temsilleri izlemeye davet ediyorum. \u0130leriki s\u00fcre\u00e7te de \u015fehrimizde daha nice tiyatro festivalleri, m\u00fczik festivalleri yap\u0131ls\u0131n. Her yerde sanat konu\u015fulsun\u201d ifadelerini kulland\u0131.<\/p>\n<p>S\u00f6yle\u015fi, at\u00f6lye ve oyunlarla dopdolu ge\u00e7ecek festivalin program\u0131 instagram\u2019da \u201c@mutifes\u201d hesab\u0131ndan detayl\u0131 olarak payla\u015f\u0131ld\u0131.<\/p>\n","protected":false},"excerpt":{"rendered":"<p>Mersin B\u00fcy\u00fck\u015fehir Belediyesi\u2019nin destek verdi\u011fi 6. Mersin Uluslararas\u0131 Tiyatro Festivali\u2019nin Kongre ve Sergi Saray\u0131\u2019ndaki a\u00e7\u0131l\u0131\u015f\u0131n\u0131 \u201cVah\u015fet Tanr\u0131s\u0131\u201d oyunuyla B\u00fcy\u00fck\u015fehir Belediyesi\u2019nin \u015eehir Tiyatrosu oyuncular\u0131 yapt\u0131. Mersin Tiyatro Derne\u011fi (MET\u0130D) koordinesinde ger\u00e7ekle\u015ftirilen &hellip; <a href=\"https:\/\/akdenizolaygazetesi.com\/?p=15378\" class=\"more-link\">Devam\u0131n\u0131 Oku&#8230;<\/a><\/p>\n","protected":false},"author":2,"featured_media":15379,"comment_status":"open","ping_status":"open","sticky":false,"template":"","format":"standard","meta":[],"categories":[1,3,5],"tags":[],"_links":{"self":[{"href":"https:\/\/akdenizolaygazetesi.com\/index.php?rest_route=\/wp\/v2\/posts\/15378"}],"collection":[{"href":"https:\/\/akdenizolaygazetesi.com\/index.php?rest_route=\/wp\/v2\/posts"}],"about":[{"href":"https:\/\/akdenizolaygazetesi.com\/index.php?rest_route=\/wp\/v2\/types\/post"}],"author":[{"embeddable":true,"href":"https:\/\/akdenizolaygazetesi.com\/index.php?rest_route=\/wp\/v2\/users\/2"}],"replies":[{"embeddable":true,"href":"https:\/\/akdenizolaygazetesi.com\/index.php?rest_route=%2Fwp%2Fv2%2Fcomments&post=15378"}],"version-history":[{"count":1,"href":"https:\/\/akdenizolaygazetesi.com\/index.php?rest_route=\/wp\/v2\/posts\/15378\/revisions"}],"predecessor-version":[{"id":15380,"href":"https:\/\/akdenizolaygazetesi.com\/index.php?rest_route=\/wp\/v2\/posts\/15378\/revisions\/15380"}],"wp:featuredmedia":[{"embeddable":true,"href":"https:\/\/akdenizolaygazetesi.com\/index.php?rest_route=\/wp\/v2\/media\/15379"}],"wp:attachment":[{"href":"https:\/\/akdenizolaygazetesi.com\/index.php?rest_route=%2Fwp%2Fv2%2Fmedia&parent=15378"}],"wp:term":[{"taxonomy":"category","embeddable":true,"href":"https:\/\/akdenizolaygazetesi.com\/index.php?rest_route=%2Fwp%2Fv2%2Fcategories&post=15378"},{"taxonomy":"post_tag","embeddable":true,"href":"https:\/\/akdenizolaygazetesi.com\/index.php?rest_route=%2Fwp%2Fv2%2Ftags&post=15378"}],"curies":[{"name":"wp","href":"https:\/\/api.w.org\/{rel}","templated":true}]}}