{"id":1538,"date":"2020-11-04T18:22:05","date_gmt":"2020-11-04T15:22:05","guid":{"rendered":"http:\/\/mersinekonomipolitikagazetesi.com\/?p=1538"},"modified":"2020-11-04T18:22:05","modified_gmt":"2020-11-04T15:22:05","slug":"ulu-cami-meydanindaki-guvercinler-ilgisiz-kalmadi","status":"publish","type":"post","link":"https:\/\/akdenizolaygazetesi.com\/?p=1538","title":{"rendered":"ULU CAM\u0130 MEYDANINDAK\u0130 G\u00dcVERC\u0130NLER \u0130LG\u0130S\u0130Z KALMADI"},"content":{"rendered":"<p>Mersin \u00c7ar\u015f\u0131 Ulu Cami meydan\u0131nda g\u00fcvercinlere ayr\u0131lm\u0131\u015f olan \u00f6zel b\u00f6l\u00fcm vatanda\u015f\u0131n ilgi oda\u011f\u0131 oldu.<\/p>\n<blockquote type=\"cite\">\n<div dir=\"ltr\">\n<p><span style=\"font-size:16px;\">G\u00fcvercinler i\u00e7in ayr\u0131lm\u0131\u015f olan b\u00f6l\u00fcm\u00fcn yan\u0131ndan gelip ge\u00e7en vatanda\u015f g\u00fcvercinlere\u00a0yem vererek u\u00e7malar\u0131n\u0131 seyretmeden ge\u00e7emiyor.<\/span><\/p>\n<p><span style=\"font-size:16px;\">Meydanda g\u00fcvercinler g\u00f6rsel g\u00fczellik sunuyor. Hay\u0131rsever vatanda\u015flar\u0131n bu\u011fday yemi vererek besledi\u011fi g\u00fcvercinler meydan\u0131n s\u00fcs\u00fc halinde.\u00a0<\/span><\/p>\n<p><span style=\"font-size:16px;\">Bu\u011fday verilirken s\u00fcr\u00fc halde u\u00e7arak yem yemek i\u00e7in g\u00fcvercinler g\u00fczel bir g\u00f6r\u00fcnt\u00fc verirken, vatanda\u015f\u0131n da bundan memnun kal\u0131nd\u0131\u011f\u0131 g\u00f6zlerden ka\u00e7m\u0131yor.<\/span><\/p>\n<p>\u00a0<\/p>\n<p><span style=\"font-size:16px;\">Havalar\u0131n \u0131s\u0131nmas\u0131 ile birlikte g\u00fcvercinlerin art\u0131k hastalanmayarak \u00e7o\u011falmalar\u0131 i\u00e7in ayr\u0131lan g\u00fcvercin alan\u0131n\u0131 daha da ne\u015felendirmekte, \u0131s\u0131nan hava sonucu g\u00fcvercinlerde \u00e7iftle\u015fmenin daha \u00e7ok oldu\u011fu g\u00f6r\u00fcnt\u00fcs\u00fcn\u00fc verdi.<\/span><\/p>\n<p><span style=\"font-size:16px;\">G\u00fcvercinlere ayr\u0131lan \u00f6zel alanda sular\u0131 temin edilmekte ve yemleri ise g\u00fcvercinleri seyretmeye gelen vatanda\u015f taraf\u0131ndan veriliyor.<\/span><\/p>\n<p><span style=\"font-size:16px;\">\u00d6zellikle k\u00fc\u00e7\u00fck ya\u015ftaki \u00e7ocuklar\u0131n g\u00fcvercinleri g\u00f6r\u00fcp ge\u00e7mek gibi bir ihtimal s\u00f6z konusu olmayarak g\u00fcvercinlere ayr\u0131lan mekandan ayr\u0131lmak istemiyor. K\u00fc\u00e7\u00fck \u00e7ocuklar hem g\u00fcvercinleri tutarak sevmekte, hem de kendi elleriyle yem vererek besliyor.<\/span><\/p>\n<p>\u00a0<\/p>\n<p><span style=\"font-size:16px;\">\u201cHAYVANLARIN KEND\u0130LER\u0130N\u0130 DAHA \u0130Y\u0130 H\u0130SSETT\u0130KLER\u0130N\u0130 SEZD\u0130K\u201d<\/span><\/p>\n<p>\u00a0<\/p>\n<p><span style=\"font-size:16px;\">Meydanda g\u00fcvercinlere yem konusunda ilgisiz kalamayan birka\u00e7 vatanda\u015f \u015f\u00f6yle konu\u015ftu: \u201c \u00c7ok g\u00fczel g\u00f6r\u00fcnt\u00fc veriyorlar. \u00d6zellikle \u00e7ocuklar\u0131m\u0131z g\u00f6r\u00fcnce bizden \u00f6nce ko\u015fmaktad\u0131r. Bu hem bizi mutlu ediyor hem \u00e7ocuklar\u0131m\u0131z\u0131. Bizde yem vererek onlar\u0131nda kar\u0131nlar\u0131n\u0131 doyuyoruz. Bu konuda insanlar\u0131m\u0131z\u0131n da hayvanlar\u0131m\u0131za sahip \u00e7\u0131kmalar\u0131 laz\u0131m. \u00c7\u00fcnk\u00fc do\u011fa sadece bize ait de\u011fil, do\u011fadaki varl\u0131klar cans\u0131z veya canl\u0131 olsun hepsine sahip \u00e7\u0131kmam\u0131z gerek. \u015euan biz burada yem verirken hayvanlar\u0131n kendilerini daha iyi hissettiklerini sezdik. Bu da bizi daha da mutlu etti.\u201d \u015feklinde konu\u015ftu.<\/span><\/p>\n<p>\u00a0<\/p>\n<\/div>\n<\/blockquote>\n","protected":false},"excerpt":{"rendered":"<p>Mersin \u00c7ar\u015f\u0131 Ulu Cami meydan\u0131nda g\u00fcvercinlere ayr\u0131lm\u0131\u015f olan \u00f6zel b\u00f6l\u00fcm vatanda\u015f\u0131n ilgi oda\u011f\u0131 oldu. G\u00fcvercinler i\u00e7in ayr\u0131lm\u0131\u015f olan b\u00f6l\u00fcm\u00fcn yan\u0131ndan gelip ge\u00e7en vatanda\u015f g\u00fcvercinlere\u00a0yem vererek u\u00e7malar\u0131n\u0131 seyretmeden ge\u00e7emiyor. Meydanda g\u00fcvercinler &hellip; <a href=\"https:\/\/akdenizolaygazetesi.com\/?p=1538\" class=\"more-link\">Devam\u0131n\u0131 Oku&#8230;<\/a><\/p>\n","protected":false},"author":1,"featured_media":0,"comment_status":"open","ping_status":"open","sticky":false,"template":"","format":"standard","meta":[],"categories":[],"tags":[],"_links":{"self":[{"href":"https:\/\/akdenizolaygazetesi.com\/index.php?rest_route=\/wp\/v2\/posts\/1538"}],"collection":[{"href":"https:\/\/akdenizolaygazetesi.com\/index.php?rest_route=\/wp\/v2\/posts"}],"about":[{"href":"https:\/\/akdenizolaygazetesi.com\/index.php?rest_route=\/wp\/v2\/types\/post"}],"author":[{"embeddable":true,"href":"https:\/\/akdenizolaygazetesi.com\/index.php?rest_route=\/wp\/v2\/users\/1"}],"replies":[{"embeddable":true,"href":"https:\/\/akdenizolaygazetesi.com\/index.php?rest_route=%2Fwp%2Fv2%2Fcomments&post=1538"}],"version-history":[{"count":0,"href":"https:\/\/akdenizolaygazetesi.com\/index.php?rest_route=\/wp\/v2\/posts\/1538\/revisions"}],"wp:attachment":[{"href":"https:\/\/akdenizolaygazetesi.com\/index.php?rest_route=%2Fwp%2Fv2%2Fmedia&parent=1538"}],"wp:term":[{"taxonomy":"category","embeddable":true,"href":"https:\/\/akdenizolaygazetesi.com\/index.php?rest_route=%2Fwp%2Fv2%2Fcategories&post=1538"},{"taxonomy":"post_tag","embeddable":true,"href":"https:\/\/akdenizolaygazetesi.com\/index.php?rest_route=%2Fwp%2Fv2%2Ftags&post=1538"}],"curies":[{"name":"wp","href":"https:\/\/api.w.org\/{rel}","templated":true}]}}