{"id":15384,"date":"2021-11-28T11:09:31","date_gmt":"2021-11-28T08:09:31","guid":{"rendered":"http:\/\/akdenizolaygazetesi.com\/?p=15384"},"modified":"2021-11-28T11:09:31","modified_gmt":"2021-11-28T08:09:31","slug":"yarismacilar-fuarda-tarsusun-lezzetlerini-tatti","status":"publish","type":"post","link":"https:\/\/akdenizolaygazetesi.com\/?p=15384","title":{"rendered":"YARI\u015eMACILAR FUARDA TARSUS\u2019UN LEZZETLER\u0130N\u0130 TATTI"},"content":{"rendered":"<p>Mersin B\u00fcy\u00fck\u015fehir Belediyesi Gen\u00e7lik ve Spor Hizmetleri Dairesi koordinesinde d\u00fczenlenen 13. Uluslararas\u0131 Tarsus Maratonu \u00f6ncesi a\u00e7\u0131lan fuarda yar\u0131\u015fmac\u0131lar g\u00f6\u011f\u00fcs numaralar\u0131n\u0131 ve kitlerini teslim ald\u0131. Dereceye giren 88 sporcuya toplam 172 bin TL \u00f6d\u00fcl\u00fcn verilece\u011fi maraton \u00f6ncesi a\u00e7\u0131lan fuarda, dans g\u00f6sterileri ve konserler de yer ald\u0131. Fuarda keyifli dakikalar ya\u015fayan kat\u0131l\u0131mc\u0131lar, \u00fcretici kad\u0131nlar\u0131n sundu\u011fu Tarsus\u2019a \u00f6zg\u00fc lezzetleri tatma imkan\u0131 yakalad\u0131.<\/p>\n<p>Dans g\u00f6sterileri ve konserlerle dolu dolu bir fuar ger\u00e7ekle\u015fti<\/p>\n<p>Tarsus \u015eehir Stadyumu yan\u0131nda a\u00e7\u0131lan Maraton Fuar\u0131\u2019nda 21 kilometrelik parkuru ko\u015facak sporcular g\u00f6\u011f\u00fcs numaralar\u0131 ve kitlerini teslim al\u0131rken, Halk Ko\u015fusu i\u00e7in de kay\u0131tlar devam etti. Fuarda stantlar ve sahne performanslar\u0131 da yer ald\u0131. Mersin B\u00fcy\u00fck\u015fehir Belediyesi Kent Orkestras\u0131\u2019n\u0131n konser verdi\u011fi fuar, halk oyunlar\u0131 ve zumba danslar\u0131na ev sahipli\u011fi yapt\u0131. Fuarda son olarak Grup Loca sahne ald\u0131.<\/p>\n<p>Fuar alan\u0131nda kurulan stantlarda Mersin\u2019in markalar\u0131n\u0131n yan\u0131 s\u0131ra 15 stantta 20 \u00fcretici kad\u0131n Tarsus\u2019un geleneksel ve y\u00f6resel \u00fcr\u00fcnlerini sundu. Karaku\u015f Tatl\u0131s\u0131\u2019ndan Kokulu \u00c7\u00f6rek ve Tarsus Humusu\u2019na kadar sunulan bir\u00e7ok lezzet kat\u0131l\u0131mc\u0131lar\u0131n dama\u011f\u0131n\u0131 tatland\u0131rd\u0131.<\/p>\n<p>\u201cT\u00fcm Tarsuslu vatanda\u015flar\u0131m\u0131z\u0131 maratonda g\u00f6rmek istiyoruz\u201d<\/p>\n<p>Mersin B\u00fcy\u00fck\u015fehir Belediyesi Genel Sekreter Yard\u0131mc\u0131s\u0131 Hasan G\u00f6kbel, Ba\u015fkan Vahap Se\u00e7er taraf\u0131ndan lansman\u0131 yap\u0131lan maraton \u00f6ncesi fuarda bir araya geldiklerini vurgulad\u0131. G\u00fczel bir maraton oldu\u011funu vurgulayan G\u00f6kbel, \u201c13\u2019\u00fcnc\u00fcs\u00fc yap\u0131l\u0131yor. En son 2018\u2019de yap\u0131lm\u0131\u015f ve orada bitmi\u015fti. Daha sonra Say\u0131n Ba\u015fkan\u0131m\u0131z Vahap Se\u00e7er bu maratonun devam etmesi i\u00e7in bizleri y\u00f6nlendirdi ve 2021 y\u0131l\u0131nda 13\u2019\u00fcnc\u00fcs\u00fcne ba\u015flad\u0131k. \u0130n\u015fallah bundan sonraki y\u0131llarda da daha geli\u015ftirerek, kat\u0131l\u0131m say\u0131s\u0131n\u0131 daha da art\u0131rarak devam edece\u011fiz\u201d diye konu\u015ftu.<\/p>\n<p>\u201c\u00dclkenin d\u00f6rt bir yan\u0131ndan misafirlerimiz var\u201d<\/p>\n<p>B\u00fcy\u00fck\u015fehir Belediyesi Gen\u00e7lik ve Spor Hizmetleri Dairesi Ba\u015fkan\u0131 Ahmet Tarak\u00e7\u0131 ise bir yandan stantlar\u0131n bir yandan da sahne g\u00f6sterilerinin fuarda yer ald\u0131\u011f\u0131n\u0131 belirterek,  \u201c\u00dclkenin d\u00f6rt bir yan\u0131ndan misafirlerimiz var. Bu da bizi \u00e7ok mutlu ediyor. Biz tabi bu tip etkinliklerimize art\u0131rarak, b\u00fcy\u00fcterek ve daha \u00e7ok \u00e7e\u015fitlendirerek devam edece\u011fiz\u201d dedi.<\/p>\n<p>\u201cKaraku\u015f Tatl\u0131s\u0131 baya\u011f\u0131 ilgi g\u00f6r\u00fcyor\u201d<\/p>\n<p>Tarsuslu \u00fcretici kad\u0131nlardan Asuman Kurt, sundu\u011fu Karaku\u015f Tatl\u0131s\u0131\u2019n\u0131n kat\u0131l\u0131mc\u0131lar taraf\u0131ndan be\u011feni toplad\u0131\u011f\u0131n\u0131 vurgulayarak, \u201cY\u0131llard\u0131r evde duran bir kad\u0131nd\u0131m. 8-9 ayd\u0131r \u00e7\u0131kt\u0131m. Stant a\u00e7t\u0131k. Ortam \u00e7ok g\u00fczel. Buradaki arkada\u015fl\u0131k g\u00fczel. Kad\u0131nlar birbirine destek. En g\u00fczeli de Belediye bize destek. Tatl\u0131m\u0131z g\u00fczel, sat\u0131\u015f da g\u00fczel. En \u00e7ok sat\u0131\u015f\u0131 ben yap\u0131yorum, baya\u011f\u0131 bir ilgi g\u00f6r\u00fcyor\u201d diye konu\u015ftu.<\/p>\n<p>\u201cT\u00fcm misafirlerimizi kar\u015f\u0131lamak i\u00e7in stantlar\u0131m\u0131zda bulunuyoruz\u201d<\/p>\n<p>Tarsus\u2019a \u00f6zg\u00fc Kokulu \u00c7\u00f6rek ve bir\u00e7ok \u00fcr\u00fcnle fuarda stant a\u00e7an kad\u0131nlardan Zehra \u00d6z\u015fen de bu sayede ev ekonomilerine de destek olduklar\u0131n\u0131 belirterek, \u201cElimizden geldi\u011fince Tarsus\u2019tan ve Tarsus d\u0131\u015f\u0131ndan kat\u0131lan t\u00fcm misafirlerimizi kar\u015f\u0131lamak i\u00e7in stantlar\u0131m\u0131zda bulunuyoruz. Co\u015fku ve tempo \u00e7ok g\u00fczel. Etkinlikler de \u00e7ok g\u00fczel. Bu etkinliklerin daha fazla olmas\u0131n\u0131 bekliyoruz. Bizler i\u00e7in de \u00fcr\u00fcnlerimizi sergilemek ve evimize katk\u0131da bulunmak ad\u0131na g\u00fczel oluyor. B\u00fcy\u00fck\u015fehir Belediye Ba\u015fkan\u0131m\u0131z Vahap Se\u00e7er\u2019e kad\u0131nlara verdi\u011fi destekten dolay\u0131 \u00e7ok te\u015fekk\u00fcr ediyoruz\u201d ifadelerine yer verdi.<\/p>\n","protected":false},"excerpt":{"rendered":"<p>Mersin B\u00fcy\u00fck\u015fehir Belediyesi Gen\u00e7lik ve Spor Hizmetleri Dairesi koordinesinde d\u00fczenlenen 13. Uluslararas\u0131 Tarsus Maratonu \u00f6ncesi a\u00e7\u0131lan fuarda yar\u0131\u015fmac\u0131lar g\u00f6\u011f\u00fcs numaralar\u0131n\u0131 ve kitlerini teslim ald\u0131. Dereceye giren 88 sporcuya toplam 172 &hellip; <a href=\"https:\/\/akdenizolaygazetesi.com\/?p=15384\" class=\"more-link\">Devam\u0131n\u0131 Oku&#8230;<\/a><\/p>\n","protected":false},"author":2,"featured_media":15385,"comment_status":"open","ping_status":"open","sticky":false,"template":"","format":"standard","meta":[],"categories":[3,5],"tags":[],"_links":{"self":[{"href":"https:\/\/akdenizolaygazetesi.com\/index.php?rest_route=\/wp\/v2\/posts\/15384"}],"collection":[{"href":"https:\/\/akdenizolaygazetesi.com\/index.php?rest_route=\/wp\/v2\/posts"}],"about":[{"href":"https:\/\/akdenizolaygazetesi.com\/index.php?rest_route=\/wp\/v2\/types\/post"}],"author":[{"embeddable":true,"href":"https:\/\/akdenizolaygazetesi.com\/index.php?rest_route=\/wp\/v2\/users\/2"}],"replies":[{"embeddable":true,"href":"https:\/\/akdenizolaygazetesi.com\/index.php?rest_route=%2Fwp%2Fv2%2Fcomments&post=15384"}],"version-history":[{"count":1,"href":"https:\/\/akdenizolaygazetesi.com\/index.php?rest_route=\/wp\/v2\/posts\/15384\/revisions"}],"predecessor-version":[{"id":15386,"href":"https:\/\/akdenizolaygazetesi.com\/index.php?rest_route=\/wp\/v2\/posts\/15384\/revisions\/15386"}],"wp:featuredmedia":[{"embeddable":true,"href":"https:\/\/akdenizolaygazetesi.com\/index.php?rest_route=\/wp\/v2\/media\/15385"}],"wp:attachment":[{"href":"https:\/\/akdenizolaygazetesi.com\/index.php?rest_route=%2Fwp%2Fv2%2Fmedia&parent=15384"}],"wp:term":[{"taxonomy":"category","embeddable":true,"href":"https:\/\/akdenizolaygazetesi.com\/index.php?rest_route=%2Fwp%2Fv2%2Fcategories&post=15384"},{"taxonomy":"post_tag","embeddable":true,"href":"https:\/\/akdenizolaygazetesi.com\/index.php?rest_route=%2Fwp%2Fv2%2Ftags&post=15384"}],"curies":[{"name":"wp","href":"https:\/\/api.w.org\/{rel}","templated":true}]}}