{"id":15387,"date":"2021-11-29T12:48:04","date_gmt":"2021-11-29T09:48:04","guid":{"rendered":"http:\/\/akdenizolaygazetesi.com\/?p=15387"},"modified":"2021-11-29T12:48:04","modified_gmt":"2021-11-29T09:48:04","slug":"13-uluslararasi-tarsus-maratonu-kosuldu","status":"publish","type":"post","link":"https:\/\/akdenizolaygazetesi.com\/?p=15387","title":{"rendered":"13. ULUSLARARASI TARSUS MARATONU KO\u015eULDU"},"content":{"rendered":"<p>Tarih ve k\u00fclt\u00fcr kenti Tarsus\u2019ta, 3 y\u0131l aradan sonra \u201c\u015eehir ve Tarih Hepsi Bir Maratonda\u201d slogan\u0131yla, \u201c13. Uluslararas\u0131 Tarsus Maratonu\u201d co\u015fkusu ya\u015fand\u0131. Mersin B\u00fcy\u00fck\u015fehir Belediyesi\u2019nin organizasyonuyla ko\u015fulan maraton, 3 etap \u015feklinde ger\u00e7ekle\u015fti. Ba\u015flang\u0131\u00e7 ve biti\u015f noktas\u0131 Tarsus \u015eehir Stadyumu yan\u0131 olarak belirlenen yar\u0131\u015flar\u0131n start\u0131n\u0131 Mersin B\u00fcy\u00fck\u015fehir Belediye Ba\u015fkan\u0131 Vahap Se\u00e7er verdi. Maraton ko\u015fusunun genel klasman erkekler kategorisinde Sang Benard Cheruiyot, genel klasman kad\u0131nlar kategorisinde ise Pauline Narogoi Esikon birinci oldu. K\u0131talararas\u0131 y\u00fcz\u00fcc\u00fc ve Mersinli sporcu Azmi Erdo\u011fan ise kanserle m\u00fccadele eden \u00e7ocuklar i\u00e7in yar\u0131\u015fmaya kat\u0131ld\u0131. Kanser tedavisi nedeniyle hareket k\u0131s\u0131tl\u0131l\u0131\u011f\u0131 bulunan ve maratona tekerlekli sandalye ile kat\u0131lan Ecrin\u2019in tekerlekli sandalyesini Azmi Erdo\u011fan s\u00fcrd\u00fc.<\/p>\n<p>Maratonun ilk start\u0131 sabah saat 08.45\u2019de paten yar\u0131\u015f\u0131yla verildi. Maraton heyecan\u0131 paten yar\u0131\u015f\u0131n\u0131n hemen ard\u0131ndan saat 09.00\u2019da 21 kilometrelik maraton ve saat 09.30\u2019da 3 kilometrelik halk ko\u015fusu \u015feklinde devam etti. Maraton yar\u0131\u015flar\u0131nda toplam 3 bin 83 kat\u0131l\u0131mc\u0131 yer ald\u0131. 3 etab\u0131n ya\u015f gruplar\u0131 s\u0131ralamas\u0131 ile kad\u0131n ve erken birincileri i\u00e7in d\u00fczenlenen t\u00f6rende 103 sporcuya toplam 172 bin TL\u2019lik para \u00f6d\u00fcl\u00fc verildi. 3 etab\u0131n kad\u0131n ve erkek birincilerine de \u00f6d\u00fcllerini Ba\u015fkan Se\u00e7er verdi.<\/p>\n<p>Yo\u011fun ilgi g\u00f6ren Halk Ko\u015fusu\u2019na Ba\u015fkan Se\u00e7er, \u201c33\u201d g\u00f6\u011f\u00fcs numaras\u0131yla kat\u0131l\u0131m sa\u011flad\u0131. Maratonda ayr\u0131ca; Mersin Vali Yard\u0131mc\u0131s\u0131 \u0130brahim K\u00fc\u00e7\u00fck, Tarsus Kaymakam\u0131 Kadir Sertel Otcu, Mersin CHP Milletvekilleri Alpay Antmen ve Cengiz G\u00f6k\u00e7el, FOX TV \u201c\u00c7alar Saat\u201d program\u0131 sunucusu \u0130smail K\u00fc\u00e7\u00fckkaya, Tarsus \u0130l\u00e7e Emniyet M\u00fcd\u00fcr\u00fc Ebubekir Fil, Mersin Gen\u00e7lik ve Spor \u0130l M\u00fcd\u00fcr\u00fc \u00d6kke\u015f Demir, Mersin Ticaret ve Sanayi Odas\u0131 (MTSO) Ba\u015fkan\u0131 Ayhan K\u0131z\u0131ltan, MTSO Meclis Ba\u015fkan\u0131 Hamit \u0130zol, Mersin B\u00fcy\u00fck\u015fehir Belediye Meclis \u00dcyeleri ve B\u00fcy\u00fck\u015fehir Belediyesi b\u00fcrokratlar\u0131 da yer ald\u0131.<\/p>\n<p>\u201cTarsus Maratonu\u2019nu her y\u0131l daha co\u015fkulu hale getirmek istiyoruz\u201d<\/p>\n<p>Halk ko\u015fusu \u00f6ncesi de\u011ferlendirmelerde bulunan Ba\u015fkan Se\u00e7er, 2019 ve 2020 y\u0131llar\u0131nda maratonun yap\u0131lamamas\u0131n\u0131 gerek\u00e7eleri ile anlatt\u0131. Se\u00e7er, \u201cBu y\u0131l itibariyle ba\u015flatt\u0131k ve her y\u0131l da bunu daha co\u015fkulu, daha g\u00f6rkemli hale getirmek istiyoruz. 13\u2019\u00fcnc\u00fcs\u00fc yap\u0131yoruz. Muhtelif miktarlarda \u00f6d\u00fcller tabi ki yar\u0131\u015fmac\u0131lar\u0131m\u0131za verilecek. \u00d6d\u00fclden \u00f6te burada insanlar\u0131n bir arada olmas\u0131, sporun birle\u015ftirici g\u00fcc\u00fcn\u00fc kullanmam\u0131z \u00f6nemli. Bizim b\u00f6lgemiz T\u00fcrkiye\u2019nin bir \u00f6zeti. Bu nedenle birlik, beraberlik mesaj\u0131 verilecekse en g\u00fczel yer Mersin\u2019dir, Tarsus\u2019tur. Bu anlamda da \u00e7ok \u00f6nemli. Bak\u0131n burada \u00fclkemizin her yerinden gelen yar\u0131\u015fmac\u0131lar var. \u2018Patencilere \u015fehir d\u0131\u015f\u0131ndan gelen var m\u0131?\u2019 diye sordum. \u00dc\u00e7te ikisi d\u0131\u015fardan gelmi\u015f, \u00fc\u00e7te biri yerli sporcu. Bunlar \u00e7ok g\u00fczel hareketler\u201d diye konu\u015ftu.<\/p>\n<p>\u201c\u0130n\u015fallah \u00e7ok daha g\u00fczel i\u015fler yapaca\u011f\u0131z\u201d<\/p>\n<p>Son d\u00f6nemlerde Mersin\u2019de yap\u0131lan spor aktivitelerinin Mersin\u2019in tan\u0131t\u0131m\u0131 konusunda da \u00f6nemli bir role sahip oldu\u011funu s\u00f6yleyen Se\u00e7er, \u201cBunu art\u0131rmak laz\u0131m. Yeterli de\u011fil. \u00c7\u00fcnk\u00fc Mersin\u2019in tan\u0131nmaya ihtiyac\u0131 var. Tan\u0131t\u0131m\u0131n en iyi yollar\u0131ndan bir tanesi bu etkinlikleri yapmak. K\u00fclt\u00fcr, sanat ve spor; insanlar\u0131 bir araya getirecek etkinlikler yapabilmek. Pandemi baz\u0131 sorunlar yaratt\u0131 ama pandemiden \u00e7\u0131kt\u0131ktan sonra bu etkinlikleri daha da yo\u011funla\u015ft\u0131raca\u011f\u0131z\u201d ifadelerini kulland\u0131. Maratonun halk ko\u015fusuna kat\u0131lmak \u00fczere alanda haz\u0131r bulunan K\u0131r \u00c7i\u00e7ekleri\u2019ne de de\u011finen Se\u00e7er, \u201c55 k\u0131z sporcumuz var. Onlar da buradalar. Say\u0131lar\u0131n\u0131 art\u0131rmak, \u015fampiyon \u00e7\u0131karmak istiyoruz. \u0130n\u015fallah \u00e7ok daha g\u00fczel i\u015fler yapaca\u011f\u0131z\u201d dedi.<\/p>\n<p>\u201cBenim g\u00f6revim bu kenti, muas\u0131r medeniyetler seviyesine ula\u015ft\u0131rmak i\u00e7in gecemi g\u00fcnd\u00fcz\u00fcme katarak \u00e7al\u0131\u015fmak\u201d<\/p>\n<p>Yap\u0131lan yar\u0131\u015fmalar\u0131n sonlanmas\u0131yla \u00f6d\u00fcl t\u00f6renine ge\u00e7ildi. 3 etapta dereceye giren 103 sporcuya madalya ve para \u00f6d\u00fclleri takdim edildi. T\u00f6rende konu\u015fan Ba\u015fkan Se\u00e7er, Mersin\u2019in her b\u00f6lgesinin birer de\u011fer oldu\u011funu s\u00f6yledi. Se\u00e7er, \u015f\u00f6yle devam etti:<\/p>\n<p>\u201cBuraya gelenlerin, yar\u0131\u015fanlar\u0131n, izleyenlerin milliyeti, dili, dini, \u0131rk\u0131 sorgulanamaz. T\u00fcm d\u00fcnyadan, farkl\u0131 co\u011frafyalardan sporcular var. M\u00fcsl\u00fcman, Hristiyan, Musevi ya da farkl\u0131 g\u00f6r\u00fc\u015f ve inan\u00e7larda; i\u015fte sporun birle\u015ftirici g\u00fcc\u00fc budur. Spor, sanat, k\u00fclt\u00fcr onun i\u00e7in \u00f6nemlidir. Onun i\u00e7in han\u00e7eremiz y\u0131rt\u0131lana kadar ba\u011f\u0131r\u0131yoruz. Mustafa Kemal Atat\u00fcrk\u2019\u00fcn izindeyiz. Duymayan kulaklar duysun, g\u00f6rmeyen g\u00f6zler g\u00f6rs\u00fcn. M\u00fch\u00fcrl\u00fc kalpler m\u00fchr\u00fcn\u00fc a\u00e7s\u0131n. Mustafa Kemal Atat\u00fcrk\u2019\u00fcn izindeyiz. Biz \u00e7a\u011fda\u015f bir T\u00fcrkiye i\u00e7in \u00e7al\u0131\u015f\u0131yoruz. Benim g\u00f6revim, bu kenti \u00fclkeme yara\u015f\u0131r, Atat\u00fcrk\u2019\u00fcn dedi\u011fi gibi \u2018muas\u0131r medeniyetler seviyesine ula\u015ft\u0131rmak i\u00e7in\u2019 gecemi g\u00fcnd\u00fcz\u00fcme katarak \u00e7al\u0131\u015fmak.\u201d<\/p>\n<p>\u201cBir \u015fey kazand\u0131; o da dostluk\u201d<\/p>\n<p>G\u00fczel bir maratonu tamamlad\u0131klar\u0131n\u0131 s\u00f6yleyen Se\u00e7er, \u201cDaha nice 13\u2019l\u00fc maratonlara\u201d dedi. Kendisinin de Halk Ko\u015fusu\u2019nda yer ald\u0131\u011f\u0131n\u0131 belirten Se\u00e7er, \u201cSa\u011fl\u0131kl\u0131 nesiller i\u00e7in spor \u015fart. Atat\u00fcrk\u2019\u00fcn dedi\u011fi gibi, zeki, ak\u0131ll\u0131 ve \u00e7evik olmak i\u00e7in de spor \u015fart. Ama \u015funu hissettim. \u00d6v\u00fcnmek gibi olmas\u0131n, ben Tarsus\u2019ta do\u011fdum. Tarihin \u00fczerinde s\u00f6rf yapt\u0131\u011f\u0131m\u0131 hissettim. \u00c7\u00fcnk\u00fc kentin \u00fcst\u00fc g\u00f6rd\u00fc\u011f\u00fcm\u00fcz yap\u0131lar ama alt\u0131n\u0131 g\u00f6remedi\u011fimiz binlerce y\u0131l, on bin y\u0131l geriye giden tarihi kal\u0131nt\u0131lar\u0131 bulmak m\u00fcmk\u00fcn. \u0130\u015fte b\u00f6yle de\u011ferli ve kadim kentte bu yar\u0131\u015fma tamamland\u0131. Tabi \u00f6d\u00fcller verilecek ama bir \u015fey kazand\u0131, o da dostluk. T\u00fcm kat\u0131l\u0131mc\u0131lara, sporcular\u0131m\u0131za; daha nice etkinliklerde in\u015fallah birlikte olaca\u011f\u0131z\u201d ifadelerini kulland\u0131.<\/p>\n<p>\u201cM\u00fcthi\u015f bir kalabal\u0131k\u201d<\/p>\n<p>FOX TV \u2018\u00c7alar Saat\u2019 program\u0131 sunucusu \u0130smail K\u00fc\u00e7\u00fckkaya da maratonun Halk Ko\u015fusu\u2019na kat\u0131ld\u0131. 2 g\u00fcnd\u00fcr Mersin\u2019de oldu\u011funu s\u00f6yleyen K\u00fc\u00e7\u00fckkaya, \u201cHem \u015fehirde yap\u0131lan hizmetleri g\u00f6rd\u00fck hem \u00fcretici kad\u0131nlar\u0131 g\u00f6rd\u00fck. \u00c7ok g\u00fczeldi. Burada da bir taraftan b\u00f6ylesine bir spor etkinli\u011fiyle&#8230;M\u00fcthi\u015f bir kalabal\u0131k. Herkesle i\u015f birli\u011fi yapm\u0131\u015flar\u201d dedi.<\/p>\n<p>\u201c\u00c7ok g\u00fczel bir organizasyondu\u201d<\/p>\n<p>Maratonun Genel Klasman Kad\u0131nlar kategorisinde; yar\u0131\u015f\u0131 1 saat 8 dakika 16 saniye ile tamamlay\u0131p birinci olan Pauline Narogoi Esikon, yar\u0131\u015fmaya Kenya\u2019dan kat\u0131ld\u0131\u011f\u0131n\u0131 belirterek,  \u201cBu yar\u0131\u015f\u0131 kazand\u0131\u011f\u0131m i\u00e7in \u00e7ok mutluyum. \u00c7ok g\u00fczel bir organizasyondu. Ben de bu g\u00fczel organizasyonu kazand\u0131m. Yine gelmek isterim. Afrika kadar g\u00fczel. \u0130nsanlar \u00e7ok s\u0131cakkanl\u0131, arkada\u015f canl\u0131s\u0131 ve g\u00f6rd\u00fc\u011f\u00fcm her \u015feyden de \u00e7ok memnun kald\u0131m\u201d dedi.<\/p>\n<p>\u201cKazanmay\u0131 beklemiyordum ama kazand\u0131m\u201d<\/p>\n<p>Maratonun Genel Klasman Erkekler kategorisinde; 1 saat 2 dakika 31 saniye ile tamamlay\u0131p birinci olan Sang Benard Cheruiyot da yar\u0131\u015fmaya Kenya\u2019dan kat\u0131ld\u0131\u011f\u0131n\u0131 belirtti. Tarsus\u2019u \u00e7ok be\u011fendi\u011fini vurgulayan Cheruiyot, \u201cGe\u00e7en hafta da ko\u015ftum asl\u0131nda, yorgundum. Kazanmay\u0131 beklemiyordum ama kazand\u0131m. Pandemiye ra\u011fmen Tarsus Yar\u0131 Maratonu\u2019nun yap\u0131lmas\u0131ndan ve benim burada bulunmamdan dolay\u0131 \u00e7ok mutluyum. Yar\u0131n ayr\u0131lmadan \u00f6nce Tarsus\u2019un tarihi mekanlar\u0131n\u0131 g\u00f6rece\u011fim. \u015eu anda gezemedim ama yar\u0131n g\u00f6rece\u011fim. Ben K\u00fctahya\u2019da antrenmanlar\u0131m\u0131 devam ettiriyorum. Tekrar gelme \u015fans\u0131m olsa; sadece yar\u0131\u015f i\u00e7in de\u011fil; Tarsus\u2019a seve seve gelirim\u201d diye konu\u015ftu.<\/p>\n<p>\u201cUmar\u0131m kanserle m\u00fccadele eden \u00e7ocuklar\u0131m\u0131z i\u00e7in g\u00fczel bir fark\u0131ndal\u0131k yarat\u0131r\u0131z\u201d<\/p>\n<p>K\u0131talararas\u0131 y\u00fcz\u00fcc\u00fc ve Mersinli sporcu Azmi Erdo\u011fan ise kanserle m\u00fccadele eden \u00e7ocuklar i\u00e7in yar\u0131\u015fmaya kat\u0131ld\u0131. Kanser tedavisi nedeniyle hareket k\u0131s\u0131tl\u0131l\u0131\u011f\u0131 bulunan ve maratona tekerlekli sandalye ile kat\u0131lan Ecrin\u2019in tekerlekli sandalyesini Azmi Erdo\u011fan s\u00fcrd\u00fc. Yar\u0131\u015fma \u00f6ncesi konu\u015fan 10 ya\u015f\u0131ndaki Ecrin, \u201cBen \u00e7ok heyecanl\u0131y\u0131m. Umar\u0131m kazan\u0131r\u0131z. Kazanaca\u011f\u0131m\u0131zdan da eminim zaten. 21 kilometreyi Azmi A\u011fabeyim ko\u015facak tekerlekli sandalyeyle. Asl\u0131nda ben de bu s\u00fcrprizi bilmiyordum. Benim i\u00e7in \u00e7ok g\u00fczel bir s\u00fcrpriz oldu. \u00c7ok heyecanl\u0131. Di\u011fer yar\u0131\u015fmac\u0131lara da bo\u015f \u015fanslar dileriz\u201d dedi.<\/p>\n<p>Azmi Erdo\u011fan da Ecrin\u2019le 2018 y\u0131l\u0131nda sosyal medyada tan\u0131\u015ft\u0131klar\u0131n\u0131 vurgulayarak, \u201c\u0130stanbul Bo\u011faz\u0131\u2019n\u0131 onun i\u00e7in y\u00fczd\u00fcm. 6,5 kilometrelik bir yar\u0131\u015ft\u0131. Daha sonra kanserle m\u00fccadele veren \u00e7ocuklar i\u00e7in yar\u0131\u015fmaya ba\u015flad\u0131m. Ama Ecrin\u2019in tabii ki bende ayr\u0131 bir yeri var. Uzun aradan sonra tekrardan Tarsus\u2019umuzda b\u00f6yle bir organizasyon oldu. Vahap Ba\u015fkan\u0131m\u0131za da \u00e7ok te\u015fekk\u00fcr ederim\u201d diye konu\u015ftu.<\/p>\n<p>Sabah\u0131n erken saatlerinde yar\u0131\u015fmac\u0131lara B\u00fcy\u00fck\u015fehir Belediyesi\u2019nin \u201c1 Ekmek 1 \u00c7orba\u201d arac\u0131yla \u00fccretsiz \u00e7orba ikram edildi. Maratonda B\u00fcy\u00fck\u015fehir Belediyesi\u2019nin Bando Tak\u0131m\u0131\u2019n\u0131n yan\u0131 s\u0131ra Halk Oyunlar\u0131 ekibi de yer ald\u0131. DJ Mustafa Cingiz\u2019in performans sergiledi\u011fi maratonda ayr\u0131ca Detox Band sahne ald\u0131.<\/p>\n","protected":false},"excerpt":{"rendered":"<p>Tarih ve k\u00fclt\u00fcr kenti Tarsus\u2019ta, 3 y\u0131l aradan sonra \u201c\u015eehir ve Tarih Hepsi Bir Maratonda\u201d slogan\u0131yla, \u201c13. Uluslararas\u0131 Tarsus Maratonu\u201d co\u015fkusu ya\u015fand\u0131. Mersin B\u00fcy\u00fck\u015fehir Belediyesi\u2019nin organizasyonuyla ko\u015fulan maraton, 3 etap &hellip; <a href=\"https:\/\/akdenizolaygazetesi.com\/?p=15387\" class=\"more-link\">Devam\u0131n\u0131 Oku&#8230;<\/a><\/p>\n","protected":false},"author":2,"featured_media":15388,"comment_status":"open","ping_status":"open","sticky":false,"template":"","format":"standard","meta":[],"categories":[3,5,10],"tags":[],"_links":{"self":[{"href":"https:\/\/akdenizolaygazetesi.com\/index.php?rest_route=\/wp\/v2\/posts\/15387"}],"collection":[{"href":"https:\/\/akdenizolaygazetesi.com\/index.php?rest_route=\/wp\/v2\/posts"}],"about":[{"href":"https:\/\/akdenizolaygazetesi.com\/index.php?rest_route=\/wp\/v2\/types\/post"}],"author":[{"embeddable":true,"href":"https:\/\/akdenizolaygazetesi.com\/index.php?rest_route=\/wp\/v2\/users\/2"}],"replies":[{"embeddable":true,"href":"https:\/\/akdenizolaygazetesi.com\/index.php?rest_route=%2Fwp%2Fv2%2Fcomments&post=15387"}],"version-history":[{"count":1,"href":"https:\/\/akdenizolaygazetesi.com\/index.php?rest_route=\/wp\/v2\/posts\/15387\/revisions"}],"predecessor-version":[{"id":15389,"href":"https:\/\/akdenizolaygazetesi.com\/index.php?rest_route=\/wp\/v2\/posts\/15387\/revisions\/15389"}],"wp:featuredmedia":[{"embeddable":true,"href":"https:\/\/akdenizolaygazetesi.com\/index.php?rest_route=\/wp\/v2\/media\/15388"}],"wp:attachment":[{"href":"https:\/\/akdenizolaygazetesi.com\/index.php?rest_route=%2Fwp%2Fv2%2Fmedia&parent=15387"}],"wp:term":[{"taxonomy":"category","embeddable":true,"href":"https:\/\/akdenizolaygazetesi.com\/index.php?rest_route=%2Fwp%2Fv2%2Fcategories&post=15387"},{"taxonomy":"post_tag","embeddable":true,"href":"https:\/\/akdenizolaygazetesi.com\/index.php?rest_route=%2Fwp%2Fv2%2Ftags&post=15387"}],"curies":[{"name":"wp","href":"https:\/\/api.w.org\/{rel}","templated":true}]}}