{"id":1539,"date":"2020-11-04T18:22:05","date_gmt":"2020-11-04T15:22:05","guid":{"rendered":"http:\/\/mersinekonomipolitikagazetesi.com\/?p=1539"},"modified":"2020-11-04T18:22:05","modified_gmt":"2020-11-04T15:22:05","slug":"yeni-yasa-ile-ilk-firma-yetkilisi-feras-alamar-oldu","status":"publish","type":"post","link":"https:\/\/akdenizolaygazetesi.com\/?p=1539","title":{"rendered":"YEN\u0130 YASA \u0130LE \u0130LK F\u0130RMA YETK\u0130L\u0130S\u0130 FERAS ALAMAR OLDU"},"content":{"rendered":"<p>Kolay \u015firket kurma yasas\u0131n\u0131n y\u00fcr\u00fcrl\u00fc\u011fe girmesi ile birlikte MTSO Ticaret Sicil M\u00fcd\u00fcrl\u00fc\u011f\u00fc\u2019nde ilk \u015firket kurulumu Suriyeli vatanda\u015f Feras Alamar taraf\u0131ndan yap\u0131ld\u0131.<\/p>\n<blockquote type=\"cite\">\n<div dir=\"ltr\">\n<p><span style=\"font-size:16px;\">D\u00fczenlemenin y\u00fcr\u00fcrl\u00fc\u011fe girmesinde yabanc\u0131 sermayeli El Ammar \u0130n\u015faat Limited \u015eirketi\u2019nin kurulum s\u00f6zle\u015fmesi, MTSO Genel Sekreteri Kadir D\u00f6lek\u00a0\u00a0ile Mersin Ticaret ve Sicil M\u00fcd\u00fcr\u00fc Halis \u00c7ak\u0131r\u2019\u0131n\u00a0\u00a0kat\u0131l\u0131m\u0131yla ger\u00e7ekle\u015fti.<\/span><\/p>\n<p><span style=\"font-size: 16px; font-family: sans-serif, Arial, Verdana, 'Trebuchet MS'; line-height: 1.6em;\">Cumhurba\u015fkan\u0131 Recep Tayyip Erdo\u011fan\u2019\u0131n onay\u0131yla Meclis\u2019te kabul edilen Kanun, 10 Mart\u2019ta Resmi Gazete\u2019de yay\u0131mlanarak y\u00fcr\u00fcrl\u00fc\u011fe girdi.<\/span><\/p>\n<p><span style=\"font-size:16px;\">S\u00f6z konusu kanun de\u011fi\u015fikli\u011fiyle, \u015firket kurulu\u015f i\u015flemlerinde, imza tasdiki, imza beyan\u0131 ve defter a\u00e7\u0131l\u0131\u015f onaylar\u0131 i\u00e7in Ticaret Sicil M\u00fcd\u00fcrl\u00fckleri tek temas noktas\u0131 olaca\u011f\u0131 ve\u00a0\u00a0kurucular art\u0131k bir noktaya ba\u015fvuruda bulunarak \u015firket kurulu\u015f i\u015flemlerini yapabilece\u011fi belirtildi.<\/span><\/p>\n<p>\u00a0<\/p>\n<p><span style=\"font-size:16px;\">D\u00fczenlemenin ger\u00e7ekle\u015fmesi sonucu MTSO Sicil M\u00fcd\u00fcrl\u00fc\u011f\u00fc\u2019ne \u015firket kurulumu i\u00e7in ba\u015fvuran Suriye vatanda\u015f\u0131 Feras Alamar, yeni d\u00fczenlemeden yararlanan ilk firma yetkilisi oldu. El Ammar \u0130n\u015faat Limited \u015eirketi\u2019nin kurulum s\u00f6zle\u015fmesi, yeminli terc\u00fcman arac\u0131l\u0131\u011f\u0131yla beyanl\u0131 olarak ger\u00e7ekle\u015fti.<\/span><\/p>\n<div>\n<div aria-label=\"Geni\u015fletilen i\u00e7eri\u011fi gizleyin\" data-tooltip=\"Geni\u015fletilen i\u00e7eri\u011fi gizleyin\" id=\":k2\" role=\"button\" style=\"clear:both;\" tabindex=\"0\"><span style=\"font-size:16px;\"><img src=\"https:\/\/ssl.gstatic.com\/ui\/v1\/icons\/mail\/images\/cleardot.gif\" style=\"height:8px;width:20px;\" \/><\/span><\/div>\n<\/div>\n<div>\n<p><span style=\"font-size: 16px; font-family: sans-serif, Arial, Verdana, 'Trebuchet MS'; line-height: 1.6em;\">ULUSAL VE ULUSLARARASI YATIRIMLARIN ARTIRILMASI<\/span><\/p>\n<p>\u00a0<\/p>\n<p><span style=\"font-size: 16px; font-family: sans-serif, Arial, Verdana, 'Trebuchet MS'; line-height: 1.6em;\">S\u00f6z konusu d\u00fczenlemelerle ticari hayat\u0131n kolayla\u015ft\u0131r\u0131lmas\u0131, i\u015flem maliyetlerinin ciddi oranda azalt\u0131lmas\u0131 hedefleniyor. Ayr\u0131ca bu d\u00fczenlemelerle, yat\u0131r\u0131m ortam\u0131na ili\u015fkin b\u00fcrokratik s\u00fcre\u00e7lerde zaman ve maliyet a\u00e7\u0131s\u0131ndan iyile\u015ftirme sa\u011flanmas\u0131, ulusal ve uluslararas\u0131 yat\u0131r\u0131mlar\u0131n art\u0131r\u0131lmas\u0131, uluslararas\u0131 kurulu\u015flar\u0131n yat\u0131r\u0131m ortam\u0131na ili\u015fkin raporlar\u0131nda \u00fclke s\u0131ralamas\u0131n\u0131n iyile\u015ftirilmesi ama\u00e7land\u0131\u011f\u0131 belirtildi.<\/span><\/p>\n<\/div>\n<\/div>\n<\/blockquote>\n","protected":false},"excerpt":{"rendered":"<p>Kolay \u015firket kurma yasas\u0131n\u0131n y\u00fcr\u00fcrl\u00fc\u011fe girmesi ile birlikte MTSO Ticaret Sicil M\u00fcd\u00fcrl\u00fc\u011f\u00fc\u2019nde ilk \u015firket kurulumu Suriyeli vatanda\u015f Feras Alamar taraf\u0131ndan yap\u0131ld\u0131. D\u00fczenlemenin y\u00fcr\u00fcrl\u00fc\u011fe girmesinde yabanc\u0131 sermayeli El Ammar \u0130n\u015faat Limited &hellip; <a href=\"https:\/\/akdenizolaygazetesi.com\/?p=1539\" class=\"more-link\">Devam\u0131n\u0131 Oku&#8230;<\/a><\/p>\n","protected":false},"author":1,"featured_media":0,"comment_status":"open","ping_status":"open","sticky":false,"template":"","format":"standard","meta":[],"categories":[],"tags":[],"_links":{"self":[{"href":"https:\/\/akdenizolaygazetesi.com\/index.php?rest_route=\/wp\/v2\/posts\/1539"}],"collection":[{"href":"https:\/\/akdenizolaygazetesi.com\/index.php?rest_route=\/wp\/v2\/posts"}],"about":[{"href":"https:\/\/akdenizolaygazetesi.com\/index.php?rest_route=\/wp\/v2\/types\/post"}],"author":[{"embeddable":true,"href":"https:\/\/akdenizolaygazetesi.com\/index.php?rest_route=\/wp\/v2\/users\/1"}],"replies":[{"embeddable":true,"href":"https:\/\/akdenizolaygazetesi.com\/index.php?rest_route=%2Fwp%2Fv2%2Fcomments&post=1539"}],"version-history":[{"count":0,"href":"https:\/\/akdenizolaygazetesi.com\/index.php?rest_route=\/wp\/v2\/posts\/1539\/revisions"}],"wp:attachment":[{"href":"https:\/\/akdenizolaygazetesi.com\/index.php?rest_route=%2Fwp%2Fv2%2Fmedia&parent=1539"}],"wp:term":[{"taxonomy":"category","embeddable":true,"href":"https:\/\/akdenizolaygazetesi.com\/index.php?rest_route=%2Fwp%2Fv2%2Fcategories&post=1539"},{"taxonomy":"post_tag","embeddable":true,"href":"https:\/\/akdenizolaygazetesi.com\/index.php?rest_route=%2Fwp%2Fv2%2Ftags&post=1539"}],"curies":[{"name":"wp","href":"https:\/\/api.w.org\/{rel}","templated":true}]}}