{"id":15390,"date":"2021-11-29T12:49:45","date_gmt":"2021-11-29T09:49:45","guid":{"rendered":"http:\/\/akdenizolaygazetesi.com\/?p=15390"},"modified":"2021-11-29T12:49:45","modified_gmt":"2021-11-29T09:49:45","slug":"son-sumer-kralicesine-unesconun-duzenledigi-sinirlarin-otesinde-anadil-turkce-seminerinde-tesekkur-odulu","status":"publish","type":"post","link":"https:\/\/akdenizolaygazetesi.com\/?p=15390","title":{"rendered":"SON S\u00dcMER KRAL\u0130\u00c7ES\u0130\u2019NE UNESCO\u2019NUN D\u00dcZENLED\u0130\u011e\u0130 \u201cSINIRLARIN \u00d6TES\u0130NDE ANAD\u0130L: T\u00dcRK\u00c7E\u201d SEM\u0130NER\u0130NDE TE\u015eEKK\u00dcR \u00d6D\u00dcL\u00dc"},"content":{"rendered":"<p>Mersin B\u00fcy\u00fck\u015fehir Belediyesi, ya\u015fam enerjisi, hala haf\u0131zas\u0131nda korudu\u011fu bilgi ve k\u00fclt\u00fcr birikimi ile \u201cSon S\u00fcmer Krali\u00e7esi\u201d lakab\u0131n\u0131 sonuna kadar hak eden Muazzez \u0130lmiye \u00c7\u0131\u011f\u2019\u0131 yaln\u0131z b\u0131rakm\u0131yor. T\u00fcrkiye\u2019nin ilk, d\u00fcnyan\u0131n da en \u00f6nemli S\u00fcmerologlar\u0131ndan biri olan \u00c7\u0131\u011f, \u00f6d\u00fcllerine bir yenisini daha ekledi.<br \/>\n107 y\u0131ll\u0131k ba\u015far\u0131 dolu bir \u00f6m\u00fcr<br \/>\nBir as\u0131rl\u0131k \u00f6m\u00fcr \u00c7\u0131\u011f, UNESCO\u2019nun Uluslararas\u0131 Anadil G\u00fcn\u00fc i\u00e7in d\u00fczenledi\u011fi \u201cS\u0131n\u0131rlar\u0131n \u00d6tesinde Anadil: T\u00fcrk\u00e7e\u201d seminerine ve NY Atat\u00fcrk Okulu\u2019nun 50. Y\u0131l\u0131\u2019n\u0131 kutlama program\u0131na verdi\u011fi katk\u0131lardan dolay\u0131 te\u015fekk\u00fcr plaketi ald\u0131. B\u00fcy\u00fck\u015fehir Belediyesi K\u00fclt\u00fcr ve Sosyal \u0130\u015fler Dairesi Ba\u015fkanl\u0131\u011f\u0131 Koordinat\u00f6r\u00fc Bengi \u0130spir \u00d6zd\u00fclger, elinde \u00e7i\u00e7eklerle \u00c7\u0131\u011f\u2019a tebrik ziyaretinde bulundu.<br \/>\n\u201cH\u00fcr zihniyetle bir \u015feyler yapt\u0131ysan\u0131z muhakkak takdir edilir\u201d<br \/>\nMuazzez \u0130lmiye \u00c7\u0131\u011f, son ald\u0131\u011f\u0131 \u00f6d\u00fclle ilgili olarak, \u201cHani derler baz\u0131lar\u0131 \u2018efendim yapt\u0131\u011f\u0131n i\u015f takdir edilmez\u2019. Ben aksini s\u00f6yl\u00fcyorum. E\u011fer h\u00fcr zihniyetle bir \u015feyler yapt\u0131ysan\u0131z muhakkak takdir edilir. Onun i\u00e7in herkesin elinden geleni yapmas\u0131 laz\u0131m. Ben takdir d\u00fc\u015f\u00fcnmedim hi\u00e7bir zaman\u201d ifadelerine yer verdi.<br \/>\nMuazzez \u0130lmiye \u00c7\u0131\u011f, gen\u00e7lere seslendi: \u201cOkusunlar, okusunlar, okusunlar\u201d<br \/>\nBir \u00f6m\u00fcr ilimin ve bilimin pe\u015finden giden \u00c7\u0131\u011f, gen\u00e7lere seslenerek, \u201cAtat\u00fcrk\u2019\u00fc \u00e7ok okusunlar. E\u011fer Atat\u00fcrk olmasayd\u0131, kad\u0131n erkek beraber olamayacakt\u0131k. Atat\u00fcrk\u2019\u00fcn Nutuk\u2019unu okusunlar. Okusunlar, okusunlar, okusunlar. Okumak insanlar\u0131n kafas\u0131n\u0131 a\u00e7ar\u201d dedi.<br \/>\n\u00c7\u0131\u011f, \u201c\u00c7iviyaz\u0131l\u0131 Mektuplar\u201d kitab\u0131n\u0131 imzalad\u0131<br \/>\nProf. Dr. Firdevs G\u00fcm\u00fc\u015fo\u011flu\u2019nun, \u00c7\u0131\u011f\u2019\u0131n ar\u015fivinde yer alan Prof. Samuel Noah Kramer\u2019in mektuplar\u0131na ve \u00c7\u0131\u011f\u2019la yapt\u0131\u011f\u0131 g\u00f6r\u00fc\u015fmelere dayanarak haz\u0131rlad\u0131\u011f\u0131 \u00c7iviyaz\u0131l\u0131 Mektuplar\u2019\u0131 tan\u0131tan Muazzez \u0130lmiye \u00c7\u0131\u011f, \u201c30 y\u0131l i\u00e7inde m\u00fczede yapt\u0131\u011f\u0131m \u00e7al\u0131\u015fmalar\u0131 bir profes\u00f6r arkada\u015f \u00e7ok g\u00fczel de\u011ferlendirdi. Yabanc\u0131larla yapt\u0131\u011f\u0131m\u0131z mektupla\u015fmalar\u2026 Oradaki \u00e7al\u0131\u015fmalar\u0131m benim kapal\u0131yd\u0131. Halbuki o \u00e7al\u0131\u015fmalar\u0131n sonucunda ben bu kadar kitap yazabildim. Orada \u00e7ok muazzam \u00e7al\u0131\u015fmalar oldu. Bu kitap bu bak\u0131mdan \u00e7ok de\u011ferli benim i\u00e7im de\u201d diyerek, kitab\u0131n\u0131 B\u00fcy\u00fck\u015fehir Belediyesi K\u00fclt\u00fcr ve Sosyal \u0130\u015fler Dairesi Ba\u015fkanl\u0131\u011f\u0131 Koordinat\u00f6r\u00fc Bengi \u0130spir \u00d6zd\u00fclger ad\u0131na imzalad\u0131.<br \/>\n\u201cMuazzez \u0130lmiye \u00c7\u0131\u011f bizim i\u00e7in \u00e7ok \u00f6nemli bir de\u011fer, Ulu \u00c7\u0131nar\u201d<br \/>\nK\u00fclt\u00fcr ve Sosyal \u0130\u015fler Dairesi Ba\u015fkanl\u0131\u011f\u0131 Koordinat\u00f6r\u00fc Bengi \u0130spir \u00d6zd\u00fclger,  Muazzez \u0130lmiye \u00c7\u0131\u011f\u2019\u0131n sadece T\u00fcrkiye de\u011fil d\u00fcnya i\u00e7in de \u00e7ok \u00f6nemli bir de\u011fer oldu\u011funu ifade ederek, \u015funlar\u0131 s\u00f6yledi:<br \/>\n\u201cBizim bir \u015fans\u0131m\u0131z var; \u015fehrimizde ya\u015f\u0131yor. Dolay\u0131s\u0131yla kendisini hem \u00f6zel g\u00fcnlerde hem de kendisinin \u00f6zel g\u00fcnlerinde zaman zaman ziyaret etmekten b\u00fcy\u00fck onur, mutluluk duyuyoruz. Amerika\u2019dan alm\u0131\u015f oldu\u011fu \u00f6nemli bir \u00e7al\u0131\u015fman\u0131n sonucunda verilen bir plaket var. Kendisini kutlamak, tebrik etmek istedik. Belirli aral\u0131klarla geliyoruz. Kendisine duydu\u011fumuz sevgiyi ve sayg\u0131y\u0131 g\u00f6stermek istiyoruz. Onun g\u00fczel sohbetinden faydalanmak istiyoruz. Kendisiyle ge\u00e7irece\u011fimiz bir 5 dakika bile bizler i\u00e7in \u00e7ok k\u0131ymetli oluyor, ger\u00e7ekten son derece keyifli anlar ya\u015fad\u0131k. En k\u0131sa zamanda tekrar yan\u0131nda olmak istiyoruz \u00e7\u00fcnk\u00fc bizim i\u00e7in \u00e7ok \u00f6nemli bir de\u011fer, Ulu \u00c7\u0131nar. Onun bilgi birikiminden, ya\u015fad\u0131klar\u0131ndan, \u00f6nerilerinden faydalanmak bizler i\u00e7in \u00e7ok b\u00fcy\u00fck bir katk\u0131. Onun i\u00e7in de mutluyuz.\u201d<\/p>\n","protected":false},"excerpt":{"rendered":"<p>Mersin B\u00fcy\u00fck\u015fehir Belediyesi, ya\u015fam enerjisi, hala haf\u0131zas\u0131nda korudu\u011fu bilgi ve k\u00fclt\u00fcr birikimi ile \u201cSon S\u00fcmer Krali\u00e7esi\u201d lakab\u0131n\u0131 sonuna kadar hak eden Muazzez \u0130lmiye \u00c7\u0131\u011f\u2019\u0131 yaln\u0131z b\u0131rakm\u0131yor. T\u00fcrkiye\u2019nin ilk, d\u00fcnyan\u0131n da &hellip; <a href=\"https:\/\/akdenizolaygazetesi.com\/?p=15390\" class=\"more-link\">Devam\u0131n\u0131 Oku&#8230;<\/a><\/p>\n","protected":false},"author":2,"featured_media":15391,"comment_status":"open","ping_status":"open","sticky":false,"template":"","format":"standard","meta":[],"categories":[3,5],"tags":[],"_links":{"self":[{"href":"https:\/\/akdenizolaygazetesi.com\/index.php?rest_route=\/wp\/v2\/posts\/15390"}],"collection":[{"href":"https:\/\/akdenizolaygazetesi.com\/index.php?rest_route=\/wp\/v2\/posts"}],"about":[{"href":"https:\/\/akdenizolaygazetesi.com\/index.php?rest_route=\/wp\/v2\/types\/post"}],"author":[{"embeddable":true,"href":"https:\/\/akdenizolaygazetesi.com\/index.php?rest_route=\/wp\/v2\/users\/2"}],"replies":[{"embeddable":true,"href":"https:\/\/akdenizolaygazetesi.com\/index.php?rest_route=%2Fwp%2Fv2%2Fcomments&post=15390"}],"version-history":[{"count":1,"href":"https:\/\/akdenizolaygazetesi.com\/index.php?rest_route=\/wp\/v2\/posts\/15390\/revisions"}],"predecessor-version":[{"id":15392,"href":"https:\/\/akdenizolaygazetesi.com\/index.php?rest_route=\/wp\/v2\/posts\/15390\/revisions\/15392"}],"wp:featuredmedia":[{"embeddable":true,"href":"https:\/\/akdenizolaygazetesi.com\/index.php?rest_route=\/wp\/v2\/media\/15391"}],"wp:attachment":[{"href":"https:\/\/akdenizolaygazetesi.com\/index.php?rest_route=%2Fwp%2Fv2%2Fmedia&parent=15390"}],"wp:term":[{"taxonomy":"category","embeddable":true,"href":"https:\/\/akdenizolaygazetesi.com\/index.php?rest_route=%2Fwp%2Fv2%2Fcategories&post=15390"},{"taxonomy":"post_tag","embeddable":true,"href":"https:\/\/akdenizolaygazetesi.com\/index.php?rest_route=%2Fwp%2Fv2%2Ftags&post=15390"}],"curies":[{"name":"wp","href":"https:\/\/api.w.org\/{rel}","templated":true}]}}