{"id":15396,"date":"2021-11-29T12:55:23","date_gmt":"2021-11-29T09:55:23","guid":{"rendered":"http:\/\/akdenizolaygazetesi.com\/?p=15396"},"modified":"2021-11-29T12:55:23","modified_gmt":"2021-11-29T09:55:23","slug":"akdenizde-yasli-ve-engelli-vatandaslar-kimsesiz-degil","status":"publish","type":"post","link":"https:\/\/akdenizolaygazetesi.com\/?p=15396","title":{"rendered":"\u201cAKDEN\u0130Z\u2019DE YA\u015eLI VE ENGELL\u0130 VATANDA\u015eLAR K\u0130MSES\u0130Z DE\u011e\u0130L\u201d"},"content":{"rendered":"<p>Akdeniz Belediyesi&#8217;nin; sosyal belediyecilik ilkesiyle ya\u015fl\u0131, engelli ve kimsesiz vatanda\u015flar i\u00e7in hayata katt\u0131\u011f\u0131 \u2018evde bak\u0131m hizmeti\u2019 aral\u0131ks\u0131z devam ediyor. Ba\u015fkan G\u00fcltak; \u201cZor durumdaki insanlar\u0131m\u0131za dokunup dertlerine bir nebze derman olmak i\u00e7in \u00e7al\u0131\u015f\u0131yoruz. G\u00f6reve devrald\u0131\u011f\u0131m\u0131z ilk g\u00fcnden bu g\u00fcne s\u00fcrd\u00fcrd\u00fc\u011f\u00fcm\u00fcz hizmetimiz ile zor durumdaki insanlar\u0131m\u0131za hem moral veriyor hem de ihtiya\u00e7lar\u0131n\u0131 kar\u015f\u0131l\u0131yoruz\u201d dedi.<br \/>\nAkdeniz Belediyesi; hayata katt\u0131\u011f\u0131 \u00f6nemli sosyal sorumluluk projelerinden biri olan &#8216;Evde Ki\u015fisel Bak\u0131m ve Temizlik Hizmeti&#8217; ile ihtiya\u00e7 sahibi vatanda\u015flar\u0131 yaln\u0131z b\u0131rakm\u0131yor, onlara moral ve destek oluyor. Kad\u0131n ve Aile Hizmetleri M\u00fcd\u00fcrl\u00fc\u011f\u00fc\u2019n\u00fcn \u00f6nc\u00fcl\u00fc\u011f\u00fcnde il\u00e7e genelinde ya\u015fayan kimsesiz, ya\u015fl\u0131, hasta veya engelleri nedeniyle kendi ihtiya\u00e7lar\u0131n\u0131 kar\u015f\u0131layamayan vatanda\u015flara sunulan hizmet, salg\u0131n ko\u015fullar\u0131 da g\u00f6zetilerek aral\u0131ks\u0131z s\u00fcr\u00fcyor.<br \/>\nY\u00fczlerce vatanda\u015fa periyodik hizmet sunuluyor, ula\u015f\u0131lan hane say\u0131s\u0131 2 bini ge\u00e7ti<br \/>\nEkipler; 500\u2019\u00fc a\u015fk\u0131n vatanda\u015fa periyodik hizmet sunarken; 2 bini a\u015fk\u0131n evin de temizli\u011fi yap\u0131ld\u0131. Ayr\u0131ca hizmet ihtiyac\u0131 olan vatanda\u015flar\u0131n tespiti i\u00e7in saha ara\u015ft\u0131rmalar\u0131 da yap\u0131l\u0131yor. Bu hizmetin yan\u0131 s\u0131ra, uzman psikolog ve sosyologlar g\u00f6zetiminde; 2019-2021 y\u0131llar\u0131 aras\u0131nda d\u00fczenlenen etkinlikler sayesinde binlerce kad\u0131na ula\u015f\u0131ld\u0131. Kad\u0131nlara; \u201cKad\u0131n haklar\u0131, \u015fiddet, KADES uygulamas\u0131, aile i\u00e7i ileti\u015fim, \u00e7ocuk istismar ve ihmali, akran zorbal\u0131\u011f\u0131, anne-\u00e7ocuk ileti\u015fimi, toplumsal cinsiyet e\u011fitimi, otizmde erken tan\u0131 ve m\u00fccadele, \u00e7ocu\u011fumun madde ba\u011f\u0131ml\u0131s\u0131 oldu\u011funu nas\u0131l anlar\u0131m? Meme kanseri \u00f6nleme ve kad\u0131n sa\u011fl\u0131\u011f\u0131 ile ev kazalar\u0131nda al\u0131nmas\u0131 gereken \u00f6nlemler\u201d konular\u0131nda e\u011fitimler de verildi.<br \/>\nBa\u015fkan G\u00fcltak; &#8220;Vatanda\u015flar\u0131m\u0131z\u0131n huzur ve mutlulu\u011fu i\u00e7in var g\u00fcc\u00fcm\u00fczle \u00e7al\u0131\u015f\u0131yoruz&#8221;<br \/>\nSosyal belediyecilik ilkelerini \u00f6nceleyen ve g\u00f6n\u00fcl belediyecili\u011fini esas alan bir anlay\u0131\u015fla Akdeniz halk\u0131na e\u015fit ve ay\u0131r\u0131ms\u0131z hizmet verdiklerini vurgulayan Akdeniz Belediye Ba\u015fkan\u0131 M. Mustafa G\u00fcltak; \u201cEvde Temizlik ve Ki\u015fisel Bak\u0131m Hizmetimiz ile Akdeniz&#8217;de ya\u015fayan hi\u00e7 kimsenin yaln\u0131z ve \u00e7aresiz olmad\u0131\u011f\u0131n\u0131 hissettiriyoruz. Ya\u015fl\u0131, engelli ve yaln\u0131z ya\u015fayan insanlar\u0131m\u0131z\u0131n bu zor d\u00f6nemlerinde yan\u0131nda olmak ve onlar\u0131n ihtiya\u00e7lar\u0131n\u0131 kar\u015f\u0131lamak bizi biz yapan en k\u00f6kl\u00fc de\u011fer ve geleneklerimizden birisidir. \u0130nsan\u0131 insan eden bu \u00f6nemli de\u011ferimizi ya\u015fatmal\u0131y\u0131z. \u0130htiya\u00e7 sahibi vatanda\u015flar\u0131m\u0131z\u0131n yan\u0131nda olup onlar\u0131n ihtiya\u00e7lar\u0131n\u0131 kar\u015f\u0131lamaya; hayatlar\u0131n\u0131 kolayla\u015ft\u0131r\u0131p s\u0131k\u0131nt\u0131lar\u0131n\u0131, endi\u015fe ve dertlerini elimizden geldi\u011fince azaltmaya devam edece\u011fiz\u201d diye konu\u015ftu.<br \/>\nHizmette yararlanmak i\u00e7in\u2026<br \/>\nAkdeniz Belediyesi Kad\u0131n ve Aile Hizmetleri M\u00fcd\u00fcrl\u00fc\u011f\u00fc ekipleri, ihtiya\u00e7 sahibi vatanda\u015flar\u0131n ki\u015fisel bak\u0131m\u0131 ve evlerinin temizli\u011finin yan\u0131 s\u0131ra, ya\u015fl\u0131l\u0131k, dulluk ve engellilik maa\u015f\u0131 ba\u011flanmas\u0131 i\u00e7in gerekli takip i\u015flemlerinde de yard\u0131mc\u0131 oluyor. SYD Vakf\u0131 ile ileti\u015fime ge\u00e7en ekipler, g\u0131da temini i\u00e7in kay\u0131tlar\u0131n yap\u0131lmas\u0131na arac\u0131 oluyor. Hizmetten faydalanmak isteyenler; (05527688888) whatsapp hatt\u0131 veya (0324-3366583) numaral\u0131 \u00e7a\u011fr\u0131 merkezinden yetkililere ula\u015fabilir.<\/p>\n","protected":false},"excerpt":{"rendered":"<p>Akdeniz Belediyesi&#8217;nin; sosyal belediyecilik ilkesiyle ya\u015fl\u0131, engelli ve kimsesiz vatanda\u015flar i\u00e7in hayata katt\u0131\u011f\u0131 \u2018evde bak\u0131m hizmeti\u2019 aral\u0131ks\u0131z devam ediyor. Ba\u015fkan G\u00fcltak; \u201cZor durumdaki insanlar\u0131m\u0131za dokunup dertlerine bir nebze derman olmak &hellip; <a href=\"https:\/\/akdenizolaygazetesi.com\/?p=15396\" class=\"more-link\">Devam\u0131n\u0131 Oku&#8230;<\/a><\/p>\n","protected":false},"author":2,"featured_media":15397,"comment_status":"open","ping_status":"open","sticky":false,"template":"","format":"standard","meta":[],"categories":[1,2,3,5],"tags":[],"_links":{"self":[{"href":"https:\/\/akdenizolaygazetesi.com\/index.php?rest_route=\/wp\/v2\/posts\/15396"}],"collection":[{"href":"https:\/\/akdenizolaygazetesi.com\/index.php?rest_route=\/wp\/v2\/posts"}],"about":[{"href":"https:\/\/akdenizolaygazetesi.com\/index.php?rest_route=\/wp\/v2\/types\/post"}],"author":[{"embeddable":true,"href":"https:\/\/akdenizolaygazetesi.com\/index.php?rest_route=\/wp\/v2\/users\/2"}],"replies":[{"embeddable":true,"href":"https:\/\/akdenizolaygazetesi.com\/index.php?rest_route=%2Fwp%2Fv2%2Fcomments&post=15396"}],"version-history":[{"count":1,"href":"https:\/\/akdenizolaygazetesi.com\/index.php?rest_route=\/wp\/v2\/posts\/15396\/revisions"}],"predecessor-version":[{"id":15398,"href":"https:\/\/akdenizolaygazetesi.com\/index.php?rest_route=\/wp\/v2\/posts\/15396\/revisions\/15398"}],"wp:featuredmedia":[{"embeddable":true,"href":"https:\/\/akdenizolaygazetesi.com\/index.php?rest_route=\/wp\/v2\/media\/15397"}],"wp:attachment":[{"href":"https:\/\/akdenizolaygazetesi.com\/index.php?rest_route=%2Fwp%2Fv2%2Fmedia&parent=15396"}],"wp:term":[{"taxonomy":"category","embeddable":true,"href":"https:\/\/akdenizolaygazetesi.com\/index.php?rest_route=%2Fwp%2Fv2%2Fcategories&post=15396"},{"taxonomy":"post_tag","embeddable":true,"href":"https:\/\/akdenizolaygazetesi.com\/index.php?rest_route=%2Fwp%2Fv2%2Ftags&post=15396"}],"curies":[{"name":"wp","href":"https:\/\/api.w.org\/{rel}","templated":true}]}}