{"id":15400,"date":"2021-11-30T11:11:13","date_gmt":"2021-11-30T08:11:13","guid":{"rendered":"http:\/\/akdenizolaygazetesi.com\/?p=15400"},"modified":"2021-11-30T11:11:13","modified_gmt":"2021-11-30T08:11:13","slug":"baskan-yilmaz-amacimiz-daha-saglikli-nesiller-yetismesi","status":"publish","type":"post","link":"https:\/\/akdenizolaygazetesi.com\/?p=15400","title":{"rendered":"Ba\u015fkan Y\u0131lmaz; \u201cAmac\u0131m\u0131z, Daha Sa\u011fl\u0131kl\u0131 Nesiller Yeti\u015fmesi\u201d"},"content":{"rendered":"<p>Toroslar Belediyesi, A\u011f\u0131z ve Di\u015f Sa\u011fl\u0131\u011f\u0131 Haftas\u0131 kapsam\u0131nda il\u00e7edeki anaokul ve ilkokul birinci s\u0131n\u0131fta okuyan \u00f6\u011frenciler ile Kur\u2019an Kurslar\u0131nda e\u011fitim g\u00f6ren \u00e7ocuklara di\u015f bak\u0131m seti da\u011f\u0131tt\u0131.<\/p>\n<p>E\u011fitim ve sa\u011fl\u0131\u011f\u0131 her zaman \u00f6ncelikleri aras\u0131nda tutan Toroslar Belediye Ba\u015fkan\u0131 Ats\u0131z Af\u015f\u0131n Y\u0131lmaz da minik \u00f6\u011frencileri yaln\u0131z b\u0131rakmayarak, a\u011f\u0131z ve di\u015f sa\u011fl\u0131\u011f\u0131n\u0131n \u00f6nemine dikkat \u00e7ekti.<\/p>\n<p>Di\u015f bak\u0131m setlerini Ba\u015fkan Y\u0131lmaz\u2019\u0131n elinden alan ve pilot okul se\u00e7ilen Mustafa Kemal \u0130lkokulu \u00f6\u011frencileri ise Ba\u015fkan amcalar\u0131na di\u015flerini g\u00fcnde en az iki kez f\u0131r\u00e7alayacaklar\u0131n\u0131n s\u00f6z\u00fcn\u00fc verdi.<\/p>\n<p>Yap\u0131lan programda uzman di\u015f hekimi \u00f6\u011frencilere do\u011fru f\u0131r\u00e7alama tekniklerini g\u00f6sterirken, a\u011f\u0131z ve di\u015f sa\u011fl\u0131\u011f\u0131 ile ilgili ayr\u0131nt\u0131l\u0131 bilgilerin yer ald\u0131\u011f\u0131 el bro\u015f\u00fcrleri de verildi.<\/p>\n<p>Ba\u015fkan Y\u0131lmaz; \u201cAmac\u0131m\u0131z, Daha Sa\u011fl\u0131kl\u0131 Nesiller Yeti\u015fmesi\u201d<\/p>\n<p>Daha sa\u011fl\u0131kl\u0131 nesiller yeti\u015fmesi i\u00e7in bu \u00e7al\u0131\u015fmalara \u00f6nem verdiklerini belirten Toroslar Belediye Ba\u015fkan\u0131 Ats\u0131z Af\u015f\u0131n Y\u0131lmaz, ama\u00e7lar\u0131n\u0131n k\u00fc\u00e7\u00fck ya\u015flardan itibaren \u00e7ocuklara f\u0131r\u00e7alama al\u0131\u015fkanl\u0131\u011f\u0131n\u0131 kazand\u0131rmak oldu\u011funu s\u00f6yledi.<\/p>\n<p>Ba\u015fkan Y\u0131lmaz; \u201cHer \u00e7ocuk bizim i\u00e7in \u00f6zeldir. \u00c7ocuklar\u0131m\u0131z\u0131n daha sa\u011fl\u0131kl\u0131 di\u015flere sahip olmalar\u0131n\u0131 istiyoruz. Bu kapsamda \u00e7ocuklar\u0131m\u0131za a\u011f\u0131z ve di\u015f bak\u0131m setleri da\u011f\u0131tt\u0131k. Uzman di\u015f hekimimizin de e\u015flik etti\u011fi okul ziyaretimizde onlardan g\u00fcnde en az iki kez di\u015flerini f\u0131r\u00e7alamalar\u0131n\u0131 istedik. A\u011f\u0131z ve di\u015f sa\u011fl\u0131\u011f\u0131m\u0131z\u0131 korumak ad\u0131na \u00f6zveri ile \u00e7al\u0131\u015fan t\u00fcm di\u015f hekimlerimize te\u015fekk\u00fcr ediyoruz\u201d \u015feklinde konu\u015ftu.<\/p>\n","protected":false},"excerpt":{"rendered":"<p>Toroslar Belediyesi, A\u011f\u0131z ve Di\u015f Sa\u011fl\u0131\u011f\u0131 Haftas\u0131 kapsam\u0131nda il\u00e7edeki anaokul ve ilkokul birinci s\u0131n\u0131fta okuyan \u00f6\u011frenciler ile Kur\u2019an Kurslar\u0131nda e\u011fitim g\u00f6ren \u00e7ocuklara di\u015f bak\u0131m seti da\u011f\u0131tt\u0131. E\u011fitim ve sa\u011fl\u0131\u011f\u0131 her &hellip; <a href=\"https:\/\/akdenizolaygazetesi.com\/?p=15400\" class=\"more-link\">Devam\u0131n\u0131 Oku&#8230;<\/a><\/p>\n","protected":false},"author":2,"featured_media":15401,"comment_status":"open","ping_status":"open","sticky":false,"template":"","format":"standard","meta":[],"categories":[3,5],"tags":[],"_links":{"self":[{"href":"https:\/\/akdenizolaygazetesi.com\/index.php?rest_route=\/wp\/v2\/posts\/15400"}],"collection":[{"href":"https:\/\/akdenizolaygazetesi.com\/index.php?rest_route=\/wp\/v2\/posts"}],"about":[{"href":"https:\/\/akdenizolaygazetesi.com\/index.php?rest_route=\/wp\/v2\/types\/post"}],"author":[{"embeddable":true,"href":"https:\/\/akdenizolaygazetesi.com\/index.php?rest_route=\/wp\/v2\/users\/2"}],"replies":[{"embeddable":true,"href":"https:\/\/akdenizolaygazetesi.com\/index.php?rest_route=%2Fwp%2Fv2%2Fcomments&post=15400"}],"version-history":[{"count":1,"href":"https:\/\/akdenizolaygazetesi.com\/index.php?rest_route=\/wp\/v2\/posts\/15400\/revisions"}],"predecessor-version":[{"id":15402,"href":"https:\/\/akdenizolaygazetesi.com\/index.php?rest_route=\/wp\/v2\/posts\/15400\/revisions\/15402"}],"wp:featuredmedia":[{"embeddable":true,"href":"https:\/\/akdenizolaygazetesi.com\/index.php?rest_route=\/wp\/v2\/media\/15401"}],"wp:attachment":[{"href":"https:\/\/akdenizolaygazetesi.com\/index.php?rest_route=%2Fwp%2Fv2%2Fmedia&parent=15400"}],"wp:term":[{"taxonomy":"category","embeddable":true,"href":"https:\/\/akdenizolaygazetesi.com\/index.php?rest_route=%2Fwp%2Fv2%2Fcategories&post=15400"},{"taxonomy":"post_tag","embeddable":true,"href":"https:\/\/akdenizolaygazetesi.com\/index.php?rest_route=%2Fwp%2Fv2%2Ftags&post=15400"}],"curies":[{"name":"wp","href":"https:\/\/api.w.org\/{rel}","templated":true}]}}