{"id":15409,"date":"2021-11-30T11:22:06","date_gmt":"2021-11-30T08:22:06","guid":{"rendered":"http:\/\/akdenizolaygazetesi.com\/?p=15409"},"modified":"2021-11-30T11:22:06","modified_gmt":"2021-11-30T08:22:06","slug":"her-yil-yatirimlarimizi-artirarak-devam-ettiriyoruz","status":"publish","type":"post","link":"https:\/\/akdenizolaygazetesi.com\/?p=15409","title":{"rendered":"\u201cHER YIL YATIRIMLARIMIZI ARTIRARAK DEVAM ETT\u0130R\u0130YORUZ\u201d"},"content":{"rendered":"<p>Mersin B\u00fcy\u00fck\u015fehir Belediyesi Mersin Su ve Kanalizasyon \u0130daresi (MESK\u0130) Genel M\u00fcd\u00fcrl\u00fc\u011f\u00fc\u2019n\u00fcn Kas\u0131m ay\u0131 Ola\u011fan Genel Kurul Toplant\u0131s\u0131\u2019n\u0131n ikinci birle\u015fimi, B\u00fcy\u00fck\u015fehir Belediye Ba\u015fkan\u0131 Vahap Se\u00e7er ba\u015fkanl\u0131\u011f\u0131nda ger\u00e7ekle\u015ftirildi. MESK\u0130\u2019nin yat\u0131r\u0131mlar\u0131yla ilgili ayr\u0131nt\u0131l\u0131 bir sunum ger\u00e7ekle\u015ftiren Ba\u015fkan Se\u00e7er, her y\u0131l yat\u0131r\u0131mlar\u0131 art\u0131rd\u0131klar\u0131n\u0131, 5 y\u0131l\u0131n sonunda yakla\u015f\u0131k 2,5 milyar liral\u0131k yat\u0131r\u0131m yapacaklar\u0131n\u0131 s\u00f6yledi. Se\u00e7er, ekonomideki dengesizlikler nedeniyle d\u0131\u015f bor\u00e7larda 341 milyon liral\u0131k kur fark\u0131yla kar\u015f\u0131 kar\u015f\u0131ya bulunduklar\u0131n\u0131 da vurgulad\u0131.<br \/>\n\u201cDevam eden 52 projenin parasal tutar\u0131 663 milyon 97 bin 480 TL\u201d<br \/>\nBa\u015fkan Se\u00e7er, Meclis\u2019te yapt\u0131\u011f\u0131 sunumda tamamlanan, devam eden ve hayata ge\u00e7irecekleri yat\u0131r\u0131mlarla ilgili bilgiler verdi. Yat\u0131r\u0131mlar\u0131n rakamsal boyutunu da Meclis \u00fcyeleriyle payla\u015fan Se\u00e7er, \u201cBizim toplamda stratejik planda performans\u0131m\u0131z\u0131 etkileyecek, yat\u0131r\u0131m program\u0131m\u0131zda yer alan 149 projemiz mevcut. \u015eu ana kadar 65 projemizi bu y\u0131l\u0131n 10. ay sonu itibariyle tamamlam\u0131\u015f bulunmaktay\u0131z. Yani ge\u00e7ti\u011fimiz Ekim ay\u0131n\u0131n sonu itibariyle bu verece\u011fim rakamlar ge\u00e7erlidir. Bu 149 projenin tamamlanan 65\u2019inin bize parasal olarak yans\u0131mas\u0131 357 milyon 347 bin 414 TL. \u015eu anda devam eden yat\u0131r\u0131mlar\u0131m\u0131zda 52 projemiz var. Bunlar\u0131n bir k\u0131sm\u0131 bitmi\u015f, bitmek \u00fczere ya da bir k\u0131sm\u0131 da \u00f6n\u00fcm\u00fczdeki s\u00fcre\u00e7te peyderpey tamamlanacak olan yat\u0131r\u0131mlar. Bu 52 toplam projenin de parasal tutar\u0131 663 milyon 97 bin 480 TL. Devam eden yat\u0131r\u0131mlara da bu y\u0131l i\u00e7inde, 2020 y\u0131l\u0131 i\u00e7erisinde ay\u0131rd\u0131\u011f\u0131m\u0131z \u00f6denek miktar\u0131 428 milyon 244 bin lira. 2024\u2019e kadar planlanan yat\u0131r\u0131mlar\u0131m\u0131z toplam 32 projede 1 milyar 590 milyon 266 bin liral\u0131k parasal tutara sahip\u201d dedi.<br \/>\n\u201cKurumda mali disiplini sa\u011flama cihetine gittik\u201d<br \/>\nTamamlanan, devam eden ve planlanan yat\u0131r\u0131mlar\u0131 \u00fcst \u00fcste toplad\u0131klar\u0131nda 5 y\u0131l\u0131n sonunda yakla\u015f\u0131k 2,5 milyar liral\u0131k yat\u0131r\u0131m yapacaklar\u0131n\u0131 kaydeden Se\u00e7er, \u201c2 milyar 610 milyon 711 bin liral\u0131k yat\u0131r\u0131m planlanmaktad\u0131r. Biz 2019 y\u0131l\u0131 Nisan ay\u0131nda y\u00f6netime geldik ve bizim haz\u0131rlad\u0131\u011f\u0131m\u0131z b\u00fct\u00e7e yat\u0131r\u0131m program\u0131n\u0131 uygulamaya koymad\u0131k. Haz\u0131r buldu\u011fumuz bir program \u00fczerinden \u00e7al\u0131\u015fmalar\u0131m\u0131z\u0131 y\u00fcr\u00fctt\u00fck. O y\u0131l baz\u0131 hususlarda beklemeyi tercih ettik ve bu bekleme sadece o projelerin uygunlu\u011fu, uygun olmad\u0131\u011f\u0131 y\u00f6n\u00fcndeki karars\u0131zl\u0131\u011f\u0131m\u0131z de\u011fil, ortaya \u00e7\u0131kan \u015fartlardan da kaynakland\u0131. Kurumda mali disiplini sa\u011flama cihetine gittik\u201d diye konu\u015ftu.<br \/>\n\u201cHer y\u0131l yat\u0131r\u0131mlar\u0131m\u0131z\u0131 art\u0131rarak devam ediyoruz\u201d<br \/>\n2020 y\u0131l\u0131nda pandemi olmas\u0131na ra\u011fmen yat\u0131r\u0131mlar\u0131n toplam b\u00fct\u00e7eye oran\u0131n\u0131n % 30 seviyelerine \u00e7\u0131kt\u0131\u011f\u0131n\u0131 anlatan Se\u00e7er, \u201c\u0130\u00e7inde bulundu\u011fumuz y\u0131l tamamland\u0131\u011f\u0131nda yakla\u015f\u0131k olarak yat\u0131r\u0131mlar\u0131m\u0131z\u0131n toplam b\u00fct\u00e7eye oran\u0131 % 40 seviyesine y\u00fckselecek. Ge\u00e7en y\u0131la g\u00f6re 10 puanl\u0131k bir art\u0131\u015f, 2019\u2019a g\u00f6re de 13 puanl\u0131k bir art\u0131\u015f s\u00f6z konusu olacak. Gelecek y\u0131l b\u00fct\u00e7ede de yapt\u0131\u011f\u0131m\u0131z de\u011ferlendirmelerde bundan yola \u00e7\u0131karak, yapaca\u011f\u0131m\u0131z \u00e7al\u0131\u015fmalarda, yat\u0131r\u0131mlar\u0131m\u0131z\u0131n toplam b\u00fct\u00e7eye oran\u0131n\u0131 % 46 olarak hedefliyoruz. Bu tabi ki bu y\u0131ldan \u00f6ng\u00f6r\u00fc rakamlar\u0131. 2023 y\u0131l\u0131nda bu oran\u0131 % 49\u2019a \u00e7\u0131kart\u0131p, \u00f6nemli bir mesafe almak istiyoruz. Yine 2024\u2019\u00fc programlarken; ki se\u00e7im y\u0131l\u0131na girece\u011fiz; yine % 49 seviyelerinde bir oran elde edece\u011fimizi d\u00fc\u015f\u00fcn\u00fcyorum. Demek ki biz her y\u0131l art\u0131rd\u0131\u011f\u0131m\u0131z yat\u0131r\u0131mlarla yat\u0131r\u0131mlar\u0131n toplam b\u00fct\u00e7eye oran\u0131n\u0131 art\u0131r\u0131yoruz. Yani her y\u0131l yat\u0131r\u0131mlar\u0131m\u0131z\u0131 art\u0131rarak devam ediyoruz\u201d ifadelerini kulland\u0131.<br \/>\n\u201c% 98 parasal gider b\u00fct\u00e7esinde ger\u00e7ekle\u015fme \u00f6ng\u00f6r\u00fcl\u00fcyor\u201d<br \/>\nY\u0131llar itibariyle gelir b\u00fct\u00e7esinden de bahseden Ba\u015fkan Se\u00e7er, \u201c2017\u2019de biz y\u00f6netimde de\u011fildik. Gelir b\u00fct\u00e7esi tahmini ger\u00e7ekle\u015fme oran\u0131 % 77 seviyelerinde kalm\u0131\u015f. Bu 2018 y\u0131l\u0131nda % 75\u2019e d\u00fc\u015fm\u00fc\u015f. 2019 y\u0131l\u0131nda y\u00f6netime geldi\u011fimiz ilk y\u0131l biz bunu bizim yapt\u0131\u011f\u0131m\u0131z bir b\u00fct\u00e7e olmamas\u0131na ra\u011fmen % 80 seviyelerinde ger\u00e7ekle\u015ftirdik. Ge\u00e7ti\u011fimiz y\u0131l bu oran % 95 seviyelerine \u00e7\u0131kt\u0131. Bu y\u0131l da y\u0131l sonu itibariyle % 88\u2019ler olaca\u011f\u0131n\u0131 \u00f6ng\u00f6r\u00fcyoruz\u201d dedi. Se\u00e7er, 2017\u2019de % 83, 2018\u2019de % 85, 2019\u2019da %76 olan gider b\u00fct\u00e7esinin ger\u00e7ekle\u015fme oran\u0131n\u0131n 2020 y\u0131l\u0131nda % 89\u2019a \u00e7\u0131kt\u0131\u011f\u0131n\u0131 ifade ederek, 2021 y\u0131l\u0131 sonunda bu oran\u0131n\u0131n % 98 olarak ger\u00e7ekle\u015fmesinin \u00f6ng\u00f6r\u00fcld\u00fc\u011f\u00fcn\u00fc s\u00f6yledi.<br \/>\n\u201cKas\u0131m 15\u2019ten bug\u00fcne girdi maliyetlerimizde ortalama % 9 fiyat art\u0131\u015f\u0131 oldu\u201d<br \/>\n2019 y\u0131l\u0131 Kas\u0131m Ay\u0131 Genel Kurulu\u2019nda yap\u0131lan fiyat d\u00fczenlemelerinin 1 Ocak 2020 tarihinde y\u00fcr\u00fcrl\u00fc\u011fe girdi\u011fini hat\u0131rlatan Ba\u015fkan Se\u00e7er, yapt\u0131\u011f\u0131 sunumda giderlerin fiyat art\u0131\u015flar\u0131ndan etkilenme oranlar\u0131n\u0131 tek tek anlatt\u0131. Ba\u015fkan Se\u00e7er, \u015funlar\u0131 s\u00f6yledi:<br \/>\n\u201cOrtalama fiyat art\u0131\u015f\u0131 bu 2 y\u0131ll\u0131k s\u00fcre\u00e7 i\u00e7erisinde % 52.29. Bug\u00fcn itibariyle biz bu teklifi Genel Kurul\u2019a sundu\u011fumuz Kas\u0131m 15\u2019te, yani yakla\u015f\u0131k bundan 15 g\u00fcn \u00f6nce sundu\u011fumuzda bu oran % 43\u2019t\u00fc. O g\u00fcnden bug\u00fcne yakla\u015f\u0131k olarak girdi maliyetlerimizde ortalama % 9 fiyat art\u0131\u015f\u0131 oldu bu 15 g\u00fcnl\u00fck s\u00fcre\u00e7 i\u00e7erisinde. \u015eu anda da geldi\u011fimiz nokta % 52.23. Bizim fiyat tarifemizde yer alan ay bazl\u0131 enflasyon oran\u0131n\u0131n fiyata yans\u0131t\u0131lmas\u0131ndan kaynakl\u0131 ki o yap\u0131lan d\u00fczenlemede enflasyon ne olursa olsun % 1\u2019in \u00fczerinde buraya uygulanam\u0131yordu ya da buraya yans\u0131t\u0131lm\u0131yordu. Ondan dolay\u0131 da % 18.47\u2019lik bu ay ba\u015f\u0131 itibariyle, yani Kas\u0131m ay\u0131 sonu itibariyle bir art\u0131\u015f olmu\u015f ve bu fiyatlara yans\u0131m\u0131\u015f. Bunu giderlerimizdeki fiyat art\u0131\u015flar\u0131ndan d\u00fc\u015fersek yani % 52.29 d\u00fc\u015ft\u00fc\u011f\u00fcm\u00fcz takdirde demek ki 2 y\u0131l \u00f6nce yapt\u0131\u011f\u0131m\u0131z d\u00fczenleme ko\u015fullar\u0131ndan, girdi maliyetleri a\u00e7\u0131s\u0131ndan hala % 33.82 gerideyiz. Yeniden de\u011ferleme oran\u0131 ge\u00e7ti\u011fimiz g\u00fcn Resmi Gazete\u2019de yay\u0131nland\u0131. 2020 y\u0131l\u0131nda yeniden de\u011ferleme oran\u0131 % 9.11\u2019di. Bu y\u0131l yeniden de\u011ferleme oran\u0131 % 36.20 olarak tekrar a\u00e7\u0131kland\u0131. Bu her ikisinin toplam ald\u0131\u011f\u0131m\u0131z zaman % 45.31\u2019lik devletin resmi kurumlar\u0131n\u0131n, Gelir \u0130daresi Ba\u015fkanl\u0131\u011f\u0131\u2019n\u0131n yeniden de\u011ferleme oranlar\u0131 toplam\u0131 bizim girdi fiyat art\u0131\u015flar\u0131m\u0131z\u0131n % 52.29 oldu\u011fu noktada % 45.31. Enflasyon farklar\u0131ndan su bedellerine yans\u0131yan oran ise % 18.47.\u201d<br \/>\n\u201c341 milyon liral\u0131k bir kur fark\u0131 var\u201d<br \/>\nBor\u00e7 stok durumundan da bahseden Ba\u015fkan Se\u00e7er, y\u00f6netime geldiklerinde MESK\u0130\u2019nin 750 milyon TL civar\u0131nda i\u00e7 borcu oldu\u011funu belirterek; d\u0131\u015f bor\u00e7la ilgili de bilgiler verdi. Ba\u015fkan Se\u00e7er, \u201c\u00c7\u00fcnk\u00fc o g\u00fcnden bug\u00fcne bizi \u00e7arpan 341 milyon liral\u0131k bir kur fark\u0131 var. Yani 341 milyon lira bir para cebimizden kur farklar\u0131ndan dolay\u0131 u\u00e7mu\u015f gitmi\u015f. Kur fark\u0131 olmasayd\u0131 751 milyon 791 bin TL olarak devrald\u0131\u011f\u0131m\u0131z bor\u00e7, \u015fu anda 958 milyon 195 bin TL\u2019ye \u00e7\u0131kmaz, bu bor\u00e7 618 milyon seviyelerinde kal\u0131rd\u0131. Maalesef ekonomideki dengesizlikler; kur fark\u0131ndaki art\u0131\u015flar; a\u015f\u0131r\u0131 fiyat hareketleri\u2026 Girdi maliyetlerinde a\u015f\u0131r\u0131 art\u0131\u015f var. Bizim oturdu\u011fumuz yerde cebimizdeki paray\u0131 eritiyor\u201d dedi.<br \/>\nMESK\u0130\u2019nin 2,5 y\u0131ld\u0131r bu \u015fartlar alt\u0131nda yat\u0131r\u0131m yapmaya \u00e7al\u0131\u015ft\u0131\u011f\u0131n\u0131 vurgulayan Se\u00e7er, \u201cSizlerden destek almaya \u00e7al\u0131\u015f\u0131yor. Zaman zaman bor\u00e7lanma taleplerinde sorunlar ya\u015fan\u0131yor. Ama Anamur\u2019dan Tarsus\u2019a kadar, Mut\u2019tan \u00c7aml\u0131yayla\u2019ya kadar 13 il\u00e7emizde her noktada i\u00e7me suyu yat\u0131r\u0131mlar\u0131m\u0131z\u0131, at\u0131ksu ar\u0131tma tesisleri ve kanalizasyon yat\u0131r\u0131mlar\u0131m\u0131z\u0131, bunun yan\u0131nda ya\u011fmur suyu hatlar\u0131 ya da \u015febekelerinde yat\u0131r\u0131mlar\u0131n\u0131 ki bunu Mersin B\u00fcy\u00fck\u015fehir Belediyesi ile bir protokol \u00e7er\u00e7evesinde yerine getiriyor. MESK\u0130, b\u00fct\u00fcn bu g\u00f6revlerini harfiyen yerine getirmek i\u00e7in mesai arkada\u015flar\u0131m\u0131zla beraber gecesini g\u00fcnd\u00fcz\u00fcne katan bir kurumumuzdur\u201d diye konu\u015ftu.<\/p>\n","protected":false},"excerpt":{"rendered":"<p>Mersin B\u00fcy\u00fck\u015fehir Belediyesi Mersin Su ve Kanalizasyon \u0130daresi (MESK\u0130) Genel M\u00fcd\u00fcrl\u00fc\u011f\u00fc\u2019n\u00fcn Kas\u0131m ay\u0131 Ola\u011fan Genel Kurul Toplant\u0131s\u0131\u2019n\u0131n ikinci birle\u015fimi, B\u00fcy\u00fck\u015fehir Belediye Ba\u015fkan\u0131 Vahap Se\u00e7er ba\u015fkanl\u0131\u011f\u0131nda ger\u00e7ekle\u015ftirildi. MESK\u0130\u2019nin yat\u0131r\u0131mlar\u0131yla ilgili ayr\u0131nt\u0131l\u0131 &hellip; <a href=\"https:\/\/akdenizolaygazetesi.com\/?p=15409\" class=\"more-link\">Devam\u0131n\u0131 Oku&#8230;<\/a><\/p>\n","protected":false},"author":2,"featured_media":15410,"comment_status":"open","ping_status":"open","sticky":false,"template":"","format":"standard","meta":[],"categories":[8,1,3,5],"tags":[],"_links":{"self":[{"href":"https:\/\/akdenizolaygazetesi.com\/index.php?rest_route=\/wp\/v2\/posts\/15409"}],"collection":[{"href":"https:\/\/akdenizolaygazetesi.com\/index.php?rest_route=\/wp\/v2\/posts"}],"about":[{"href":"https:\/\/akdenizolaygazetesi.com\/index.php?rest_route=\/wp\/v2\/types\/post"}],"author":[{"embeddable":true,"href":"https:\/\/akdenizolaygazetesi.com\/index.php?rest_route=\/wp\/v2\/users\/2"}],"replies":[{"embeddable":true,"href":"https:\/\/akdenizolaygazetesi.com\/index.php?rest_route=%2Fwp%2Fv2%2Fcomments&post=15409"}],"version-history":[{"count":1,"href":"https:\/\/akdenizolaygazetesi.com\/index.php?rest_route=\/wp\/v2\/posts\/15409\/revisions"}],"predecessor-version":[{"id":15411,"href":"https:\/\/akdenizolaygazetesi.com\/index.php?rest_route=\/wp\/v2\/posts\/15409\/revisions\/15411"}],"wp:featuredmedia":[{"embeddable":true,"href":"https:\/\/akdenizolaygazetesi.com\/index.php?rest_route=\/wp\/v2\/media\/15410"}],"wp:attachment":[{"href":"https:\/\/akdenizolaygazetesi.com\/index.php?rest_route=%2Fwp%2Fv2%2Fmedia&parent=15409"}],"wp:term":[{"taxonomy":"category","embeddable":true,"href":"https:\/\/akdenizolaygazetesi.com\/index.php?rest_route=%2Fwp%2Fv2%2Fcategories&post=15409"},{"taxonomy":"post_tag","embeddable":true,"href":"https:\/\/akdenizolaygazetesi.com\/index.php?rest_route=%2Fwp%2Fv2%2Ftags&post=15409"}],"curies":[{"name":"wp","href":"https:\/\/api.w.org\/{rel}","templated":true}]}}