{"id":1541,"date":"2020-11-04T18:22:05","date_gmt":"2020-11-04T15:22:05","guid":{"rendered":"http:\/\/mersinekonomipolitikagazetesi.com\/?p=1541"},"modified":"2020-11-04T18:22:05","modified_gmt":"2020-11-04T15:22:05","slug":"tollu-saglik-calisanlarini-ziyaret-etti","status":"publish","type":"post","link":"https:\/\/akdenizolaygazetesi.com\/?p=1541","title":{"rendered":"Tollu, sa\u011fl\u0131k \u00e7al\u0131\u015fanlar\u0131n\u0131 ziyaret etti"},"content":{"rendered":"<p>Erdemli Belediye Ba\u015fkan\u0131 M\u00fckerrem Tollu, Devlet Hastanesi Ba\u015fhekimi Erman Eker\u2019i ziyaret ederek sa\u011fl\u0131k \u00e7al\u0131\u015fanlar\u0131n\u0131n &#8216;T\u0131p Bayram\u0131&#8217;n\u0131 kutlad\u0131.<\/p>\n<p><span style=\"font-size:16px;\"><span style=\"font-family: sans-serif; line-height: 20px; text-align: justify; background-color: rgb(242, 244, 245);\">&#8216;T\u0131p Bayram\u0131&#8217;n\u0131 kutlad\u0131.\u00a0<\/span><br style=\"box-sizing: border-box; font-family: sans-serif; font-size: 14px; line-height: 20px; text-align: justify; background-color: rgb(242, 244, 245);\" \/><br \/>\n<span style=\"font-family: sans-serif; line-height: 20px; text-align: justify; background-color: rgb(242, 244, 245);\">Ziyaret kapsam\u0131nda hastalara ge\u00e7mi\u015f olsun dileklerinde bulunan Tollu, sa\u011fl\u0131k \u00e7al\u0131\u015fanlar\u0131na g\u00fcl vererek g\u00fcnlerini kutlad\u0131. Bu kutsal mesle\u011fi b\u00fcy\u00fck bir \u00f6zveriyle icra eden t\u00fcm sa\u011fl\u0131k \u00e7al\u0131\u015fanlar\u0131n\u0131n &#8216;T\u0131p Bayram\u0131\u2019n\u0131 kutlayan Tollu, &#8220;Hekim arkada\u015flar\u0131m\u0131z\u0131n, sa\u011fl\u0131k \u00e7al\u0131\u015fanlar\u0131m\u0131z\u0131n bu \u00fclke i\u00e7in eme\u011fi ger\u00e7ekten \u00e7ok b\u00fcy\u00fck. Hassaten bu \u00fclkenin her \u015fart\u0131nda ciddi bir m\u00fccadelenin i\u00e7erisinde oldu\u011funu biliyoruz. Zeytin Dal\u0131 Harekat\u0131 kapsam\u0131nda Afrin\u2019de g\u00f6rev yapan askerlerimizin de yan\u0131nda sa\u011fl\u0131k \u00e7al\u0131\u015fanlar\u0131m\u0131z\u0131n g\u00f6n\u00fcl dolu m\u00fccadele ediyor olmas\u0131, bu milletin asaletinin en b\u00fcy\u00fck g\u00f6stergesidir&#8221; dedi.\u00a0<\/span><\/span><\/p>\n","protected":false},"excerpt":{"rendered":"<p>Erdemli Belediye Ba\u015fkan\u0131 M\u00fckerrem Tollu, Devlet Hastanesi Ba\u015fhekimi Erman Eker\u2019i ziyaret ederek sa\u011fl\u0131k \u00e7al\u0131\u015fanlar\u0131n\u0131n &#8216;T\u0131p Bayram\u0131&#8217;n\u0131 kutlad\u0131. &#8216;T\u0131p Bayram\u0131&#8217;n\u0131 kutlad\u0131.\u00a0 Ziyaret kapsam\u0131nda hastalara ge\u00e7mi\u015f olsun dileklerinde bulunan Tollu, sa\u011fl\u0131k \u00e7al\u0131\u015fanlar\u0131na &hellip; <a href=\"https:\/\/akdenizolaygazetesi.com\/?p=1541\" class=\"more-link\">Devam\u0131n\u0131 Oku&#8230;<\/a><\/p>\n","protected":false},"author":1,"featured_media":0,"comment_status":"open","ping_status":"open","sticky":false,"template":"","format":"standard","meta":[],"categories":[],"tags":[],"_links":{"self":[{"href":"https:\/\/akdenizolaygazetesi.com\/index.php?rest_route=\/wp\/v2\/posts\/1541"}],"collection":[{"href":"https:\/\/akdenizolaygazetesi.com\/index.php?rest_route=\/wp\/v2\/posts"}],"about":[{"href":"https:\/\/akdenizolaygazetesi.com\/index.php?rest_route=\/wp\/v2\/types\/post"}],"author":[{"embeddable":true,"href":"https:\/\/akdenizolaygazetesi.com\/index.php?rest_route=\/wp\/v2\/users\/1"}],"replies":[{"embeddable":true,"href":"https:\/\/akdenizolaygazetesi.com\/index.php?rest_route=%2Fwp%2Fv2%2Fcomments&post=1541"}],"version-history":[{"count":0,"href":"https:\/\/akdenizolaygazetesi.com\/index.php?rest_route=\/wp\/v2\/posts\/1541\/revisions"}],"wp:attachment":[{"href":"https:\/\/akdenizolaygazetesi.com\/index.php?rest_route=%2Fwp%2Fv2%2Fmedia&parent=1541"}],"wp:term":[{"taxonomy":"category","embeddable":true,"href":"https:\/\/akdenizolaygazetesi.com\/index.php?rest_route=%2Fwp%2Fv2%2Fcategories&post=1541"},{"taxonomy":"post_tag","embeddable":true,"href":"https:\/\/akdenizolaygazetesi.com\/index.php?rest_route=%2Fwp%2Fv2%2Ftags&post=1541"}],"curies":[{"name":"wp","href":"https:\/\/api.w.org\/{rel}","templated":true}]}}