{"id":15412,"date":"2021-11-30T11:24:51","date_gmt":"2021-11-30T08:24:51","guid":{"rendered":"http:\/\/akdenizolaygazetesi.com\/?p=15412"},"modified":"2021-11-30T11:24:51","modified_gmt":"2021-11-30T08:24:51","slug":"asgari-ucrete-gelecek-zam-2-kati-dahi-olsa-turkiyenin-bugun-basina-gelen-tahribati-onleyemez","status":"publish","type":"post","link":"https:\/\/akdenizolaygazetesi.com\/?p=15412","title":{"rendered":"\u201cASGAR\u0130 \u00dcCRETE GELECEK ZAM 2 KATI DAH\u0130 OLSA T\u00dcRK\u0130YE\u2019N\u0130N BUG\u00dcN BA\u015eINA GELEN TAHR\u0130BATI \u00d6NLEYEMEZ\u201d"},"content":{"rendered":"<p>Mersin B\u00fcy\u00fck\u015fehir Belediyesi Mersin Su ve Kanalizasyon \u0130daresi (MESK\u0130) Kas\u0131m Ay\u0131 Ola\u011fan Genel Kurul Toplant\u0131s\u0131 ikinci birle\u015fimi, B\u00fcy\u00fck\u015fehir Belediye Ba\u015fkan\u0131 Vahap Se\u00e7er ba\u015fkanl\u0131\u011f\u0131nda ger\u00e7ekle\u015ftirildi. MESK\u0130\u2019nin \u00fccret tarifesinin reddedildi\u011fi Genel Kurul\u2019da, 2022-2024 D\u00f6nemi B\u00fct\u00e7e Tasar\u0131s\u0131, oy \u00e7oklu\u011fuyla kabul edildi. Ba\u015fkan Se\u00e7er, \u201cB\u00fct\u00e7e kabul edildi ama aya\u011f\u0131 sakat bir b\u00fct\u00e7e oldu\u201d dedi. Elektrikten do\u011falgaza yap\u0131lan fiyat art\u0131\u015flar\u0131n\u0131n konu\u015fuldu\u011fu Genel Kurul\u2019da Ba\u015fkan Se\u00e7er, su bedellerinde talep edilen fiyat art\u0131\u015f\u0131n\u0131, hizmetleri aksatmamak ve vatanda\u015fa y\u00fck getirmemek d\u00fc\u015f\u00fcncesiyle en makul seviyede tuttuklar\u0131n\u0131 a\u00e7\u0131klad\u0131. Se\u00e7er, ayn\u0131 \u015feyleri 15-20 g\u00fcn \u00f6nce de konu\u015ftuklar\u0131n\u0131 ve o g\u00fcnden bug\u00fcne enflasyon fark\u0131n\u0131n art\u0131\u011f\u0131n\u0131 an\u0131msatarak, \u201cMaliyetlerimiz 43\u2019lerden 52\u2019lere \u00e7\u0131k\u0131yor\u201d dedi.<br \/>\n\u201cAk\u015famdan sabaha yat\u0131r\u0131m karar\u0131 verip b\u00fct\u00e7e haz\u0131rlam\u0131yoruz\u201d<br \/>\nMersin B\u00fcy\u00fck\u015fehir Belediyesi\u2019nin yat\u0131r\u0131mlar\u0131n\u0131 yapabilmesi, hizmetlerini eksiksiz s\u00fcrd\u00fcrebilmesi i\u00e7in ger\u00e7ek\u00e7i bir b\u00fct\u00e7e yap\u0131lmas\u0131 gerekti\u011fini dile getiren Se\u00e7er, \u201cBiz bu b\u00fct\u00e7eleri yaparken, ak\u015famdan sabaha yat\u0131r\u0131m karar\u0131 verip o yat\u0131r\u0131mlar \u00e7er\u00e7evesinde bir b\u00fct\u00e7e haz\u0131rlam\u0131yoruz. 2019 y\u0131l\u0131nda y\u00f6netime geldi\u011fimizde, biz bir stratejik plan sunumu yapt\u0131k. Bu stratejik plan\u0131 da Meclis\u2019e sunduk. Buna ba\u011fl\u0131 olarak, yat\u0131r\u0131m programlar\u0131m\u0131z\u0131 belirledik. Performans program\u0131m\u0131z\u0131 ortaya koyduk. Hepsi bunlar\u0131n birbirine ba\u011fl\u0131\u201d dedi. Ba\u015fkan Se\u00e7er, MESK\u0130\u2019nin bir kamu kurumu oldu\u011funu vurgulayarak, \u201cElde etti\u011fi gelir su bedellerindendir. At\u0131ksu vergisindendir. \u0130ller Bankas\u0131\u2019ndan kendisine aktar\u0131lan payd\u0131r ki toplam gelirleri i\u00e7erisinde bu rakam \u00e7ok d\u00fc\u015f\u00fckt\u00fcr. Bu gelirler \u00e7er\u00e7evesinde cari harcamalar\u0131n\u0131 yapacak. Personel ve sermaye giderlerini, yat\u0131r\u0131mlar\u0131n\u0131 buradan kar\u015f\u0131layacak\u201d dedi.<br \/>\n\u201cMaliyetlerimiz 43\u2019lerden 52\u2019lere \u00e7\u0131k\u0131yor\u201d<br \/>\n1 Ocak 2020 \u015fartlar\u0131na d\u00f6nebilmek i\u00e7in su bedellerinde % 27\u2019ye varan fiyat de\u011fi\u015fikli\u011fi yapmalar\u0131 gerekti\u011fini ifade eden Ba\u015fkan Se\u00e7er, buna ra\u011fmen vatanda\u015fa y\u00fck olmadan, en minimize ko\u015fullarda hizmetlerinin kar\u015f\u0131l\u0131\u011f\u0131n\u0131 almak istediklerini s\u00f6yledi. Se\u00e7er, \u015f\u00f6yle devam etti:<br \/>\n\u201cAma \u2018bunu benim yapmam m\u00fcmk\u00fcn de\u011fil\u2019 dedim. \u2018Makul bir seviyede yat\u0131r\u0131mlar\u0131m\u0131z\u0131 engellemesin, vatanda\u015flar\u0131m\u0131z\u0131 \u00fczmeyelim, en asgari d\u00fczeyde ne yapabiliriz? Bunlar\u0131 konu\u015fal\u0131m\u2019 dedim. Ayn\u0131 \u015feyleri o zaman konu\u015ftuk. O konu\u015ftu\u011fumuz g\u00fcnden bug\u00fcne 15 g\u00fcn ge\u00e7ti. Maksimum 20 g\u00fcn ge\u00e7ti. Enflasyon fark\u0131 artm\u0131\u015f, \u00e7\u00fcnk\u00fc ge\u00e7en ay\u0131n, demek ne kadar y\u00fcksek enflasyon var. % 16\u2019l\u0131k fark % 18\u2019e \u00e7\u0131k\u0131yor, 1\u2019i ge\u00e7memek kayd\u0131yla ald\u0131\u011f\u0131m\u0131z ama maliyetlerimiz 43\u2019lerden 52\u2019lere \u00e7\u0131k\u0131yor. Bunu anlatmak istedim. \u015eimdi biz \u015fu anda yang\u0131n yerini anlatmaya \u00e7al\u0131\u015f\u0131rsak, o resmi \u00e7izmeye \u00e7al\u0131\u015f\u0131rsak genel politikaya girece\u011fiz. Genel geli\u015fmeleri konu\u015faca\u011f\u0131z. Demir fiyatlar\u0131n\u0131, d\u00f6viz kurlar\u0131n\u0131, faiz oranlar\u0131ndaki d\u00fc\u015f\u00fc\u015f\u00fc ve y\u00fckseli\u015fi, ekonomik modeldeki y\u00f6ntem s\u0131k\u0131nt\u0131s\u0131n\u0131; i\u015f buna gitti\u011fi zaman bu i\u015fin alt\u0131ndan kalkamay\u0131z. Bu nedenle biz bu tarifeyi uygulamay\u0131 uygun g\u00f6rd\u00fc\u011f\u00fcm\u00fcz\u00fc s\u00f6ylemek istiyorum.\u201d<br \/>\n\u201cElektrikte 3\u2019te 1 oran\u0131nda tasarruf sa\u011flad\u0131k\u201d<br \/>\nElektrik zamlar\u0131na dikkat \u00e7eken bir Meclis \u00fcyesinin konu\u015fmas\u0131n\u0131n ard\u0131ndan Ba\u015fkan Se\u00e7er, \u201cBiz daha \u00f6nce elektri\u011fe kat\u0131r y\u00fck\u00fc ile para veriyorduk. Bir anla\u015fma yapt\u0131k. Teknik olarak da saatlerimizde, stat\u00fclerinde d\u00fczeltmeler yapt\u0131k. \u00c7ok ciddi, 3\u2019te 1 oran\u0131nda tasarruf sa\u011flad\u0131k\u201d bilgisini payla\u015ft\u0131. Elektrik ve do\u011fal gaza yap\u0131lan zamlar\u0131n konu\u015fuldu\u011fu Meclis\u2019te Ba\u015fkan Se\u00e7er, \u201cAllah\u2019tan biz odunlar\u0131 haz\u0131rlad\u0131k. So\u011fuklarla beraber halk\u0131m\u0131za yakacak olarak odun da\u011f\u0131taca\u011f\u0131z\u201d duyurusunda bulundu.<br \/>\n\u201cAsgari \u00fccrete gelecek zam 2 kat\u0131 dahi olsa bu tahribat\u0131 \u00f6nleyemez\u201d<br \/>\nEkonomik s\u00fcrece dair g\u00f6r\u00fc\u015flerini de payla\u015fan Ba\u015fkan Se\u00e7er, \u201cSamimi g\u00f6r\u00fc\u015f\u00fcm\u00fc s\u00f6yleyeyim mi? Asgari \u00fccrete gelecek zam 2 kat\u0131 dahi olsa T\u00fcrkiye\u2019nin bug\u00fcn ba\u015f\u0131na gelen bu tahribat\u0131 \u00f6nleyemez. O insanlar\u0131n ge\u00e7imini sa\u011flayamaz. Kesinlikle kafam\u0131z\u0131 hi\u00e7 kumun i\u00e7erisine g\u00f6mmeyelim. Ekonomik dengeler alt \u00fcst olmu\u015f. 2 bin 825 TL asgari \u00fccret, buna g\u00fclerler. \u015euna da \u00e7ok k\u0131z\u0131yorum. Dolar baz\u0131nda Avrupa \u00fclkeleri ile Euro ile dolarla mukayese ediyorlar. Almanya\u2019da, \u0130svi\u00e7re\u2019de, Hollanda\u2019da ya da bat\u0131l\u0131 \u00fclkelerde asgari \u00fccretin d\u00f6viz kar\u015f\u0131l\u0131\u011f\u0131n\u0131 siz TL\u2019ye \u00e7evirdi\u011finiz zaman burada en y\u00fcksek meslek gruplar\u0131 o paray\u0131 alam\u0131yor. \u015eimdi birbirimizi kand\u0131rmayal\u0131m. Tahribat \u00e7ok b\u00fcy\u00fck. Yani \u00e7ok b\u00f6yle Polyannac\u0131l\u0131k falan da oynamay\u0131n. Soka\u011fa \u00e7\u0131kal\u0131m, bir bakal\u0131m\u201d dedi.<br \/>\nCumhur \u0130ttifak\u0131\u2019na mensup bir Meclis \u00fcyesinin \u201cT\u00fcrkiye siyaseti yapm\u0131yoruz. Buras\u0131 \u015fov yeri de\u011fil\u201d s\u00f6zleri \u00fczerine Ba\u015fkan Se\u00e7er, \u201cHayat pahal\u0131l\u0131\u011f\u0131ndan bahsediyorlar. Ne \u015fovu karde\u015fim! \u00dclke bitmi\u015f, sen neden bahsediyorsun? Ben Belediye Ba\u015fkan\u0131y\u0131m. Belediye Ba\u015fkan\u0131 gibi davran\u0131yorum. Provoke etmiyorum ortal\u0131\u011f\u0131. B\u00fct\u00fcn halk senin gibi iktidar\u0131n nimetlerinden faydalanm\u0131yor. Zor ge\u00e7iniyor\u201d diye konu\u015ftu.<br \/>\n\u201cT\u00fcrkiye\u2019deki merkezi y\u00f6netim ekonomiyi iyi y\u00f6netememi\u015f\u201d<br \/>\nBa\u015fkan Se\u00e7er, k\u00f6t\u00fc y\u00f6netimin sorumlulu\u011funun b\u00fcrokratlarda olmad\u0131\u011f\u0131n\u0131 ifade ederek, \u015funlar\u0131 s\u00f6yledi:<br \/>\n \u201cOrtada yatan bir ger\u00e7ek var; \u015fu anda burada bize halk\u0131n durumunu aktarmaya \u00e7al\u0131\u015fan Say\u0131n Meclis \u00fcyelerinin y\u00f6netimindeki T\u00fcrkiye\u2019deki merkezi y\u00f6netim, ekonomiyi iyi y\u00f6netememi\u015f, ortal\u0131kta dengeler allak bullak olmu\u015f, \u015fu anda Maliye Bakan\u0131, Hazine Bakan\u0131 konu\u015famaz hale gelmi\u015f, bu konuda bir beyanat veremez hale gelmi\u015f. B\u0131rak\u0131n Say\u0131n Maliye Bakan\u0131, Hazine Bakan\u0131\u2019n\u0131 dikkat ederseniz T\u00fcrkiye\u2019de ortaya \u00e7\u0131kan her sorunu b\u00fcrokratlar konu\u015fur hale gelmi\u015f. Sizler se\u00e7ilmi\u015fsiniz, bunu unutmay\u0131n. Buradaki b\u00fcrokratlar atanm\u0131\u015f, buradaki fark\u0131n\u0131z bu. E\u011fer biraz demokrasi bilinciniz varsa, biraz siyaset bilginiz varsa bu fark\u0131 g\u00f6rmeniz laz\u0131m. Ortaya \u00e7\u0131kan tablo b\u00fcrokrat sorunu de\u011fildir. MESK\u0130 batarsa sorumlusu benim. MESK\u0130 hizmet yapamazsa sorumlusu b\u00fcrokrat de\u011fildir, sorumlusu benim. \u00dclke batarsa sorumlusu bakanlar de\u011fildir. \u00dclke \u00e7\u00f6kerse sorumlusu atama bakanlar de\u011fildir, atama Valiler, Kaymakamlar, b\u00fcrokratlar de\u011fildir. Se\u00e7ilmi\u015f parlamentonun iktidar milletvekilleri ve Cumhurba\u015fkan\u0131d\u0131r. Se\u00e7ilmi\u015f olan makamlar bunlard\u0131r. \u015eimdi sen buraya oturacaks\u0131n, bana ak\u0131l vereceksin. Bana ak\u0131l niye veriyorsunuz? Akl\u0131n\u0131z\u0131 kendinize saklay\u0131n. \u00dcst \u00fcste bu zamlar\u0131 yapmay\u0131n. \u2018\u0130nsanlar \u00e7ok s\u0131k\u0131nt\u0131l\u0131. Biz bunu izah edemiyoruz. Soka\u011fa \u00e7\u0131kam\u0131yoruz\u2019 deyin. Bunu da diyorsunuz. Siz ne yap\u0131yorsunuz? Yurti\u00e7i \u00fcretici fiyat endeksini 36.2 olarak revize etmi\u015fsiniz; 9.11\u2019den 36.22\u2019ye \u00e7\u0131karm\u0131\u015fs\u0131n\u0131z.\u201d<br \/>\n\u201cUfak tefek tadilatlarla 2022 y\u0131l\u0131ndaki tahribat\u0131 \u00f6rtmeye \u00e7al\u0131\u015f\u0131yorum\u201d<br \/>\nEkonomik olarak ya\u015fanan t\u00fcm olumsuzluklara ra\u011fmen hizmet yapmaya \u00e7al\u0131\u015ft\u0131klar\u0131n\u0131 vurgulayan Ba\u015fkan Se\u00e7er, \u201cBen bunun alt\u0131ndan nas\u0131l kalkar\u0131m diye \u00e7aba sarf ediyorum, zam yapmamay\u0131 d\u00fc\u015f\u00fcn\u00fcyorum, zam yapmamak istiyorum ama b\u00fct\u00fcn bu olumsuzluklara ra\u011fmen bunu d\u00fc\u015f\u00fcn\u00fcrken ufak tefek tadilatlarla 2022 y\u0131l\u0131ndaki tahribat\u0131 \u00f6rtmeye \u00e7al\u0131\u015f\u0131yorum, yaram\u0131 sarmaya \u00e7al\u0131\u015f\u0131yorum. B\u00f6yle bir \u015fey olmaz yani bu Meclis fesh olsa vallahi rahat edece\u011fim\u201d dedi.<br \/>\n\u00dclke g\u00fcndeminde erken genel se\u00e7im tart\u0131\u015fmalar\u0131 s\u00fcrerken, Mersin B\u00fcy\u00fck\u015fehir Meclisi\u2019ni tekrar se\u00e7ime ta\u015f\u0131ma iste\u011fini dile getiren Ba\u015fkan Se\u00e7er, \u201cSiz buna genel se\u00e7imde cesaret edemiyorsunuz, gelin Mersin\u2019de Meclisi tekrar se\u00e7ime ta\u015f\u0131yal\u0131m. Haydi hodri meydan. Biz de kurtulal\u0131m. Mersin halk\u0131 da kurtulsun. Yat\u0131r\u0131m yapam\u0131yorsun, i\u015f yapam\u0131yorsun. Meclis\u2019te huzurlu \u00e7al\u0131\u015fam\u0131yorsun. Biz birebir de toplant\u0131lar yapt\u0131k. O d\u00f6rt duvar aras\u0131nda konu\u015fulanlar\u0131 burada anlatmak istemiyorum. Siyasi ahlak\u0131ma ayk\u0131r\u0131. Zannedersiniz ki ortal\u0131k toz pembe, MESK\u0130, belediye k\u00f6t\u00fc y\u00f6netiliyor, bir Lale Devri ya\u015fan\u0131yor, \u00f6zel u\u00e7aklar\u0131m\u0131z var, makam arabalar\u0131m\u0131z var, karun gibi ortada geziyoruz, yiyoruz, i\u00e7iyoruz. B\u00f6yle bir \u015fey yok\u201d dedi.<br \/>\n\u201cGirdi maliyetlerindeki art\u0131\u015f\u0131n, d\u00f6vizdeki dengesizli\u011fin m\u00fcsebbibi ben de\u011filim\u201d<br \/>\nEnflasyon fark\u0131n\u0131n ve fiyat art\u0131\u015flar\u0131n\u0131n, dolardaki, d\u00f6vizdeki dengesizli\u011fin m\u00fcsebbibinin kendisi olmad\u0131\u011f\u0131n\u0131 kaydeden Se\u00e7er, \u201cBakkal tabela asm\u0131\u015f: \u2018Sevgili m\u00fc\u015fterilerim l\u00fctfen benimle kavga etmeyin. Bu zamlar\u0131n raflardaki bu etiketlerin sorumlusu ben de\u011filim.\u2019 diyor. Ben de size s\u00f6yl\u00fcyorum; sevgili vatanda\u015flar\u0131m, sevgili Meclis \u00fcyeleri, l\u00fctfen benimle kavga etmeyin. Ortaya \u00e7\u0131kan bu enflasyon fark\u0131n\u0131n, bu fiyat art\u0131\u015flar\u0131n\u0131n, girdi maliyetlerindeki art\u0131\u015f\u0131n, dolardaki, d\u00f6vizdeki dengesizli\u011fin m\u00fcsebbibi ben de\u011filim. Benden \u015fapkadan tav\u015fan \u00e7\u0131karmam\u0131 beklemeyin. Ben ger\u00e7ek\u00e7i konu\u015fmak zorunday\u0131m\u201d dedi.<br \/>\nBa\u015fkan Se\u00e7er, her \u015feye ra\u011fmen yat\u0131r\u0131m yapmak istediklerini, her kuru\u015fun hesab\u0131n\u0131 bildiklerini belirterek, \u201cBiz halk\u0131m\u0131z\u0131 d\u00fc\u015f\u00fcnen bir y\u00f6netimiz. Biz israf yapmayan bir y\u00f6netimiz. Her kuru\u015fun hesab\u0131n\u0131 yapan bir y\u00f6netimiz. G\u00fcmb\u00fcr g\u00fcmb\u00fcr hizmet yapan bir y\u00f6netimiz. 10 senedir havaalan\u0131 bitmedi. Otoyol, \u00c7e\u015fmeli hatt\u0131 bitmedi. Evvela onlar\u0131 bitirecektiniz. 15 senedir sahil projesi, sahil band\u0131 projesi masal\u0131yla uyutuluyor Mersin. Oralar\u0131 bitireceksiniz. Bak ben yap\u0131yorum. At\u0131ksu da yap\u0131yorum. Metro da yap\u0131yorum. Yol da yap\u0131yorum. Kanalizasyon da yap\u0131yorum\u201d diye konu\u015ftu.<br \/>\n\u201cBen sizden \u015funu beklerdim: Mersin\u2019in y\u00f6netilmesine ortak olmak\u201d<br \/>\nEnflasyonun bir neden, faizin ise bir sonu\u00e7 oldu\u011funu ifade eden Ba\u015fkan Se\u00e7er, \u201cBen sizden \u015funu beklerdim. Ger\u00e7ekten \u00e7ok b\u00fcy\u00fck dalgalanmalar oldu. Bunu hi\u00e7birimiz arzu etmezdik. Bunu Meclis\u2019te tart\u0131\u015fma konusu bile yapmayal\u0131m. Gelecek d\u00f6nem ayl\u0131k enflasyon oran\u0131n\u0131 yans\u0131tal\u0131m. Ge\u00e7mi\u015fe d\u00f6n\u00fck ciddi tahribatlar olmu\u015f. Bunu resmi rakamlar da veriyor, MESK\u0130 de veriyor.  Hi\u00e7 olmazsa 10 puanl\u0131k bir k\u0131sm\u0131n\u0131 verelim, halka da hep beraber anlatal\u0131m. Ben sizden de bunu beklerdim. Mersin\u2019in y\u00f6netilmesine ortak olmak, sorunlar\u0131na \u00e7\u00f6z\u00fcm olmak, samimi olmak buradan ge\u00e7er. Sizin s\u00f6yledi\u011finiz ba\u015fka uygulaman\u0131z ba\u015fka\u201d dedi.<br \/>\n\u201cAya\u011f\u0131 sakat bir b\u00fct\u00e7e olmu\u015ftur\u201d<br \/>\nGenel Kurul\u2019da MESK\u0130\u2019nin \u00fccret tarifesine ili\u015fkin madde reddedilirken, 2022-2024 D\u00f6nemi B\u00fct\u00e7e Tasar\u0131s\u0131 ile oy \u00e7oklu\u011fuyla kabul edildi. Ba\u015fkan Se\u00e7er, \u201cKurumumuza hay\u0131rl\u0131 u\u011furlu olsun. Ama problemli bir b\u00fct\u00e7e olmu\u015ftur. Aya\u011f\u0131 sakat bir b\u00fct\u00e7e olmu\u015ftur. Mevzuat gere\u011fi gelir azalt\u0131c\u0131 ya da gider artt\u0131r\u0131c\u0131 konuda herhangi bir karar almam\u0131z, de\u011fi\u015fiklik yapmam\u0131z m\u00fcmk\u00fcn de\u011fildir. Bu a\u00e7\u0131dan teknik bir sorun olu\u015fmu\u015ftur. Bunun tabi ki hukuk yollar\u0131yla \u00e7\u00f6z\u00fcm\u00fc i\u00e7in gerekli giri\u015fimlerde bulunaca\u011f\u0131z\u201d dedi.<\/p>\n","protected":false},"excerpt":{"rendered":"<p>Mersin B\u00fcy\u00fck\u015fehir Belediyesi Mersin Su ve Kanalizasyon \u0130daresi (MESK\u0130) Kas\u0131m Ay\u0131 Ola\u011fan Genel Kurul Toplant\u0131s\u0131 ikinci birle\u015fimi, B\u00fcy\u00fck\u015fehir Belediye Ba\u015fkan\u0131 Vahap Se\u00e7er ba\u015fkanl\u0131\u011f\u0131nda ger\u00e7ekle\u015ftirildi. MESK\u0130\u2019nin \u00fccret tarifesinin reddedildi\u011fi Genel Kurul\u2019da, &hellip; <a href=\"https:\/\/akdenizolaygazetesi.com\/?p=15412\" class=\"more-link\">Devam\u0131n\u0131 Oku&#8230;<\/a><\/p>\n","protected":false},"author":2,"featured_media":15413,"comment_status":"open","ping_status":"open","sticky":false,"template":"","format":"standard","meta":[],"categories":[1,2,3,5],"tags":[],"_links":{"self":[{"href":"https:\/\/akdenizolaygazetesi.com\/index.php?rest_route=\/wp\/v2\/posts\/15412"}],"collection":[{"href":"https:\/\/akdenizolaygazetesi.com\/index.php?rest_route=\/wp\/v2\/posts"}],"about":[{"href":"https:\/\/akdenizolaygazetesi.com\/index.php?rest_route=\/wp\/v2\/types\/post"}],"author":[{"embeddable":true,"href":"https:\/\/akdenizolaygazetesi.com\/index.php?rest_route=\/wp\/v2\/users\/2"}],"replies":[{"embeddable":true,"href":"https:\/\/akdenizolaygazetesi.com\/index.php?rest_route=%2Fwp%2Fv2%2Fcomments&post=15412"}],"version-history":[{"count":1,"href":"https:\/\/akdenizolaygazetesi.com\/index.php?rest_route=\/wp\/v2\/posts\/15412\/revisions"}],"predecessor-version":[{"id":15414,"href":"https:\/\/akdenizolaygazetesi.com\/index.php?rest_route=\/wp\/v2\/posts\/15412\/revisions\/15414"}],"wp:featuredmedia":[{"embeddable":true,"href":"https:\/\/akdenizolaygazetesi.com\/index.php?rest_route=\/wp\/v2\/media\/15413"}],"wp:attachment":[{"href":"https:\/\/akdenizolaygazetesi.com\/index.php?rest_route=%2Fwp%2Fv2%2Fmedia&parent=15412"}],"wp:term":[{"taxonomy":"category","embeddable":true,"href":"https:\/\/akdenizolaygazetesi.com\/index.php?rest_route=%2Fwp%2Fv2%2Fcategories&post=15412"},{"taxonomy":"post_tag","embeddable":true,"href":"https:\/\/akdenizolaygazetesi.com\/index.php?rest_route=%2Fwp%2Fv2%2Ftags&post=15412"}],"curies":[{"name":"wp","href":"https:\/\/api.w.org\/{rel}","templated":true}]}}