{"id":15415,"date":"2021-11-30T11:27:34","date_gmt":"2021-11-30T08:27:34","guid":{"rendered":"http:\/\/akdenizolaygazetesi.com\/?p=15415"},"modified":"2021-11-30T11:27:34","modified_gmt":"2021-11-30T08:27:34","slug":"25-yillik-gorev-suremiz-icerisinde-kardes-iliskisi-kurmusuz","status":"publish","type":"post","link":"https:\/\/akdenizolaygazetesi.com\/?p=15415","title":{"rendered":"\u201c2,5 YILLIK G\u00d6REV S\u00dcREM\u0130Z \u0130\u00c7ER\u0130S\u0130NDE KARDE\u015e \u0130L\u0130\u015eK\u0130S\u0130 KURMU\u015eUZ\u201d"},"content":{"rendered":"<p>Mersin B\u00fcy\u00fck\u015fehir Belediye Ba\u015fkan\u0131 Vahap Se\u00e7er, Mersin Pazarc\u0131lar Esnaf Odas\u0131\u2019n\u0131n yeni hizmet binas\u0131n\u0131n a\u00e7\u0131l\u0131\u015f t\u00f6renine kat\u0131ld\u0131. Ba\u015fkan Se\u00e7er, Mersin\u2019de huzurlu bir ortam kurmak i\u00e7in \u00e7al\u0131\u015ft\u0131klar\u0131n\u0131 ifade ederek, \u201c2,5 y\u0131ll\u0131k g\u00f6rev s\u00fcremiz i\u00e7erisinde bu meslek kurulu\u015flar\u0131n\u0131n temsilcileri ile g\u00f6n\u00fcl ba\u011f\u0131 kurmu\u015fuz\u201d dedi.<br \/>\n\u201cHepimiz biriz, beraberiz ve karde\u015fiz\u201d<br \/>\nAkdeniz il\u00e7esi Mahmudiye Mahallesi\u2019nde ger\u00e7ekle\u015ftirilen a\u00e7\u0131l\u0131\u015f t\u00f6renine Ba\u015fkan Se\u00e7er\u2019in yan\u0131 s\u0131ra Mersin milletvekilleri, il\u00e7e belediye ba\u015fkanlar\u0131, sivil toplum kurulu\u015fu, oda ve dernek ba\u015fkanlar\u0131 ile Meclis \u00fcyeleri, muhtarlar ve pazarc\u0131 esnaf\u0131 kat\u0131ld\u0131. Kentteki t\u00fcm belediye ba\u015fkanlar\u0131n\u0131n Mersin\u2019de huzurlu bir ortam\u0131 \u00f6nemsediklerini ifade eden Ba\u015fkan Se\u00e7er, \u201cNi\u00e7in b\u00f6yle bir konu ile konu\u015fmam\u0131 a\u00e7t\u0131m? \u00c7\u00fcnk\u00fc burada evine ekmek g\u00f6t\u00fcrmek i\u00e7in sabah\u0131n k\u00f6r vaktinde, karanl\u0131\u011f\u0131nda kalk\u0131p pazarda i\u015fini yapma gayreti i\u00e7erisinde olan sizlerin vatanda\u015flarla direkt, y\u00fcz y\u00fcze, bire bir ili\u015fkiniz var. Buras\u0131 \u00f6nemli. Bu toplumda huzuru, bar\u0131\u015f\u0131, karde\u015fli\u011fi tesis edecek olan \u00f6nce sizlersiniz. Pazar yerindeki davran\u0131\u015f\u0131n\u0131zla, nezaketinizle, ho\u015fg\u00f6r\u00fcn\u00fczle, b\u00fcy\u00fcklerimize sayg\u0131yla, k\u00fc\u00e7\u00fck m\u00fc\u015fterilerimize sevgiyle, onlara yard\u0131m ederek, g\u00fclerek bu \u00fclkede, bu memlekette o bar\u0131\u015f, huzur ortam\u0131n\u0131 \u00f6nce siz sa\u011flayacaks\u0131n\u0131z\u201d dedi.<br \/>\nVatanda\u015flarla i\u00e7 i\u00e7e olan esnaf ve sanatkar\u0131n tav\u0131r ve davran\u0131\u015flar\u0131n\u0131 \u00f6nemsediklerini vurgulayan Se\u00e7er, \u201c2,5 y\u0131ll\u0131k g\u00f6rev s\u00fcremiz i\u00e7erisinde de bu meslek kurulu\u015flar\u0131n\u0131n temsilcileri ile b\u0131rak\u0131n Belediye Ba\u015fkan\u0131, Meslek Odas\u0131 Ba\u015fkan\u0131 ili\u015fkisini, karde\u015f ili\u015fkisi kurmu\u015fuz. Bir g\u00f6n\u00fcl ba\u011f\u0131 kurmu\u015fuz. \u00c7\u00fcnk\u00fc bunun temel sebebi, biz bu memlekette huzursuzluk, kavga, ayr\u0131mc\u0131l\u0131k istemiyoruz. Hepimiz biriz, beraberiz ve karde\u015fiz\u201d diye konu\u015ftu.<br \/>\n\u201cBiz bu meslek kolunun bir d\u00fczene girmesini arzu ederiz\u201d<br \/>\nBa\u015fkan Se\u00e7er, il\u00e7e belediyelerinde pazar yeri olu\u015fturma, sevk ve idare etme yetkisi oldu\u011funu s\u00f6zlerine ekleyerek, \u015f\u00f6yle devam etti:<br \/>\n\u201cZaman zaman g\u00f6zlemliyorum ki pazar yerlerimizin i\u015fleyi\u015finde B\u00fcy\u00fck\u015fehir Belediyesi ile il\u00e7e belediyeleri aras\u0131nda bir yetki, g\u00f6rev karma\u015fas\u0131 oluyor. Pazar yeri gezmeye di\u011fer ba\u015fkanlar\u0131m gibi ben de zaman zaman halkla, esnafla hasbihal etmek i\u00e7in gidiyorum. \u00d6zellikle zab\u0131ta hizmetleri konusunda \u00e7at\u0131\u015ft\u0131\u011f\u0131m\u0131z konular oluyor. Bunu da huzurunuzda s\u00f6yl\u00fcyorum. Biz bu meslek kolunun bir d\u00fczene girmesini arzu ederiz. Onun i\u00e7in Pazarc\u0131lar Esnaf Odas\u0131 var, Ba\u015fkan\u0131 var, 1500 \u00fcyesi var, \u015fimdi bir hizmet binas\u0131 a\u00e7\u0131l\u0131yor. Eme\u011fi ge\u00e7en t\u00fcm belediye ba\u015fkanlar\u0131m\u0131za, Say\u0131n Pazarc\u0131lar Odas\u0131 Ba\u015fkan\u0131 nezdinde de te\u015fekk\u00fcr ediyoruz. Elbette ki bu yap\u0131lar, bu \u00e7at\u0131 kurulu\u015flar olacak ki bir d\u00fczen, bir intizam i\u00e7inde bu kenti y\u00f6netmeye sivil toplum \u00f6rg\u00fctleri de bize katk\u0131 sunsun. Pazar yerlerinin temizli\u011fi, d\u00fczeni, kay\u0131t d\u0131\u015f\u0131, pazarc\u0131 esnaf\u0131 olmad\u0131\u011f\u0131 halde gelip tabiri caizse, amiyane tabirler korsan sat\u0131\u015f yapan, yani o b\u00f6lgenin huzurunu ka\u00e7\u0131ran esnafla ilgili de B\u00fcy\u00fck\u015fehir Belediyesi ve il\u00e7e belediyeleri i\u015f birli\u011fi halinde tedbirlerini almak zorundalar.\u201d<br \/>\nProtokol konu\u015fmalar\u0131n\u0131n ard\u0131ndan Mersin \u0130l M\u00fcft\u00fcs\u00fc \u015eaban Kondi taraf\u0131ndan dua okundu ve ard\u0131ndan protokol \u00fcyeleri taraf\u0131ndan a\u00e7\u0131l\u0131\u015f kurdelesi kesildi. Protokol \u00fcyeleri ard\u0131ndan yeni hizmet binas\u0131n\u0131 gezdi.<\/p>\n","protected":false},"excerpt":{"rendered":"<p>Mersin B\u00fcy\u00fck\u015fehir Belediye Ba\u015fkan\u0131 Vahap Se\u00e7er, Mersin Pazarc\u0131lar Esnaf Odas\u0131\u2019n\u0131n yeni hizmet binas\u0131n\u0131n a\u00e7\u0131l\u0131\u015f t\u00f6renine kat\u0131ld\u0131. Ba\u015fkan Se\u00e7er, Mersin\u2019de huzurlu bir ortam kurmak i\u00e7in \u00e7al\u0131\u015ft\u0131klar\u0131n\u0131 ifade ederek, \u201c2,5 y\u0131ll\u0131k g\u00f6rev &hellip; <a href=\"https:\/\/akdenizolaygazetesi.com\/?p=15415\" class=\"more-link\">Devam\u0131n\u0131 Oku&#8230;<\/a><\/p>\n","protected":false},"author":2,"featured_media":15416,"comment_status":"open","ping_status":"open","sticky":false,"template":"","format":"standard","meta":[],"categories":[8,2,3,5,6],"tags":[],"_links":{"self":[{"href":"https:\/\/akdenizolaygazetesi.com\/index.php?rest_route=\/wp\/v2\/posts\/15415"}],"collection":[{"href":"https:\/\/akdenizolaygazetesi.com\/index.php?rest_route=\/wp\/v2\/posts"}],"about":[{"href":"https:\/\/akdenizolaygazetesi.com\/index.php?rest_route=\/wp\/v2\/types\/post"}],"author":[{"embeddable":true,"href":"https:\/\/akdenizolaygazetesi.com\/index.php?rest_route=\/wp\/v2\/users\/2"}],"replies":[{"embeddable":true,"href":"https:\/\/akdenizolaygazetesi.com\/index.php?rest_route=%2Fwp%2Fv2%2Fcomments&post=15415"}],"version-history":[{"count":1,"href":"https:\/\/akdenizolaygazetesi.com\/index.php?rest_route=\/wp\/v2\/posts\/15415\/revisions"}],"predecessor-version":[{"id":15417,"href":"https:\/\/akdenizolaygazetesi.com\/index.php?rest_route=\/wp\/v2\/posts\/15415\/revisions\/15417"}],"wp:featuredmedia":[{"embeddable":true,"href":"https:\/\/akdenizolaygazetesi.com\/index.php?rest_route=\/wp\/v2\/media\/15416"}],"wp:attachment":[{"href":"https:\/\/akdenizolaygazetesi.com\/index.php?rest_route=%2Fwp%2Fv2%2Fmedia&parent=15415"}],"wp:term":[{"taxonomy":"category","embeddable":true,"href":"https:\/\/akdenizolaygazetesi.com\/index.php?rest_route=%2Fwp%2Fv2%2Fcategories&post=15415"},{"taxonomy":"post_tag","embeddable":true,"href":"https:\/\/akdenizolaygazetesi.com\/index.php?rest_route=%2Fwp%2Fv2%2Ftags&post=15415"}],"curies":[{"name":"wp","href":"https:\/\/api.w.org\/{rel}","templated":true}]}}