{"id":15418,"date":"2021-11-30T11:29:26","date_gmt":"2021-11-30T08:29:26","guid":{"rendered":"http:\/\/akdenizolaygazetesi.com\/?p=15418"},"modified":"2021-11-30T11:29:26","modified_gmt":"2021-11-30T08:29:26","slug":"kadin-sporcular-kir-cicekleri-ile-soylesi-yapti","status":"publish","type":"post","link":"https:\/\/akdenizolaygazetesi.com\/?p=15418","title":{"rendered":"KADIN SPORCULAR, KIR \u00c7\u0130\u00c7EKLER\u0130 \u0130LE S\u00d6YLE\u015e\u0130 YAPTI"},"content":{"rendered":"<p>T\u00fcrkiye A Milli Kad\u0131n Futbol Tak\u0131m\u0131, Mersin B\u00fcy\u00fck\u015fehir Belediyesi\u2019nin K\u0131r \u00c7i\u00e7ekleri Projesi kapsam\u0131nda gelece\u011fin sporcular\u0131 olma yolunda yeti\u015ftirilen k\u0131z \u00e7ocuklar\u0131yla bir araya geldi. B\u00fcy\u00fck\u015fehir Belediyesi\u2019nin \u00d6zel K\u0131r \u00c7i\u00e7ekleri Ortaokul K\u0131z Sporcu Yeti\u015ftirme Yurdu\u2019nda \u00f6\u011frencilerle bir araya gelen Milli Tak\u0131m oyuncu ve antren\u00f6rleri, \u00f6\u011frencilerle s\u00f6yle\u015fi ger\u00e7ekle\u015ftirdi.<br \/>\nK\u0131r \u00c7i\u00e7ekleri sordu, onlar yan\u0131tlad\u0131<br \/>\nMilli Tak\u0131m, Mersin Stadyumu\u2019nda \u0130srail A Milli Kad\u0131n Futbol tak\u0131m\u0131 ile kar\u015f\u0131la\u015fmas\u0131 \u00f6ncesinde antrenmanlar\u0131n\u0131 B\u00fcy\u00fck\u015fehir Belediyesi Macit \u00d6zcan Spor Kompleksi\u2019nde ger\u00e7ekle\u015ftirdi. B\u00fcy\u00fck\u015fehir\u2019in K\u0131r \u00c7i\u00e7ekleri i\u00e7in d\u00fczenlenen s\u00f6yle\u015fiye T\u00fcrkiye A Milli Kad\u0131n Futbol Tak\u0131m\u0131 Teknik Direkt\u00f6r\u00fc Necla G\u00fcng\u00f6r K\u0131ra\u011fas\u0131, Yard\u0131mc\u0131 Antren\u00f6r Beg\u00fcm \u00dcresin ve Old Dominion University ve Milli Tak\u0131m oyuncusu Ece T\u00fcrko\u011flu kat\u0131ld\u0131. S\u00f6yle\u015fide, K\u0131r \u00c7i\u00e7ekleri sorular\u0131n\u0131 y\u00f6neltti, Milli Tak\u0131m oyuncu ve antren\u00f6rleri yan\u0131tlad\u0131.<br \/>\n\u201c\u00c7al\u0131\u015ft\u0131k\u00e7a ve kar\u015f\u0131l\u0131\u011f\u0131n\u0131 ald\u0131\u011f\u0131n\u0131z\u0131 g\u00f6rd\u00fck\u00e7e hayalleriniz b\u00fcy\u00fcyor\u201d<br \/>\nT\u00fcrkiye A Milli Kad\u0131n Futbol Tak\u0131m\u0131 Teknik Direkt\u00f6r\u00fc Necla G\u00fcng\u00f6r K\u0131ra\u011fas\u0131, K\u0131r \u00c7i\u00e7ekleri\u2019nin \u201cMesle\u011finizi hayal ederek mi se\u00e7tiniz?\u201d sorusuna; \u201cEvet, hayal etmeden hi\u00e7bir \u015feyin yap\u0131labilece\u011fine inanm\u0131yorum. Bug\u00fcne kadar her \u015feyi de ger\u00e7ekten hayal ettim. Hayal etti\u011fim ne varsa da kar\u015f\u0131l\u0131\u011f\u0131n\u0131 g\u00f6rd\u00fcm. Sizler de l\u00fctfen hayal etmekten pes etmeyin. \u00c7\u00fcnk\u00fc neyi hayal ediyorsan\u0131z onun i\u00e7in \u00e7al\u0131\u015fmaya ba\u015fl\u0131yorsunuz. \u00c7al\u0131\u015ft\u0131k\u00e7a ve kar\u015f\u0131l\u0131\u011f\u0131n\u0131 ald\u0131\u011f\u0131n\u0131z\u0131 g\u00f6rd\u00fck\u00e7e hayalleriniz b\u00fcy\u00fcyor. Ben her \u015feyi hayal ettim ve ondan sonra da ger\u00e7ekle\u015fti\u011fine \u015fahit oldum\u201d ifadeleriyle yan\u0131t verdi.<br \/>\n\u201cEn b\u00fcy\u00fck hayalim kad\u0131n futbolunu \u00fclkede yayg\u0131nla\u015ft\u0131rmak\u201d<br \/>\nK\u0131ra\u011fas\u0131, bir di\u011fer \u00f6\u011frencinin \u201cA Milli Tak\u0131m ile gitmek istedi\u011finiz y\u00f6n nedir?\u201d sorusunu \u015f\u00f6yle yan\u0131tlad\u0131:<br \/>\n\u201c\u00d6ncelikle kad\u0131n futbolunu \u00fclkede yayg\u0131nla\u015ft\u0131rmak, kad\u0131n sporcular\u0131n \u00e7ok g\u00fc\u00e7l\u00fc bir \u015fekilde ayaklar\u0131n\u0131n \u00fczerinde durdu\u011funu g\u00f6rmek en b\u00fcy\u00fck hayalim. Performans anlam\u0131nda soruyorsan\u0131z; gidebildi\u011fimiz en iyi yere gidebilmek. \u015eu anda d\u00fcnya kupas\u0131 grup eleme ma\u00e7lar\u0131 oynuyoruz. \u00d6n\u00fcm\u00fczdeki sezon Avrupa \u015eampiyonas\u0131 ba\u015flayacak. Her girdi\u011fimiz \u015fampiyonada en iyisini yapabilmek ve en iyi yere ula\u015fabilmek bizim en b\u00fcy\u00fck hedefimiz. Geli\u015fen ve geli\u015fmekte oldu\u011funu kendi g\u00f6zleriyle g\u00f6ren bir tak\u0131ma sahibiz. \u00c7ok gen\u00e7 bir kadro ile m\u00fccadele ediyoruz. Bug\u00fcn istatisti\u011fe bakt\u0131\u011f\u0131m\u0131zda \u015fu an gruptaki en gen\u00e7 tak\u0131ma sahibiz Almanya da d\u00e2hil. O nedenle bu gen\u00e7 neslin elinden tutup en yukar\u0131 ta\u015f\u0131mak en b\u00fcy\u00fck hayalimiz.\u201d<br \/>\n\u201cSizin aileleriniz de destek\u00e7iniz\u201d<br \/>\nMilli Tak\u0131m oyuncular\u0131ndan Ece T\u00fcrko\u011flu, beden e\u011fitimi \u00f6\u011fretmeni sayesinde futbol ile tan\u0131\u015ft\u0131\u011f\u0131n\u0131 ifade ederek, \u201cAilem hi\u00e7bir zaman \u2018yapma\u2019 demedi. Tabi ki ailemin d\u0131\u015f\u0131nda \u00e7evremdeki insanlar \u2018k\u0131z futbol mu oynar, ne yapacaks\u0131n ileride?\u2019 dediler. Ama ailem her zaman benim en b\u00fcy\u00fck destek\u00e7im oldu. Sizin aileleriniz de destek\u00e7iniz, \u00e7ok g\u00fczel bir duygu\u201d dedi. <\/p>\n","protected":false},"excerpt":{"rendered":"<p>T\u00fcrkiye A Milli Kad\u0131n Futbol Tak\u0131m\u0131, Mersin B\u00fcy\u00fck\u015fehir Belediyesi\u2019nin K\u0131r \u00c7i\u00e7ekleri Projesi kapsam\u0131nda gelece\u011fin sporcular\u0131 olma yolunda yeti\u015ftirilen k\u0131z \u00e7ocuklar\u0131yla bir araya geldi. B\u00fcy\u00fck\u015fehir Belediyesi\u2019nin \u00d6zel K\u0131r \u00c7i\u00e7ekleri Ortaokul K\u0131z &hellip; <a href=\"https:\/\/akdenizolaygazetesi.com\/?p=15418\" class=\"more-link\">Devam\u0131n\u0131 Oku&#8230;<\/a><\/p>\n","protected":false},"author":2,"featured_media":15419,"comment_status":"open","ping_status":"open","sticky":false,"template":"","format":"standard","meta":[],"categories":[2,3,10],"tags":[],"_links":{"self":[{"href":"https:\/\/akdenizolaygazetesi.com\/index.php?rest_route=\/wp\/v2\/posts\/15418"}],"collection":[{"href":"https:\/\/akdenizolaygazetesi.com\/index.php?rest_route=\/wp\/v2\/posts"}],"about":[{"href":"https:\/\/akdenizolaygazetesi.com\/index.php?rest_route=\/wp\/v2\/types\/post"}],"author":[{"embeddable":true,"href":"https:\/\/akdenizolaygazetesi.com\/index.php?rest_route=\/wp\/v2\/users\/2"}],"replies":[{"embeddable":true,"href":"https:\/\/akdenizolaygazetesi.com\/index.php?rest_route=%2Fwp%2Fv2%2Fcomments&post=15418"}],"version-history":[{"count":1,"href":"https:\/\/akdenizolaygazetesi.com\/index.php?rest_route=\/wp\/v2\/posts\/15418\/revisions"}],"predecessor-version":[{"id":15420,"href":"https:\/\/akdenizolaygazetesi.com\/index.php?rest_route=\/wp\/v2\/posts\/15418\/revisions\/15420"}],"wp:featuredmedia":[{"embeddable":true,"href":"https:\/\/akdenizolaygazetesi.com\/index.php?rest_route=\/wp\/v2\/media\/15419"}],"wp:attachment":[{"href":"https:\/\/akdenizolaygazetesi.com\/index.php?rest_route=%2Fwp%2Fv2%2Fmedia&parent=15418"}],"wp:term":[{"taxonomy":"category","embeddable":true,"href":"https:\/\/akdenizolaygazetesi.com\/index.php?rest_route=%2Fwp%2Fv2%2Fcategories&post=15418"},{"taxonomy":"post_tag","embeddable":true,"href":"https:\/\/akdenizolaygazetesi.com\/index.php?rest_route=%2Fwp%2Fv2%2Ftags&post=15418"}],"curies":[{"name":"wp","href":"https:\/\/api.w.org\/{rel}","templated":true}]}}