{"id":15422,"date":"2021-12-01T13:00:31","date_gmt":"2021-12-01T10:00:31","guid":{"rendered":"http:\/\/akdenizolaygazetesi.com\/?p=15422"},"modified":"2021-12-01T13:00:31","modified_gmt":"2021-12-01T10:00:31","slug":"bu-yil-icerisinde-148-projenin-parasal-gerceklesme-orani-oldukca-yuksek","status":"publish","type":"post","link":"https:\/\/akdenizolaygazetesi.com\/?p=15422","title":{"rendered":"\u201cBu y\u0131l i\u00e7erisinde 148 projenin parasal ger\u00e7ekle\u015fme oran\u0131 olduk\u00e7a y\u00fcksek\u201d"},"content":{"rendered":"<p>Mersin B\u00fcy\u00fck\u015fehir Belediye Meclisi\u2019nin 2021 y\u0131l\u0131 Kas\u0131m Ay\u0131 Ola\u011fan Toplant\u0131s\u0131n\u0131n 3. Birle\u015fimi, Kongre ve Sergi Saray\u0131 \u00c7ok Ama\u00e7l\u0131 Salon\u2019da Mersin B\u00fcy\u00fck\u015fehir Belediye Ba\u015fkan\u0131 Vahap Se\u00e7er ba\u015fkanl\u0131\u011f\u0131nda ger\u00e7ekle\u015ftirildi. Ba\u015fkan Se\u00e7er, yat\u0131r\u0131mc\u0131 bir belediye haline d\u00f6n\u00fc\u015ft\u00fcklerini ve 30 B\u00fcy\u00fck\u015fehir Belediyesi aras\u0131nda 5\u2019inci s\u0131rada yer ald\u0131klar\u0131n\u0131 s\u00f6yledi. Performans program\u0131nda yer alan faaliyetlerin b\u00fct\u00e7eye oran\u0131n\u0131n % 79\u2019dan % 82\u2019ye ula\u015fmas\u0131n\u0131n \u00f6ng\u00f6r\u00fcld\u00fc\u011f\u00fcn\u00fc ifade eden Se\u00e7er, \u201cBu \u015fu demektir; bir anlamda u\u00e7a\u011f\u0131n burnu havaya do\u011fru gidiyor\u201d dedi.<\/p>\n<p>\u201cBu y\u0131l i\u00e7erisinde 148 projenin parasal ger\u00e7ekle\u015fme oran\u0131 olduk\u00e7a y\u00fcksek\u201d<\/p>\n<p>Meclis\u2019te, Mersin B\u00fcy\u00fck\u015fehir Belediyesi\u2019nin tamamlanan ve devam eden projelerinin detayl\u0131 bir \u015fekilde yer ald\u0131\u011f\u0131 video izletildi. Sunumun ard\u0131ndan konu\u015fan Ba\u015fkan Se\u00e7er, Mersin B\u00fcy\u00fck\u015fehir Belediyesi\u2019nin yat\u0131r\u0131m program\u0131n\u0131 ve 1 Kas\u0131m 2021 proje durumlar\u0131n\u0131n bir de\u011ferlendirmesini yaparak, \u015funlar\u0131 s\u00f6yledi:<\/p>\n<p>\u201c2019 y\u0131l\u0131 toplam 130 projenin fiziki ger\u00e7ekle\u015fme oran\u0131 45. \u0130lk y\u0131l\u0131m\u0131z, se\u00e7im y\u0131l\u0131. Parasal ger\u00e7ekle\u015fme 54. Yat\u0131r\u0131m b\u00fct\u00e7esinin toplam b\u00fct\u00e7eye oran\u0131 % 17. 2020 y\u0131l\u0131nda toplam 150 projemiz var. Fiziki ger\u00e7ekle\u015fme % 45\u2019ten % 96\u2019ya y\u00fckseliyor. Parasal ger\u00e7ekle\u015fme de % 92 civar\u0131nda bir orana eri\u015fiyor. % 54\u2019ten % 92. Yat\u0131r\u0131m b\u00fct\u00e7esinin toplam b\u00fct\u00e7eye oran\u0131 % 17\u2019den % 22\u2019ye y\u00fckseliyor. Bu y\u0131l i\u00e7erisinde, Ekim sonu ya da Kas\u0131m ba\u015f\u0131 itibariyle 148 projenin, orada biten proje say\u0131s\u0131 az gibi gelebilir ama \u015fimdi g\u00f6receksiniz, parasal ger\u00e7ekle\u015fme oran\u0131 olduk\u00e7a y\u00fcksek. Burada k\u00fc\u00e7\u00fck projelerin ve b\u00fcy\u00fck projelerin ayr\u0131m\u0131n\u0131 yapmak laz\u0131m. Yani s\u00fcregelen projeler var. Say\u0131sal anlamda az kalm\u0131\u015f olabilir de k\u00fc\u00e7\u00fck k\u00fc\u00e7\u00fck \u00e7ok say\u0131da proje var. Onlar parasal etkisi daha d\u00fc\u015f\u00fck projeler. Bu ayr\u0131m\u0131 yapman\u0131z\u0131 istiyorum. Fiziki ger\u00e7ekle\u015fme % 55. Y\u0131l sonuna kadar tabi ki bu y\u00fckselecek ama o projelerin tamamlanmas\u0131 gelecek y\u0131la kalacak. Parasal ger\u00e7ekle\u015fme % 80. Yani ay\u0131rd\u0131\u011f\u0131m\u0131z \u00f6dene\u011fi kullan\u0131yoruz. Asl\u0131nda geriden gelme bir durum yok ya da geri kalma gibi bir durum yok. Belirli bir proje, diyelim ki 100 milyonluk proje, \u00f6denek ay\u0131rm\u0131\u015fs\u0131n\u0131z 60 milyon. Bu y\u0131l i\u00e7in onu tamamlam\u0131\u015fs\u0131n\u0131z. 40 milyonu zaten daha \u00f6nceden \u00f6ng\u00f6rm\u00fc\u015fs\u00fcn\u00fcz.  Di\u011fer y\u0131la kalacak. Yat\u0131r\u0131m b\u00fct\u00e7esinin toplam b\u00fct\u00e7eye oran\u0131 da bir \u00f6nceki y\u0131la g\u00f6re % 22\u2019den % 31 civar\u0131na \u00e7\u0131k\u0131yor.\u201d<\/p>\n<p>\u201cYat\u0131r\u0131mc\u0131 bir belediye h\u00fcviyetindeyiz\u201d<\/p>\n<p>Yat\u0131r\u0131mc\u0131 bir belediye haline d\u00f6n\u00fc\u015ft\u00fckleri vurgusunu yapan Ba\u015fkan Se\u00e7er, 30 B\u00fcy\u00fck\u015fehir Belediyesi i\u00e7erisinde \u015fu anda 5\u2019inci s\u0131rada yer ald\u0131klar\u0131n\u0131 kaydetti. Se\u00e7er, \u201cYeni y\u0131l i\u00e7in \u00f6ng\u00f6rd\u00fc\u011f\u00fcm\u00fcz proje say\u0131m\u0131z 162 ve yat\u0131r\u0131m b\u00fct\u00e7esinin toplam b\u00fct\u00e7eye oran\u0131, yapt\u0131\u011f\u0131m\u0131z b\u00fct\u00e7ede % 41\u2019e eri\u015ftirmeyi \u00f6ng\u00f6rm\u00fc\u015f\u00fcz, planlam\u0131\u015f\u0131z. Performans program\u0131nda yer alan faaliyetlerin maliyetinin b\u00fct\u00e7eye oran\u0131 2020 y\u0131l\u0131 i\u00e7erisinde % 72. Bu y\u0131l bu oran\u0131n % 79\u2019a, gelecek y\u0131l da % 82\u2019ye \u00e7\u0131kmas\u0131 \u00f6ng\u00f6r\u00fcl\u00fcyor. Bu \u015fu demektir; bir anlamda u\u00e7a\u011f\u0131n burnu havaya do\u011fru gidiyor. Yat\u0131r\u0131mlar bunun parasal kar\u015f\u0131l\u0131klar\u0131, gider b\u00fct\u00e7emizdeki art\u0131\u015f. Art\u0131k yat\u0131r\u0131mc\u0131 bir belediye haline d\u00f6n\u00fc\u015f\u00fcyoruz. 2021 y\u0131l\u0131nda toplamda 30 B\u00fcy\u00fck\u015fehir Belediyesi i\u00e7erisinde yat\u0131r\u0131mlar\u0131m\u0131z\u0131n gelire ve gidere oran\u0131 \u00fczerinden yapt\u0131\u011f\u0131m\u0131z de\u011ferlendirmede \u0130stanbul B\u00fcy\u00fck\u015fehir ile Mersin B\u00fcy\u00fck\u015fehir 5\u2019incili\u011fi payla\u015f\u0131yor. Asl\u0131nda oranlar ayn\u0131. 5., 6. s\u0131ralar\u0131 payla\u015f\u0131yor. Yani yat\u0131r\u0131mlar\u0131m\u0131z 30 B\u00fcy\u00fck\u015fehir i\u00e7erisinde \u00f6yle iyi oranlara geldi ki \u015fu anda bizim durumumuz yat\u0131r\u0131mc\u0131 bir belediye h\u00fcviyetinde. Mersin B\u00fcy\u00fck\u015fehir Belediyesi 30 B\u00fcy\u00fck\u015fehir i\u00e7erisinde \u015fu anda 5\u2019inci s\u0131rada. Bunu s\u00f6yleyebilirim\u201d dedi.<\/p>\n<p>\u201c% 100 bir ger\u00e7ekle\u015fme oran\u0131n\u0131 tutturaca\u011f\u0131m\u0131z\u0131 \u015fimdiden s\u00f6yleyebilirim\u201d<\/p>\n<p>2019, 2020 y\u0131l sonu ve 2021 y\u0131l\u0131 \u00f6ng\u00f6r\u00fclen b\u00fct\u00e7e ger\u00e7ekle\u015fme oranlar\u0131n\u0131n bir mukayesesini yapan Ba\u015fkan Se\u00e7er; \u201cBizim 2019\u2019da gider b\u00fct\u00e7emiz 2 milyar 255 milyon lirayd\u0131. Bu b\u00fct\u00e7enin ger\u00e7ekle\u015fme miktar\u0131 1 milyar 489 milyon lirada kald\u0131. Gider b\u00fct\u00e7esi % 66 civar\u0131nda bir ger\u00e7ekle\u015fme oran\u0131na sahip oldu. 2020 y\u0131l\u0131nda b\u00fct\u00e7emiz ayn\u0131 kald\u0131 1 milyon eksiyle; 2 milyar 254 milyon. Bildi\u011finiz gibi 2019 b\u00fct\u00e7esini biz yapmad\u0131k. 2020 y\u0131l\u0131 daha ger\u00e7ek\u00e7i bir b\u00fct\u00e7e oldu. Burada giderlerimizin ger\u00e7ekle\u015fme toplam\u0131 parasal olarak 1 milyar 619 milyon liraya ula\u015ft\u0131 ve oran da % 71.83\u2019e evrildi. 2019-2020 y\u0131l\u0131 aras\u0131ndaki ger\u00e7ekle\u015fme oran\u0131ndaki art\u0131\u015f % 8.73 seviyelerinde oldu. Gelelim bu y\u0131la; Ekim sonu itibariyle bizim bildi\u011finiz gibi ge\u00e7en \u00f6ng\u00f6rd\u00fc\u011f\u00fcm\u00fcz gider b\u00fct\u00e7esi 2 milyar 695 milyon lirayd\u0131. 1 Ekim tarihine kadar 2 milyar 55 milyon liral\u0131k k\u0131sm\u0131 ger\u00e7ekle\u015fmi\u015f oldu. Bu da %76.27\u2019lik bir orana tekab\u00fcl ediyor. Ancak y\u0131l sonuna kadar biz 2 milyar 670 milyon parasal de\u011fer olarak rakamlara eri\u015fece\u011fimizi \u00f6ng\u00f6r\u00fcyoruz. Zaten toplam b\u00fct\u00e7emiz 2 milyar 695 milyon lirayd\u0131. Yani % 100 bir ger\u00e7ekle\u015fme oran\u0131n\u0131 tutturaca\u011f\u0131m\u0131z\u0131 \u015fimdiden s\u00f6yleyebilirim\u201d diye konu\u015ftu.<\/p>\n<p>Ba\u015fkan Se\u00e7er, faaliyet ve yat\u0131r\u0131m programlar\u0131n\u0131 ayr\u0131nt\u0131l\u0131 bir bi\u00e7imde Meclis \u00fcyeleriyle payla\u015farak, 2020-2021 y\u0131l\u0131 yat\u0131r\u0131mlar\u0131n\u0131n ger\u00e7ekle\u015fmesindeki art\u0131\u015f\u0131n % 27\u2019lere ula\u015ft\u0131\u011f\u0131n\u0131, toplam giderlerin 3 milyar 660 milyon lira oldu\u011funu s\u00f6yledi. Se\u00e7er, b\u00fct\u00e7enin tek tek kalemleri ve daire ba\u015fkanl\u0131klar\u0131n\u0131n b\u00fct\u00e7eleri hakk\u0131nda Meclis \u00fcyelerine bilgi verdi.<\/p>\n","protected":false},"excerpt":{"rendered":"<p>Mersin B\u00fcy\u00fck\u015fehir Belediye Meclisi\u2019nin 2021 y\u0131l\u0131 Kas\u0131m Ay\u0131 Ola\u011fan Toplant\u0131s\u0131n\u0131n 3. Birle\u015fimi, Kongre ve Sergi Saray\u0131 \u00c7ok Ama\u00e7l\u0131 Salon\u2019da Mersin B\u00fcy\u00fck\u015fehir Belediye Ba\u015fkan\u0131 Vahap Se\u00e7er ba\u015fkanl\u0131\u011f\u0131nda ger\u00e7ekle\u015ftirildi. Ba\u015fkan Se\u00e7er, yat\u0131r\u0131mc\u0131 &hellip; <a href=\"https:\/\/akdenizolaygazetesi.com\/?p=15422\" class=\"more-link\">Devam\u0131n\u0131 Oku&#8230;<\/a><\/p>\n","protected":false},"author":2,"featured_media":15423,"comment_status":"open","ping_status":"open","sticky":false,"template":"","format":"standard","meta":[],"categories":[8,2,3],"tags":[],"_links":{"self":[{"href":"https:\/\/akdenizolaygazetesi.com\/index.php?rest_route=\/wp\/v2\/posts\/15422"}],"collection":[{"href":"https:\/\/akdenizolaygazetesi.com\/index.php?rest_route=\/wp\/v2\/posts"}],"about":[{"href":"https:\/\/akdenizolaygazetesi.com\/index.php?rest_route=\/wp\/v2\/types\/post"}],"author":[{"embeddable":true,"href":"https:\/\/akdenizolaygazetesi.com\/index.php?rest_route=\/wp\/v2\/users\/2"}],"replies":[{"embeddable":true,"href":"https:\/\/akdenizolaygazetesi.com\/index.php?rest_route=%2Fwp%2Fv2%2Fcomments&post=15422"}],"version-history":[{"count":1,"href":"https:\/\/akdenizolaygazetesi.com\/index.php?rest_route=\/wp\/v2\/posts\/15422\/revisions"}],"predecessor-version":[{"id":15424,"href":"https:\/\/akdenizolaygazetesi.com\/index.php?rest_route=\/wp\/v2\/posts\/15422\/revisions\/15424"}],"wp:featuredmedia":[{"embeddable":true,"href":"https:\/\/akdenizolaygazetesi.com\/index.php?rest_route=\/wp\/v2\/media\/15423"}],"wp:attachment":[{"href":"https:\/\/akdenizolaygazetesi.com\/index.php?rest_route=%2Fwp%2Fv2%2Fmedia&parent=15422"}],"wp:term":[{"taxonomy":"category","embeddable":true,"href":"https:\/\/akdenizolaygazetesi.com\/index.php?rest_route=%2Fwp%2Fv2%2Fcategories&post=15422"},{"taxonomy":"post_tag","embeddable":true,"href":"https:\/\/akdenizolaygazetesi.com\/index.php?rest_route=%2Fwp%2Fv2%2Ftags&post=15422"}],"curies":[{"name":"wp","href":"https:\/\/api.w.org\/{rel}","templated":true}]}}