{"id":15426,"date":"2021-12-01T13:03:19","date_gmt":"2021-12-01T10:03:19","guid":{"rendered":"http:\/\/akdenizolaygazetesi.com\/?p=15426"},"modified":"2021-12-01T13:03:19","modified_gmt":"2021-12-01T10:03:19","slug":"biz-oz-gelirleri-en-dusuk-belediyeler-arasindayiz","status":"publish","type":"post","link":"https:\/\/akdenizolaygazetesi.com\/?p=15426","title":{"rendered":"\u201cBiz \u00f6z gelirleri en d\u00fc\u015f\u00fck belediyeler aras\u0131nday\u0131z\u201d"},"content":{"rendered":"<p>Mersin B\u00fcy\u00fck\u015fehir Belediye Meclisi Kas\u0131m Ay\u0131 \u00fc\u00e7\u00fcnc\u00fc birle\u015fimi, B\u00fcy\u00fck\u015fehir Belediye Ba\u015fkan\u0131 Vahap Se\u00e7er ba\u015fkanl\u0131\u011f\u0131nda yap\u0131ld\u0131. Mersin B\u00fcy\u00fck\u015fehir Belediyesi\u2019nin 2022 Mali Y\u0131l\u0131 B\u00fct\u00e7esi, Meclis\u2019te isim isim oyland\u0131 ve kabul edildi. 2022 b\u00fct\u00e7esinin kabul edilmesi \u00fczerine konu\u015fan Ba\u015fkan Se\u00e7er, \u201cB\u00fct\u00e7emiz hay\u0131rl\u0131 olsun. Eme\u011fi ge\u00e7en t\u00fcm arkada\u015flar\u0131ma, b\u00fcrokratlar\u0131m\u0131za, Plan ve B\u00fct\u00e7e Komisyonu\u2019na, Meclis \u00fcyelerimize te\u015fekk\u00fcr ediyorum. Mersinimiz i\u00e7in hay\u0131rl\u0131 olmas\u0131n\u0131 diliyorum\u201d dedi.<\/p>\n<p>\u201cB\u00fct\u00e7enin ger\u00e7ekle\u015fme oran\u0131 % 100. Ne dediysek yapm\u0131\u015f\u0131z\u201d<\/p>\n<p>B\u00fct\u00e7e ve yat\u0131r\u0131mlara ili\u015fkin de\u011ferlendirmelerde bulunan Ba\u015fkan Se\u00e7er, Meclis\u2019ten destek beklediklerini, sorunlar\u0131 ve eksiklikleri anlatt\u0131klar\u0131n\u0131 ifade etti. Kendilerinden b\u00fcy\u00fck beklentiler oldu\u011funu dile getiren Se\u00e7er, \u201cBak\u0131n belediyemiz bir b\u00fct\u00e7e yap\u0131yor. B\u00fct\u00e7enin ger\u00e7ekle\u015fme oran\u0131 % 100. Ne dediysek yapm\u0131\u015f\u0131z. Gelen paray\u0131 son kuru\u015funa kadar de\u011ferlendirmi\u015fiz. Ald\u0131\u011f\u0131m\u0131z akaryak\u0131t\u0131n k\u0131r\u0131mlar\u0131 belli, \u00f6ncekinin belli, ald\u0131\u011f\u0131m\u0131z CNG\u2019li otob\u00fcslerin al\u0131m fiyat\u0131 belli. Yeni ald\u0131\u011f\u0131m\u0131z 67 adet 9 metrelik Karsan atak otob\u00fcslerinin al\u0131m fiyat\u0131 belli dizellerin. 152 milyon liraya bir otob\u00fcs ald\u0131 bu belediye, 48 ay vadeli \u00f6d\u00fcyor. \u015eu anda Limon otob\u00fcsler kullan\u0131mda olan. \u0130nan\u0131n yeni 100 tane alaca\u011f\u0131z, bakal\u0131m 300 milyonumuz mu gidecek, 350 milyonumuz mu gidecek, 31 Aral\u0131k\u2019ta ihalesi var hep beraber g\u00f6rece\u011fiz. 15 Kas\u0131m\u2019da da \u00f6n yeterlili\u011fini yapt\u0131k\u201d dedi.<\/p>\n<p>2019, 2020 ve 2021 Ekim ay\u0131 sonu itibariyle yap\u0131lan yat\u0131r\u0131mlar hakk\u0131nda detaylar payla\u015fan Ba\u015fkan Se\u00e7er, s\u0131ras\u0131yla \u201c350 milyon, 402 milyon, 1 Kas\u0131m itibar\u0131yla 907 milyon ve yeni \u00f6ng\u00f6rd\u00fc\u011f\u00fcm\u00fcz yat\u0131r\u0131m miktar\u0131 1 milyar 558 milyon lira\u201d diye konu\u015ftu. 2019\u2019da yat\u0131r\u0131mlar\u0131n b\u00fct\u00e7eye oran\u0131 % 17 iken, bu oran\u0131n 2020\u2019de % 22, 1 Kas\u0131m 2021 itibariyle % 31\u2019e y\u00fckseldi\u011fini, 2022\u2019de \u00f6ng\u00f6rd\u00fckleri oran\u0131n ise % 41 oldu\u011funu ifade eden Ba\u015fkan Se\u00e7er, \u201cBizim s\u00f6ylemek istedi\u011fimiz bu. Her kuru\u015f de\u011ferleniyor. Bundan emin olun\u201d dedi.<\/p>\n<p>\u201cBiz \u00f6z gelirleri en d\u00fc\u015f\u00fck belediyeler aras\u0131nday\u0131z\u201d<\/p>\n<p>B\u00fcy\u00fck\u015fehir Belediyeleri aras\u0131nda \u00f6z gelirleri en d\u00fc\u015f\u00fck belediyelerden biri olduklar\u0131n\u0131 a\u00e7\u0131klayan Ba\u015fkan Se\u00e7er, \u201cSon 10\u2019day\u0131z. 2019 Nisan\u2019\u0131nda bu kent beni Belediye Ba\u015fkan\u0131 se\u00e7ti. Ard\u0131ndan 1 y\u0131l sonra pandemi, ard\u0131ndan bu y\u0131l biraz nefes al\u0131r gibi olduk. Yat\u0131r\u0131m oranlar\u0131n\u0131 size aktar\u0131yorum. \u00d6z gelirlerimizi her ge\u00e7en g\u00fcn art\u0131r\u0131yoruz, d\u00fczenlemeler yap\u0131yoruz\u201d diye konu\u015ftu.<\/p>\n<p>\u201c3 milyar 665 milyon b\u00fct\u00e7emle benden 366 milyar liral\u0131k projeleri istiyorsunuz\u201d<\/p>\n<p>Mersin\u2019in tan\u0131t\u0131lmas\u0131 gerekti\u011finin alt\u0131n\u0131 \u00e7izen Ba\u015fkan Se\u00e7er, Mersin\u2019in \u00e7ok fazla dinami\u011fe sahip bir kent oldu\u011funu ve bu potansiyelinin a\u00e7\u0131\u011fa \u00e7\u0131kar\u0131lmas\u0131 gerekti\u011fini s\u00f6yledi. Bir b\u00f6lgede hangi sekt\u00f6r\u00fcn geli\u015fimi isteniyorsa, bu sekt\u00f6re te\u015fvik \u00e7\u0131karan kurumun Mersin B\u00fcy\u00fck\u015fehir Belediye Meclisi de\u011fil, parlamento oldu\u011funu an\u0131msatan Se\u00e7er, \u015funlar\u0131 s\u00f6yledi:<\/p>\n<p>\u201c\u015eimdi ba\u011f\u0131ra ba\u011f\u0131ra konu\u015fulan Uluslararas\u0131 \u0130stanbul Havaalan\u0131, d\u00fcnyan\u0131n en b\u00fcy\u00fck havaalan\u0131, \u00e7ok b\u00fcy\u00fck bir yat\u0131r\u0131m, k\u0131sa s\u00fcrede yap\u0131l\u0131yor da bizim \u00c7ukurova Havaliman\u0131 10 y\u0131l\u0131 ge\u00e7ti bitmedi. Bunu sorgulamakta yarar var. Ankara Uluk\u0131\u015fla-Pozant\u0131 Otoyolu-Ni\u011fde ba\u011flant\u0131s\u0131 gayet b\u00fcy\u00fck bir yat\u0131r\u0131m; ger\u00e7ekle\u015fti, bitti. Gidin, bak\u0131n. Buras\u0131 kadar yo\u011fun da de\u011fil. Yani burada 4 yo\u011funluk varsa orada \u015fu anda 2 yo\u011funluk var. Buras\u0131 oldu\u011fu gibi duruyor, 10 sene \u00f6nce de ben bunu duydum, \u2018Karayollar\u0131 ihaleye \u00e7\u0131k\u0131yor\u2019, \u015fu ana kadar bir arpa boyu yol al\u0131namad\u0131. Siz benim 3 milyar 665 milyon b\u00fct\u00e7emle benden 366 milyar liral\u0131k projeleri istiyorsunuz. Diyoruz ki, biz bunlar\u0131 yapar\u0131z ama bir an \u00f6nce \u00fclke se\u00e7ime gider biz de iktidar olursak, biz bunlar\u0131n vallahi alas\u0131n\u0131 yapar\u0131z. Ben Mersin B\u00fcy\u00fck\u015fehir Belediye Ba\u015fkan\u0131 olarak Mersin\u2019e yat\u0131r\u0131m ya\u011fd\u0131r\u0131r\u0131m. Bunun s\u00f6z\u00fcn\u00fc veriyorum. \u00d6yle ufak tefek projelerle de \u00f6v\u00fcnmeyiz.\u201d<\/p>\n<p>\u201cBiz bu kente huzur getirdik\u201d<\/p>\n<p>Belediye y\u00f6netimine y\u00f6neltilen sorular\u0131 ve ele\u015ftirileri cevaplayan Ba\u015fkan Se\u00e7er, Meclis\u2019te genel politika yap\u0131lmamas\u0131 gerekti\u011fini an\u0131msatarak, \u201cBizim bu kente huzur getirdi\u011fimizi s\u00f6yleyebilirim. Buraya herkes T\u00fcrkiye\u2019nin her taraf\u0131ndan yat\u0131r\u0131m yapmak i\u00e7in geliyor ve benim belediyeme herhangi bir sorunu, s\u0131k\u0131nt\u0131s\u0131 i\u00e7in misafir olmak isteyen, ziyaret etmek isteyen her i\u015f adam\u0131 da gelebiliyor. Bizim \u00f6yle ihya edecek, avanta verecek ya da ona imkan sa\u011flayacak bir m\u00fcteahhit grubumuz ya da i\u015f adam\u0131 grubumuz yok. Benim \u00f6yle bir \u00e7al\u0131\u015fmam yok\u201d dedi. Ba\u015fkan Se\u00e7er, bir Meclis \u00fcyesinin \u201cya\u011f\u0131n\u0131zla kavruluyorsunuz\u201d de\u011ferlendirmesi \u00fczerine, \u201cBiz ya\u011f\u0131m\u0131zla falan kavrulmuyoruz. Biz \u00e7ok daha \u00f6tesine gitmek istiyoruz. Zaten finansman konusundaki tart\u0131\u015fmalar\u0131n \u00e7\u0131kmas\u0131n\u0131n temel sebebi bu\u201d dedi.<\/p>\n<p>\u201cBiz limanc\u0131l\u0131k hizmetlerinin Mersin\u2019de geli\u015fmesine kar\u015f\u0131 de\u011filiz\u201d<\/p>\n<p>Mersin\u2019e yap\u0131lmas\u0131n\u0131 istedikleri Ana Konteyner Liman\u0131 konusuna da de\u011finen Ba\u015fkan Se\u00e7er, \u015f\u00f6yle devam etti:<\/p>\n<p>\u201cBiz limanc\u0131l\u0131k hizmetlerinin Mersin\u2019de geli\u015fmesine kar\u015f\u0131 de\u011filiz. Mevcut bir liman var. Liman\u0131n kapasitesi belli. Geni\u015fleme kapasitesi belli. \u015eehre getirece\u011fi yarar ya da zarar; kimine g\u00f6re yarar, kimine g\u00f6re zarar. Bize g\u00f6re olan\u0131 belli ve bu konuda da biz yarg\u0131ya gitmi\u015fiz, yarg\u0131 bizim lehimize y\u00fcr\u00fctmeyi durdurma karar\u0131 vermi\u015f. \u2018Evet B\u00fcy\u00fck\u015fehir Belediyesi\u2019nin a\u00e7t\u0131\u011f\u0131 davadaki durumlar tespit edilmeye, izlenmeye, incelenmeye de\u011ferdir; biz bunun y\u00fcr\u00fctmesini durduruyoruz\u2019 demi\u015f. Demi\u015f mi bunu? Demi\u015f, g\u00fczel, buraya kadar. \u015eimdi siz \u015funu bana s\u00f6yleyin. Ben diyorum ki bu bir lobi faaliyetidir. Buradaki liman geni\u015flemesi \u00e7al\u0131\u015fmas\u0131 bittikten sonra iktidar devam ederse; bak \u015funu da s\u00f6yleyeyim, bizim iktidar olmam\u0131z durumunda bunu kendi ad\u0131ma s\u00f6ylemiyorum bunu Say\u0131n Genel Ba\u015fkan\u0131m\u0131zla konu\u015ftu\u011fum i\u00e7in, bu s\u00f6z\u00fc halk\u0131n \u00f6n\u00fcnde ald\u0131\u011f\u0131m i\u00e7in s\u00f6yl\u00fcyorum; biz burada partimizin Merkez T\u00fcrkiye Projesi\u2019ne ba\u011flant\u0131l\u0131 olarak Mersin\u2019de Transit Ana Konteyner Liman\u0131 yapmay\u0131 taahh\u00fct ediyoruz. Ben de diyorum ki iktidarda olan Cumhur \u0130ttifak\u0131 da mevcut planlarda olan, yat\u0131r\u0131m program\u0131nda olan bu konuyu 12.8 TEU\u2019luk dev bir elle\u00e7lemeye sahip olan Ana Konteyner Transit Liman\u0131\u2019n\u0131 niye dile getirmiyor? Biz bunu dile getirdik. Biz bunun m\u00fccadelesini verdik. Kamuoyuna duyurduk. Ge\u00e7ti\u011fimiz g\u00fcnlerde ba\u015fta Cumhuriyet Halk Partili milletvekilleri dillendirdi. Bir de yanl\u0131\u015f hat\u0131rlam\u0131yorsam Milliyet\u00e7i Hareket Partisi Milletvekili Say\u0131n K\u0131lavuz dile getirdi b\u00fct\u00e7e g\u00f6r\u00fc\u015fmelerinde. \u2018Biz Mersin\u2019e Ana Konteyner Liman\u0131 istiyoruz\u2019 dedi. Siz de bu do\u011fruysa y\u00fcksek bir sesle bunu dile getirin.\u201d<\/p>\n<p>\u201cBiz hayali b\u00fct\u00e7eler yapm\u0131yoruz\u201d<\/p>\n<p>\u0130lk 10 ayda merkezi idare vergi gelirleri toplam\u0131n\u0131n 1 milyar 708 milyon lira oldu\u011funu belirten Ba\u015fkan Se\u00e7er, \u015funlar\u0131 s\u00f6yledi:<\/p>\n<p>\u201cBiz zaten ger\u00e7ek\u00e7i b\u00fct\u00e7e yap\u0131yoruz. Bizde ger\u00e7ekten mali disiplin var. Takdire \u015fayan bir mali disiplin var. Biz gelir b\u00fct\u00e7esi yapm\u0131\u015f\u0131z. 2019\u2019da ger\u00e7ekle\u015fme oran\u0131 % 75.59. 2020 y\u0131l\u0131nda bu oran % 91.83\u2019e \u00e7\u0131k\u0131yor. \u015eu anda ilk 10 ay itibariyle de % 88.96. Bu da % 100\u2019lere yak\u0131n bir ger\u00e7ekle\u015fme oran\u0131yla. Biz hayali b\u00fct\u00e7eler yapm\u0131yoruz. Art\u0131\u015flar\u0131 da \u00f6ng\u00f6r\u00fcyoruz ve do\u011fru \u00f6ng\u00f6r\u00fcyoruz. Y\u0131lsonuna kadar. Yani \u015fu anda yapt\u0131\u011f\u0131m\u0131z gelir b\u00fct\u00e7emiz ger\u00e7ek\u00e7i b\u00fct\u00e7e. Denk b\u00fct\u00e7e yapm\u0131\u015f\u0131z. 3 milyar 660 milyon lira. Finansmanla dengelemi\u015fiz. Ama ondan \u00f6nce demi\u015fiz ki bizim toplamda ger\u00e7ekle\u015fecek gelirimiz 3 milyar 220 milyon lira. Emin olabilirsiniz. Buna yak\u0131n bir ger\u00e7ekle\u015fme oran\u0131yla y\u0131l\u0131 kapataca\u011f\u0131z. \u00c7ok ola\u011fan\u00fcst\u00fc bu saatten sonra geli\u015fmeler olmazsa.\u201d<\/p>\n<p>\u201c\u2018Tutam\u0131yoruz zaman\u0131\u2019 misali, tutam\u0131yoruz d\u00f6vizi\u201d<\/p>\n<p>Metro Projesi\u2019nin finansman\u0131 hakk\u0131nda gelen ele\u015ftirileri de de\u011ferlendiren Ba\u015fkan Se\u00e7er, \u201cMetro konusunda daha \u00f6nce de bilgilendirdim. 1. Etap 13.4 kilometre. Mezitli-Gar aras\u0131 yer alt\u0131ndan ger\u00e7ekle\u015fecek olan bir imalat, bir proje. 3 miyar 300 milyon lira civar\u0131nda bir ihale bedelimiz var. O zamanki d\u00f6viz kuruna bakt\u0131\u011f\u0131n\u0131z zaman yapt\u0131\u011f\u0131m\u0131z ihalenin bedeli a\u015fa\u011f\u0131 yukar\u0131 330 milyon Avro civar\u0131ndayd\u0131. \u015eu anda o rakam 250 milyon Avrolar\u0131n da a\u015fa\u011f\u0131s\u0131na d\u00fc\u015ft\u00fc. Avro baz\u0131nda bakacak olursan\u0131z. \u00c7\u00fcnk\u00fc \u2018tutam\u0131yoruz zaman\u0131\u2019 misali, tutam\u0131yoruz d\u00f6vizi\u201d dedi.<\/p>\n<p>\u0130haleyi ger\u00e7ekle\u015ftirdiklerini, 900 milyon lira da bor\u00e7lanma yetkisi ald\u0131klar\u0131n\u0131 s\u00f6zlerine ekleyen Se\u00e7er, \u201cBunu Cumhurba\u015fkanl\u0131\u011f\u0131\u2019na g\u00f6nderdik. Strateji Daire Ba\u015fkanl\u0131\u011f\u0131\u2019nda \u00f6n incelemesi tamamland\u0131. Bize gelen bilgiler, daire ba\u015fkan\u0131n\u0131n \u00f6n\u00fcnde imzada. Sonra Hazine Bakanl\u0131\u011f\u0131\u2019na gidecek, orada imzalan\u0131rsa biz bu finansman\u0131 sa\u011flayaca\u011f\u0131z. Biz bu finansman\u0131 sa\u011flarken ihale \u015fartnamesinde y\u00fcklenici firmaya \u2018kredi de temin edebilirsin\u2019 dedik. Ancak temin etti\u011fin kredinin maliyeti bizim i\u00e7in cazip olursa bu bizim i\u00e7in ge\u00e7erlidir. Yoksa biz tek tarafl\u0131 olarak kabul etme ya da reddetme hakk\u0131na sahibiz. Biz daha uygun bir kredi bulabiliyorsak onu kullan\u0131r\u0131z. Onlar\u0131 da seferber ediyoruz ki ne kadar \u00e7ok aray\u0131\u015f i\u00e7erisinde olunursa daha ucuz finansa eri\u015fim olur ve daha \u00e7abuk olur\u201d diye konu\u015ftu.<\/p>\n<p>\u201cFinansman piyasas\u0131nda hava hem sisli hem puslu hem sicim gibi ya\u011f\u0131\u015fl\u0131\u201d<\/p>\n<p>Bu konuda aray\u0131\u015flar\u0131 s\u00fcrd\u00fcrd\u00fcklerini belirten Ba\u015fkan Se\u00e7er, \u201c\u015eunu da ifade etmem gerekir ki finansman d\u00fcnyas\u0131nda, piyasas\u0131nda hava g\u00fcne\u015fli de\u011fil. Hava puslu da de\u011fil, sisli de de\u011fil. Hem sisli hem puslu hem sicim gibi ya\u011f\u0131\u015fl\u0131. B\u00f6yle de bir ortamla kar\u015f\u0131 kar\u015f\u0131yay\u0131z. Ama bu demek de\u011fildir ki d\u00fcnyan\u0131n sonu. Mutlaka bu g\u00fcnler de bir \u015fekilde farkl\u0131 boyutlara hem d\u00fcnyada hem T\u00fcrkiye\u2019de evirilecektir. Ta\u015f gedi\u011fine oturacakt\u0131r, i\u015f yoluna girecektir. En ufak bir nokta kadar bir endi\u015femiz yok\u201d ifadelerine yer verdi. Ba\u015fkan Se\u00e7er, 2022\u2019nin Ocak ay\u0131nda da metroya proje bazl\u0131 bor\u00e7lanma isteyeceklerini kaydetti.<\/p>\n<p>\u201cNiye hala Atat\u00fcrk Park\u0131, K\u00fclt\u00fcr Park\u2019\u0131n tahsisi taraf\u0131m\u0131za verilmiyor\u201d<\/p>\n<p>22 milyon Avro al\u0131n\u0131p, 18 milyon olarak 10 y\u0131lda \u00f6denecek IBRD kredisi i\u00e7in 10 ay imza s\u00fcrecini beklediklerini belirten Ba\u015fkan Se\u00e7er, bir\u00e7ok yat\u0131r\u0131mda idari makamlarda ayn\u0131 s\u00fcre\u00e7le kar\u015f\u0131 kar\u015f\u0131ya kald\u0131klar\u0131n\u0131 \u00f6rnekleriyle a\u00e7\u0131klad\u0131. Ba\u015fkan Se\u00e7er, \u201c\u0130ktidar partisine mensup bir belediye ba\u015fkan\u0131 olsam, herhalde b\u00f6yle davran\u0131lmazd\u0131. Biz de b\u00f6yle sakin durmazd\u0131k. Kentin Say\u0131n Valisi\u2019ne mi taleplerimiz bildirilmiyor? Niye hala Atat\u00fcrk Park\u0131, K\u00fclt\u00fcr Park\u2019\u0131n tahsisi taraf\u0131m\u0131za verilmiyor?\u201d diye sordu. Ba\u015fkan Se\u00e7er, s\u00f6zlerini \u015fu \u015fekilde s\u00fcrd\u00fcrd\u00fc:<\/p>\n<p>\u201cBen belediyeyim, yasal olarak talep ediyorum. Yasalar\u0131 uygulama zorunlulu\u011funda olan o. Ama idare tarafl\u0131 olursa, kendi belediyesi-ba\u015fka belediye diye bir ayr\u0131m yaparsa bu olmaz. Benim istedi\u011fimde gayr\u0131 hukuki bir durum mu var? Belediye dolgu alanlar\u0131nda b\u00fcy\u00fck\u015fehirlerde, \u2018alanlar belediyeye devredilir\u2019 diyor. Kesin h\u00fck\u00fcm. Kanunu a\u00e7\u0131n bak\u0131n. Atat\u00fcrk Park\u0131, dolgu alan\u0131 m\u0131 de\u011fil mi? Benim de\u011filse al\u0131n, kim bak\u0131yorsa baks\u0131n. Ama ben bak\u0131m\u0131n\u0131 \u00fcstleniyorsam; proje ger\u00e7ekle\u015fmi\u015f, elini y\u00fcz\u00fcn\u00fc toplam\u0131\u015f\u0131m. Dalga gelmi\u015f vurmu\u015f, ortal\u0131\u011f\u0131 rezil etmi\u015f. Gitmi\u015fiz, rica minnet 2 y\u0131l \u00f6n tahsis alm\u0131\u015f\u0131z. \u015eu anda s\u00fcresi bitmi\u015f. Park\u0131 revize edece\u011fim. Eski beton y\u0131\u011f\u0131nlar\u0131n\u0131, bina y\u0131\u011f\u0131nlar\u0131n\u0131 ortadan kald\u0131r\u0131p yoldan denizin g\u00f6r\u00fcld\u00fc\u011f\u00fc, ye\u015filin bol oldu\u011fu, halk\u0131n \u00e7ok rahat zaman ge\u00e7irebilece\u011fi g\u00fcvenli bir hale getirmi\u015fim, daha da g\u00fczelle\u015ftirece\u011fim. Siz bize tahsis vermiyorsunuz. Bir plan\u0131n\u0131z varsa \u00e7\u0131k\u0131n, d\u00fcr\u00fcst\u00e7e s\u00f6yleyin. \u2018Biz oraya, Bal\u0131k\u00e7\u0131 Bar\u0131na\u011f\u0131\u2019na marina planlad\u0131k, i\u015f adam\u0131n\u0131 da bulduk, oray\u0131 da hep beraber verece\u011fiz, bu taraf\u0131 da kurvaziyer liman\u0131 i\u00e7in limana verece\u011fiz\u2019 diye. Bunu \u00e7\u0131k\u0131n mert\u00e7e konu\u015fun. E\u011fer de\u011filse de bize getirin, tahsisini verin.\u201d<\/p>\n<p>Makamlar\u0131n kimseye minnet etme yeri olmad\u0131\u011f\u0131n\u0131 s\u00f6yleyen Se\u00e7er, \u201cBen Mersin halk\u0131n\u0131n hukukunu ar\u0131yorum. Mahkeme kad\u0131ya m\u00fclk de\u011fil. Kimsenin babas\u0131n\u0131n mal\u0131 de\u011fil bu \u00fclke; bu bakanl\u0131k, valilik, kaymakaml\u0131k, b\u00fcrokrasi kimsenin babas\u0131n\u0131n mal\u0131 de\u011fil. Hukuki bir \u015fey istiyorum\u201d dedi.<\/p>\n<p>\u201cBu anlay\u0131\u015fla \u00fclkeyi y\u00f6netmek, bu \u00fclkenin insan\u0131na yap\u0131lan haks\u0131zl\u0131kt\u0131r\u201d<\/p>\n<p>Taleplerinin kar\u015f\u0131l\u0131k bulmad\u0131\u011f\u0131n\u0131 vurgulayan Se\u00e7er, \u201cTaleplerimiz kar\u015f\u0131l\u0131k bulmuyor. Ayr\u0131mc\u0131l\u0131\u011fa, engellemelere u\u011fruyoruz. Daha a\u00e7\u0131k konu\u015fay\u0131m. \u0130ktidara mensup bir belediye ba\u015fkan\u0131 olsayd\u0131k, bu tav\u0131rlar bana yap\u0131lamazd\u0131. Hibeleri ben alm\u0131yorum, AK Partili belediyeler al\u0131yor. Daha ge\u00e7en g\u00fcn a\u00e7\u0131klama yap\u0131ld\u0131. Hibelerin % 97&#8217;si \u00c7evre ve \u015eehircilik Bakanl\u0131\u011f\u0131&#8217;ndan Cumhur \u0130ttifak\u0131\u2019na mensup belediyelere gidiyor. Belediyeler Birli\u011fi de ayn\u0131\u201d ifadelerini kulland\u0131. Ayan beyan s\u0131k\u0131nt\u0131lar oldu\u011funu belirten Se\u00e7er, \u201cBu \u015fekilde bir k\u00fclt\u00fcrle bu \u00fclkeyi y\u00f6netmek, ba\u015fta bu \u00fclkenin insan\u0131na yap\u0131lan haks\u0131zl\u0131kt\u0131r\u201d diye konu\u015ftu.<\/p>\n<p>\u201cMersin B\u00fcy\u00fck\u015fehir Belediyesi ka\u011f\u0131t \u00fczerinde kredi alm\u0131\u015f oluyor ama uygulamada yok\u201d<\/p>\n<p>Meclis\u2019te yapt\u0131klar\u0131 b\u00fct\u00e7elere talep ettikleri karar\u0131 bug\u00fcne kadar rahat almad\u0131klar\u0131n\u0131 ifade eden Se\u00e7er, \u0130ller Bankas\u0131\u2019n\u0131n teminat mektubu vermedi\u011fini s\u00f6yledi. Se\u00e7er, \u201cBunu Cumhur \u0130ttifak\u0131\u2019na mensup bir belediyeye yapabiliyorlar m\u0131? S\u00fcrekli proje, s\u00fcrekli Avrupa Birli\u011fi, FRIT-II gidip geliyoruz. Bir s\u00fcr\u00fc fonlar geliyor; paketler a\u00e7\u0131l\u0131yor, paketler kapan\u0131yor. Mersin B\u00fcy\u00fck\u015fehir Belediyesi ka\u011f\u0131t \u00fczerinde kredi alm\u0131\u015f oluyor ama uygulamada yok\u201d ifadelerini kulland\u0131.<\/p>\n<p>Meclis\u2019te, Ba\u015fkan Se\u00e7er\u2019e 265 milyon liral\u0131k bor\u00e7lanma yetkisi verilmemesi hakk\u0131ndaki davada verilen y\u00fcr\u00fctmeyi durdurma karar\u0131yla ilgili madde, yeniden g\u00f6r\u00fc\u015f\u00fclmek \u00fczere idare taraf\u0131ndan geri \u00e7ekildi. Ba\u015fkan Se\u00e7er, \u201cBu konuda her iki grubun hukuk\u00e7u Meclis \u00fcyeleriyle baz\u0131 de\u011ferlendirmelerde bulunduk. \u015euna karar verdik: bu maddeyi \u015fimdilik geri \u00e7ekiyor idare. Gelecek toplant\u0131larda biz de tekrar bir de\u011ferlendirme yapaca\u011f\u0131z. D\u00f6rd\u00fcnc\u00fc maddeyi bir sonraki toplant\u0131da g\u00f6r\u00fc\u015fmek \u00fczere geri \u00e7ekiyoruz\u201d dedi.<\/p>\n","protected":false},"excerpt":{"rendered":"<p>Mersin B\u00fcy\u00fck\u015fehir Belediye Meclisi Kas\u0131m Ay\u0131 \u00fc\u00e7\u00fcnc\u00fc birle\u015fimi, B\u00fcy\u00fck\u015fehir Belediye Ba\u015fkan\u0131 Vahap Se\u00e7er ba\u015fkanl\u0131\u011f\u0131nda yap\u0131ld\u0131. Mersin B\u00fcy\u00fck\u015fehir Belediyesi\u2019nin 2022 Mali Y\u0131l\u0131 B\u00fct\u00e7esi, Meclis\u2019te isim isim oyland\u0131 ve kabul edildi. 2022 &hellip; <a href=\"https:\/\/akdenizolaygazetesi.com\/?p=15426\" class=\"more-link\">Devam\u0131n\u0131 Oku&#8230;<\/a><\/p>\n","protected":false},"author":2,"featured_media":15427,"comment_status":"open","ping_status":"open","sticky":false,"template":"","format":"standard","meta":[],"categories":[2,3,5],"tags":[],"_links":{"self":[{"href":"https:\/\/akdenizolaygazetesi.com\/index.php?rest_route=\/wp\/v2\/posts\/15426"}],"collection":[{"href":"https:\/\/akdenizolaygazetesi.com\/index.php?rest_route=\/wp\/v2\/posts"}],"about":[{"href":"https:\/\/akdenizolaygazetesi.com\/index.php?rest_route=\/wp\/v2\/types\/post"}],"author":[{"embeddable":true,"href":"https:\/\/akdenizolaygazetesi.com\/index.php?rest_route=\/wp\/v2\/users\/2"}],"replies":[{"embeddable":true,"href":"https:\/\/akdenizolaygazetesi.com\/index.php?rest_route=%2Fwp%2Fv2%2Fcomments&post=15426"}],"version-history":[{"count":1,"href":"https:\/\/akdenizolaygazetesi.com\/index.php?rest_route=\/wp\/v2\/posts\/15426\/revisions"}],"predecessor-version":[{"id":15428,"href":"https:\/\/akdenizolaygazetesi.com\/index.php?rest_route=\/wp\/v2\/posts\/15426\/revisions\/15428"}],"wp:featuredmedia":[{"embeddable":true,"href":"https:\/\/akdenizolaygazetesi.com\/index.php?rest_route=\/wp\/v2\/media\/15427"}],"wp:attachment":[{"href":"https:\/\/akdenizolaygazetesi.com\/index.php?rest_route=%2Fwp%2Fv2%2Fmedia&parent=15426"}],"wp:term":[{"taxonomy":"category","embeddable":true,"href":"https:\/\/akdenizolaygazetesi.com\/index.php?rest_route=%2Fwp%2Fv2%2Fcategories&post=15426"},{"taxonomy":"post_tag","embeddable":true,"href":"https:\/\/akdenizolaygazetesi.com\/index.php?rest_route=%2Fwp%2Fv2%2Ftags&post=15426"}],"curies":[{"name":"wp","href":"https:\/\/api.w.org\/{rel}","templated":true}]}}