{"id":1543,"date":"2020-11-04T18:22:05","date_gmt":"2020-11-04T15:22:05","guid":{"rendered":"http:\/\/mersinekonomipolitikagazetesi.com\/?p=1543"},"modified":"2020-11-04T18:22:05","modified_gmt":"2020-11-04T15:22:05","slug":"toroslar-belediyesi-uluslararasi-bilim-dergisinde","status":"publish","type":"post","link":"https:\/\/akdenizolaygazetesi.com\/?p=1543","title":{"rendered":"Toroslar Belediyesi, uluslararas\u0131 bilim dergisinde"},"content":{"rendered":"<p>Mersin&#8217;in merkez il\u00e7e Toroslar Belediyesi, uluslararas\u0131 akademik sosyal bilimler dergisi Asos Journal\u2019da kamu i\u00e7 denet\u00e7isi Dr. Orhan Veli Al\u0131c\u0131\u2019n\u0131n makalesine konu oldu.<\/p>\n<p><span style=\"font-size:16px;\"><span style=\"font-family: sans-serif; line-height: 20px; text-align: justify; background-color: rgb(242, 244, 245);\">Kamu i\u00e7 denet\u00e7isi Al\u0131c\u0131, T\u00fcrkiye genelinde belediyelerle ilgili yapt\u0131\u011f\u0131 ara\u015ft\u0131rmalar sonucunda yazd\u0131\u011f\u0131 ve derginin Mart 2018 say\u0131s\u0131nda yay\u0131mlanan makalesinde, Toroslar Belediyesi\u2019nin \u00fcreten belediyecilik \u00e7er\u00e7evesinde \u00f6rnek al\u0131nmas\u0131 gereken bir kurum oldu\u011funa dikkat \u00e7ekti. Toroslar Belediyesi\u2019nin \u00fcretici belediyecili\u011fin yo\u011funla\u015ft\u0131\u011f\u0131 alanlar d\u0131\u015f\u0131nda olduk\u00e7a \u00f6zg\u00fcn bir mecra olu\u015fturdu\u011funa da de\u011finen Al\u0131c\u0131, bu alandaki uygulamalar\u0131yla da dikkat \u00e7ekti\u011fini vurgulad\u0131. Al\u0131c\u0131 makalesinde \u00fcreten belediyecilik kapsam\u0131nda Toroslar Belediyesi\u2019nin dikkat \u00e7eken faaliyetlerini, engelli bireylerin engel durumuna g\u00f6re mesleki e\u011fitimler veren engelliler akademisi, \u00fcreticileri direk t\u00fcketiciyle bulu\u015fturmak ad\u0131na \u00fcretici ve k\u00f6yl\u00fc pazarlar\u0131, \u00e7ok ama\u00e7l\u0131 gen\u00e7lik merkezleri, yayla ve eko turizmini \u00f6n plana \u00e7\u0131kartmak i\u00e7in bungalov yayla evleri ve botanik park\u0131, kentsel esteti\u011fin sa\u011flanmas\u0131 amac\u0131yla cadde ve bulvarlarda cephe d\u00fczenlemesi, kentin iklimi ile uyumlu alternatif bitki ve a\u011fa\u00e7lar\u0131n yeti\u015ftirilmesi \u015feklinde ba\u015fl\u0131klar halinde s\u0131ralad\u0131. \u00d6zellikle kentin iklimi ile uyumlu alternatif bitki ve a\u011fa\u00e7lar\u0131n yeti\u015ftirilmesi \u00e7al\u0131\u015fmalar\u0131n\u0131n bu kapsamda \u00f6nemli bir yeri oldu\u011funa de\u011finen Al\u0131c\u0131, Toroslar Belediyesi\u2019nin bu \u00e7al\u0131\u015fmas\u0131yla di\u011fer belediyelere nazaran \u00f6zg\u00fcn bir politika belirleyerek \u00fcreticiyi ve k\u00f6yl\u00fcy\u00fc destekledi\u011fini belirtti.\u00a0<\/span><br style=\"box-sizing: border-box; font-family: sans-serif; font-size: 14px; line-height: 20px; text-align: justify; background-color: rgb(242, 244, 245);\" \/><br \/>\n<span style=\"font-family: sans-serif; line-height: 20px; text-align: justify; background-color: rgb(242, 244, 245);\">Toroslar Belediye Ba\u015fkan\u0131 Hamit Tuna, Toroslar Belediyesi\u2019nin \u00fcretici belediyecilik uygulamalar\u0131n\u0131n uluslararas\u0131 hakemli bir dergide yay\u0131mlanmas\u0131n\u0131n ve akademik bir ara\u015ft\u0131rmada yer verilmesinin mutluluk verici oldu\u011funu s\u00f6yledi. Bir \u00fclkenin kurtulu\u015funun re\u00e7etesinin \u00fcretimden ge\u00e7ti\u011fini vurgulayan Tuna, g\u00f6reve geldikleri 14 y\u0131lda \u00f6ncelikle Toroslar Belediyesi\u2019ni \u00fcreten bir yap\u0131ya kavu\u015fturduklar\u0131n\u0131 vurgulad\u0131. Tuna, &#8220;\u00dclke ekonomisinin kurtulu\u015funun re\u00e7etesi \u00fcretimden ge\u00e7er mant\u0131\u011f\u0131yla belediyemizin at\u00f6lyelerinde \u015fuan t\u00fcm bank, \u00e7\u00f6p kovas\u0131, elektrik dire\u011fi, ferforje ve ah\u015fap i\u015flerini kendimiz yap\u0131yoruz. Az parayla \u00e7ok i\u015f yapma sevdas\u0131 i\u00e7erisindeyiz. Gelirleri israf etmeden hizmete d\u00f6n\u00fc\u015ft\u00fcrmekte ve b\u00f6ylelikle milli ekonomiye de katk\u0131da bulunmaktay\u0131z. Kentimizin ekolojik dengesine uzun vadede yarar sa\u011flayacak projelere imza at\u0131yoruz. Bilimin \u0131\u015f\u0131\u011f\u0131nda \u015fehir ile \u00fcniversiteyi kayna\u015ft\u0131rma anlam\u0131nda kentimizdeki \u00fc\u00e7 \u00dcniversitesi ile ortak projelerimiz var. \u00dcniversitelerimiz ile ortak proje \u00fcreten tek belediyeyiz ve projelerin s\u00fcrd\u00fcr\u00fclebilir olmas\u0131 bizim i\u00e7in \u00e7ok \u00f6nemli&#8221; dedi.\u00a0<\/span><\/span><\/p>\n","protected":false},"excerpt":{"rendered":"<p>Mersin&#8217;in merkez il\u00e7e Toroslar Belediyesi, uluslararas\u0131 akademik sosyal bilimler dergisi Asos Journal\u2019da kamu i\u00e7 denet\u00e7isi Dr. Orhan Veli Al\u0131c\u0131\u2019n\u0131n makalesine konu oldu. Kamu i\u00e7 denet\u00e7isi Al\u0131c\u0131, T\u00fcrkiye genelinde belediyelerle ilgili &hellip; <a href=\"https:\/\/akdenizolaygazetesi.com\/?p=1543\" class=\"more-link\">Devam\u0131n\u0131 Oku&#8230;<\/a><\/p>\n","protected":false},"author":1,"featured_media":0,"comment_status":"open","ping_status":"open","sticky":false,"template":"","format":"standard","meta":[],"categories":[],"tags":[],"_links":{"self":[{"href":"https:\/\/akdenizolaygazetesi.com\/index.php?rest_route=\/wp\/v2\/posts\/1543"}],"collection":[{"href":"https:\/\/akdenizolaygazetesi.com\/index.php?rest_route=\/wp\/v2\/posts"}],"about":[{"href":"https:\/\/akdenizolaygazetesi.com\/index.php?rest_route=\/wp\/v2\/types\/post"}],"author":[{"embeddable":true,"href":"https:\/\/akdenizolaygazetesi.com\/index.php?rest_route=\/wp\/v2\/users\/1"}],"replies":[{"embeddable":true,"href":"https:\/\/akdenizolaygazetesi.com\/index.php?rest_route=%2Fwp%2Fv2%2Fcomments&post=1543"}],"version-history":[{"count":0,"href":"https:\/\/akdenizolaygazetesi.com\/index.php?rest_route=\/wp\/v2\/posts\/1543\/revisions"}],"wp:attachment":[{"href":"https:\/\/akdenizolaygazetesi.com\/index.php?rest_route=%2Fwp%2Fv2%2Fmedia&parent=1543"}],"wp:term":[{"taxonomy":"category","embeddable":true,"href":"https:\/\/akdenizolaygazetesi.com\/index.php?rest_route=%2Fwp%2Fv2%2Fcategories&post=1543"},{"taxonomy":"post_tag","embeddable":true,"href":"https:\/\/akdenizolaygazetesi.com\/index.php?rest_route=%2Fwp%2Fv2%2Ftags&post=1543"}],"curies":[{"name":"wp","href":"https:\/\/api.w.org\/{rel}","templated":true}]}}