{"id":15445,"date":"2021-12-02T13:39:33","date_gmt":"2021-12-02T10:39:33","guid":{"rendered":"http:\/\/akdenizolaygazetesi.com\/?p=15445"},"modified":"2021-12-02T13:39:33","modified_gmt":"2021-12-02T10:39:33","slug":"cozum-yeri-savciliklardir-mahkemelerdir","status":"publish","type":"post","link":"https:\/\/akdenizolaygazetesi.com\/?p=15445","title":{"rendered":"\u201c\u00c7\u00f6z\u00fcm yeri savc\u0131l\u0131klard\u0131r, mahkemelerdir\u201d"},"content":{"rendered":"<p>Akdeniz Belediye Ba\u015fkan\u0131 Mustafa G\u00fcltak; Mersin B\u00fcy\u00fck\u015fehir Belediye Meclisi\u2019nin Kas\u0131m ay\u0131 \u00fc\u00e7\u00fcnc\u00fc birle\u015fiminde; s\u00f6z\u00fcn\u00fcn B\u00fcy\u00fck\u015fehir Belediye Ba\u015fkan\u0131 Vahap Se\u00e7er taraf\u0131ndan yine kesilmesi ve toplant\u0131ya verilen arada ya\u015fananlara tepki g\u00f6sterdi. Ba\u015fkan Mustafa G\u00fcltak; \u201c\u00c7aml\u0131bel Marina projesi ile ilgili olarak bize ve Say\u0131n Bakanlar\u0131m\u0131za iftira at\u0131lmas\u0131n\u0131 asla kabul edemeyiz. Say\u0131n Se\u00e7er\u2019i ispata davet ediyor, varsa elinde bilgi-belge savc\u0131l\u0131\u011fa su\u00e7 duyurusunda bulunmaya \u00e7a\u011f\u0131r\u0131yorum\u201d dedi.<br \/>\nAkdeniz Belediye Ba\u015fkan\u0131 M. Mustafa G\u00fcltak, Mersin B\u00fcy\u00fck\u015fehir Belediyesi Kas\u0131m ay\u0131 Meclis toplant\u0131s\u0131nda ya\u015fananlara ili\u015fkin bir a\u00e7\u0131klama yapt\u0131. \u201cBen de t\u0131pk\u0131 Say\u0131n Vahap Se\u00e7er gibi halk\u0131m\u0131z taraf\u0131ndan se\u00e7ilmi\u015f ve g\u00f6reve gelmi\u015f bir belediye ba\u015fkan\u0131y\u0131m\u201d diyen Ba\u015fkan G\u00fcltak; \u201cMeclis toplant\u0131s\u0131nda Vahap Se\u00e7er taraf\u0131ndan \u00fczerime at\u0131lan iftira nedeniyle s\u00f6z al\u0131p, kamuoyunu ve bas\u0131n\u0131 bilgilendirmek istedim. Fakat \u00f6nceki toplant\u0131larda oldu\u011fu gibi bana yine s\u00f6z verilmedi, mikrofonum kapat\u0131l\u0131p sesim kesildi. Ne kentimizin ne de Meclisin gerilmesini istemiyoruz. Fakat Say\u0131n Se\u00e7er de \u2018meclis d\u00fczenini sa\u011fl\u0131yorum\u2019 gibi bir gerek\u00e7eye s\u0131\u011f\u0131narak, Meclis \u00fcyeleri ve belediye ba\u015fkanlar\u0131na iftira atamaz, hakaretamiz s\u00f6z ve ifadeler, yak\u0131\u015ft\u0131rmalar kullanamaz\u201d diye konu\u015ftu.<\/p>\n<p>\u201c\u00c7\u00f6z\u00fcm yeri savc\u0131l\u0131klard\u0131r, mahkemelerdir\u201d<\/p>\n<p>S\u00f6zlerini; \u201c\u015eerefli ve namuslu bir insan ve belediye ba\u015fkan\u0131 olarak, \u2018\u00e7amur at izi kals\u0131n, y\u0131prans\u0131nlar\u2019 \u015feklindeki tutumun kar\u015f\u0131s\u0131nday\u0131z, bunu asla kabul edemeyiz\u201d \u015feklinde s\u00fcrd\u00fcren Ba\u015fkan Mustafa G\u00fcltak; \u201c\u00c7aml\u0131bel Marina Projesi ile ilgili olarak belediye olarak bize veya Bakanlar\u0131m\u0131za isnat edilen iddialarla ilgili olarak Say\u0131n Vahap Se\u00e7er\u2019i ispata davet ediyoruz.<br \/>\nDemokrasilerde bu t\u00fcr iddia ve su\u00e7 isnatlar\u0131n\u0131n \u00e7\u00f6z\u00fcm yeri savc\u0131l\u0131klar, mahkemelerdir. Varsa elindeki bilgi ve belgelerle Savc\u0131l\u0131\u011fa su\u00e7 duyurusunda bulunmas\u0131 i\u00e7in Vahap Beyi davet ediyorum. Bize y\u00f6nelik iftira i\u00e7erikli iddialar\u0131 nedeniyle de kendisini \u015fiddetle k\u0131n\u0131yorum\u201d ifadelerini kulland\u0131.<\/p>\n<p>\u201c\u0130ftiralar kar\u015f\u0131s\u0131nda susmayacak, hakk\u0131m\u0131z\u0131 savunaca\u011f\u0131z\u201d<\/p>\n<p>Akdeniz Belediye Ba\u015fkan\u0131 G\u00fcltak; Mersin B\u00fcy\u00fck\u015fehir Belediyesi Meclis toplant\u0131s\u0131na verilen ara esnas\u0131nda, d\u0131\u015far\u0131da ya\u015fanan arbedede bir \u015fahs\u0131n \u00fczerine y\u00fcr\u00fcmesi ile ilgili olarak da Mersin Cumhuriyet Savc\u0131l\u0131\u011f\u0131\u2019n\u0131n soru\u015fturma ba\u015flatt\u0131\u011f\u0131n\u0131 ifade etti. Ba\u015fkan G\u00fcltak, s\u00f6zlerini \u015f\u00f6yle s\u00fcrd\u00fcrd\u00fc;<br \/>\n\u201cMeclis salonundan \u00e7\u0131karken belediye \u00e7al\u0131\u015fan\u0131 oldu\u011fu iddia edilen bir ki\u015fi \u00fczerime y\u00fcr\u00fcd\u00fc. Araya giren korumalar\u0131m, bu ki\u015fiyi uzakla\u015ft\u0131rmak i\u00e7in m\u00fcdahale etti. \u015eah\u0131slar, koruma polislerime mukavemette de bulunarak g\u00f6revlerini yapmalar\u0131n\u0131 engellediler. Bunun \u00fczerine koruma polislerim, Cumhuriyet Savc\u0131l\u0131\u011f\u0131\u2019na ba\u015fvurup bu ki\u015fiden \u015fik\u00e2yet\u00e7i oldu.<br \/>\nB\u00fcy\u00fck\u015fehir belediyesi personeli oldu\u011fu iddia edilen bu ki\u015filerin Meclis toplant\u0131 salonunda ne i\u015fi vard\u0131r? Bu ki\u015filer nereden cesaret alarak \u00fczerime y\u00fcr\u00fcm\u00fc\u015flerdir? Bu durum, kafalarda soru i\u015faretleri yaratm\u0131\u015ft\u0131r. Konuyla ilgili art\u0131k hukuki s\u00fcre\u00e7 i\u015fleyecektir. Bilinmelidir ki do\u011fru bildi\u011fimiz yoldan ayr\u0131lmayaca\u011f\u0131z ve iftiralar kar\u015f\u0131s\u0131nda susmayaca\u011f\u0131z. Hakk\u0131m\u0131z\u0131 ve hukukumuzu savunmaktan hi\u00e7bir zaman vazge\u00e7meyece\u011fiz.\u201d<\/p>\n","protected":false},"excerpt":{"rendered":"<p>Akdeniz Belediye Ba\u015fkan\u0131 Mustafa G\u00fcltak; Mersin B\u00fcy\u00fck\u015fehir Belediye Meclisi\u2019nin Kas\u0131m ay\u0131 \u00fc\u00e7\u00fcnc\u00fc birle\u015fiminde; s\u00f6z\u00fcn\u00fcn B\u00fcy\u00fck\u015fehir Belediye Ba\u015fkan\u0131 Vahap Se\u00e7er taraf\u0131ndan yine kesilmesi ve toplant\u0131ya verilen arada ya\u015fananlara tepki g\u00f6sterdi. Ba\u015fkan &hellip; <a href=\"https:\/\/akdenizolaygazetesi.com\/?p=15445\" class=\"more-link\">Devam\u0131n\u0131 Oku&#8230;<\/a><\/p>\n","protected":false},"author":2,"featured_media":15446,"comment_status":"open","ping_status":"open","sticky":false,"template":"","format":"standard","meta":[],"categories":[8,1,2,3,5],"tags":[],"_links":{"self":[{"href":"https:\/\/akdenizolaygazetesi.com\/index.php?rest_route=\/wp\/v2\/posts\/15445"}],"collection":[{"href":"https:\/\/akdenizolaygazetesi.com\/index.php?rest_route=\/wp\/v2\/posts"}],"about":[{"href":"https:\/\/akdenizolaygazetesi.com\/index.php?rest_route=\/wp\/v2\/types\/post"}],"author":[{"embeddable":true,"href":"https:\/\/akdenizolaygazetesi.com\/index.php?rest_route=\/wp\/v2\/users\/2"}],"replies":[{"embeddable":true,"href":"https:\/\/akdenizolaygazetesi.com\/index.php?rest_route=%2Fwp%2Fv2%2Fcomments&post=15445"}],"version-history":[{"count":1,"href":"https:\/\/akdenizolaygazetesi.com\/index.php?rest_route=\/wp\/v2\/posts\/15445\/revisions"}],"predecessor-version":[{"id":15447,"href":"https:\/\/akdenizolaygazetesi.com\/index.php?rest_route=\/wp\/v2\/posts\/15445\/revisions\/15447"}],"wp:featuredmedia":[{"embeddable":true,"href":"https:\/\/akdenizolaygazetesi.com\/index.php?rest_route=\/wp\/v2\/media\/15446"}],"wp:attachment":[{"href":"https:\/\/akdenizolaygazetesi.com\/index.php?rest_route=%2Fwp%2Fv2%2Fmedia&parent=15445"}],"wp:term":[{"taxonomy":"category","embeddable":true,"href":"https:\/\/akdenizolaygazetesi.com\/index.php?rest_route=%2Fwp%2Fv2%2Fcategories&post=15445"},{"taxonomy":"post_tag","embeddable":true,"href":"https:\/\/akdenizolaygazetesi.com\/index.php?rest_route=%2Fwp%2Fv2%2Ftags&post=15445"}],"curies":[{"name":"wp","href":"https:\/\/api.w.org\/{rel}","templated":true}]}}