{"id":15448,"date":"2021-12-02T13:42:50","date_gmt":"2021-12-02T10:42:50","guid":{"rendered":"http:\/\/akdenizolaygazetesi.com\/?p=15448"},"modified":"2021-12-02T13:42:50","modified_gmt":"2021-12-02T10:42:50","slug":"engelli-olmak-tum-zamanlarin-ve-toplumlarin-degismez-bir-gercegidir","status":"publish","type":"post","link":"https:\/\/akdenizolaygazetesi.com\/?p=15448","title":{"rendered":"&#8220;Engelli olmak t\u00fcm zamanlar\u0131n ve toplumlar\u0131n de\u011fi\u015fmez bir ger\u00e7e\u011fidir&#8221;"},"content":{"rendered":"<p>Mersin B\u00fcy\u00fck\u015fehir Belediye Ba\u015fkan\u0131 Vahap Se\u00e7er, \u201c3 Aral\u0131k D\u00fcnya Engelliler G\u00fcn\u00fc\u201d dolay\u0131s\u0131yla bir mesaj yay\u0131mlad\u0131. Ba\u015fkan Se\u00e7er\u2019in mesaj\u0131 \u015f\u00f6yle:<\/p>\n<p>\u201cEngelli olmak t\u00fcm zamanlar\u0131n ve toplumlar\u0131n de\u011fi\u015fmez bir ger\u00e7e\u011fidir. Bireylerin, temel hak ve \u00f6zg\u00fcrl\u00fcklerden tam ve e\u015fit olarak yararlanabilmesi, i\u015f, e\u011fitim, sa\u011fl\u0131k, ula\u015f\u0131m ve sosyal haklar y\u00f6n\u00fcnden ayr\u0131ms\u0131z t\u00fcm vatanda\u015flar\u0131n faydalanmas\u0131; geli\u015fmi\u015flik d\u00fczeyinin belirlenmesinde \u00e7ok \u00f6nemli bir g\u00f6stergedir.<\/p>\n<p>Mersin B\u00fcy\u00fck\u015fehir Belediyesi olarak, bizler de kentimizi daha \u00e7a\u011fda\u015f bir kent haline getirmek ve \u00fclkemizi medeniyetler seviyesinin \u00fczerine \u00e7\u0131karmak hedefiyle \u00e7al\u0131\u015fmalar\u0131m\u0131z\u0131 y\u00fcr\u00fctmekteyiz.<\/p>\n<p>Bu bilin\u00e7le; t\u00fcm engelli bireylerimizin kent ya\u015fam\u0131nda kendilerini rahat hissedebilmesi, her t\u00fcrl\u00fc olanak ve hizmetten yararlanabilmesi i\u00e7in \u00e7al\u0131\u015fmalar\u0131m\u0131z\u0131 s\u00fcrd\u00fcr\u00fcyoruz. Engelli vatanda\u015flar\u0131m\u0131z\u0131n hayat kalitelerini y\u00fckseltmek, ya\u015fad\u0131klar\u0131 sorunlar\u0131n \u00f6n\u00fcne ge\u00e7mek ve topluma kazand\u0131r\u0131lmalar\u0131n\u0131 sa\u011flamak i\u00e7in \u00f6nemli ad\u0131mlar at\u0131yoruz.<\/p>\n<p>Bu do\u011frultuda; Engelsiz Ya\u015fam Park\u0131\u2019n\u0131 kentimize kazand\u0131rd\u0131k ve \u00f6zellikle engelli \u00e7ocuklar ve ailelerinin hizmetine a\u00e7t\u0131k. Ayr\u0131ca, Halkkent\u2019teki Engelsiz Ya\u015fam Merkezimizde engelli bireylerin hayat standartlar\u0131n\u0131n iyile\u015ftirilmesi ve y\u00fckseltilmesi i\u00e7in sosyal, k\u00fclt\u00fcrel ve sportif pek \u00e7ok faaliyet ger\u00e7ekle\u015ftiriyoruz. Bu Merkezimizdeki Mola Evi\u2019nde mesleki, bilgisayar ve hobi kurslar\u0131na kadar pek \u00e7ok hizmeti engelli vatanda\u015flar\u0131m\u0131za sunuyoruz.<\/p>\n<p>Evde bak\u0131m hizmetlerimizle ya\u015f alm\u0131\u015f yurtta\u015flar\u0131m\u0131z\u0131n yan\u0131 s\u0131ra engelli vatanda\u015flar\u0131m\u0131z\u0131n da evlerini d\u00fczenli olarak temizliyor, s\u0131cak yemek ihtiya\u00e7lar\u0131n\u0131 kar\u015f\u0131l\u0131yor, ihtiya\u00e7lar\u0131 halinde \u00f6zel ta\u015f\u0131ma ara\u00e7lar\u0131yla k\u00fclt\u00fcrel, sosyal, sportif faaliyetlere ve hastanelere ula\u015fmalar\u0131n\u0131 sa\u011fl\u0131yoruz. \u0130mkanlar\u0131m\u0131z \u00e7er\u00e7evesinde, yine ihtiya\u00e7 sahibi oldu\u011funu belgeleyen t\u00fcm engelli vatanda\u015flar\u0131m\u0131za; tekerlekli sandalye, ak\u00fcl\u00fc ara\u00e7, baston, braille veya konu\u015fan saat, i\u015fitme cihaz\u0131 ve benzeri protez ile ortez gibi ihtiya\u00e7lar\u0131n\u0131 da temin ediyoruz.<\/p>\n<p>Hepimizin bir engelli aday\u0131 oldu\u011fundan hareketle, ula\u015f\u0131mdan e\u011fitime, \u00e7al\u0131\u015fma hayat\u0131ndan sa\u011fl\u0131k hizmetlerine var\u0131ncaya kadar her alanda engelli vatanda\u015flar\u0131m\u0131z i\u00e7in sorumlulu\u011fumuzu yerine getirmeye ve \u201cEngelsiz Mersin\u201d i\u00e7in \u00e7al\u0131\u015fmaya devam edece\u011fiz.<\/p>\n<p>Engelsiz bir gelecek i\u00e7in m\u00fccadele eden t\u00fcm vatanda\u015flar\u0131m\u0131z\u0131n, \u00f6n\u00fcndeki engelleri azimle, inan\u00e7la a\u015fan t\u00fcm engelli karde\u015flerimin ve ailelerinin 3 Aral\u0131k D\u00fcnya Engelliler G\u00fcn\u00fc\u2019n\u00fc i\u00e7tenlikle kutluyor; t\u00fcm hem\u015fehrilerime sa\u011fl\u0131kl\u0131, mutlu ve huzur dolu bir hayat diliyorum.\u201d<\/p>\n","protected":false},"excerpt":{"rendered":"<p>Mersin B\u00fcy\u00fck\u015fehir Belediye Ba\u015fkan\u0131 Vahap Se\u00e7er, \u201c3 Aral\u0131k D\u00fcnya Engelliler G\u00fcn\u00fc\u201d dolay\u0131s\u0131yla bir mesaj yay\u0131mlad\u0131. Ba\u015fkan Se\u00e7er\u2019in mesaj\u0131 \u015f\u00f6yle: \u201cEngelli olmak t\u00fcm zamanlar\u0131n ve toplumlar\u0131n de\u011fi\u015fmez bir ger\u00e7e\u011fidir. Bireylerin, temel &hellip; <a href=\"https:\/\/akdenizolaygazetesi.com\/?p=15448\" class=\"more-link\">Devam\u0131n\u0131 Oku&#8230;<\/a><\/p>\n","protected":false},"author":2,"featured_media":15449,"comment_status":"open","ping_status":"open","sticky":false,"template":"","format":"standard","meta":[],"categories":[1,2,3,5],"tags":[],"_links":{"self":[{"href":"https:\/\/akdenizolaygazetesi.com\/index.php?rest_route=\/wp\/v2\/posts\/15448"}],"collection":[{"href":"https:\/\/akdenizolaygazetesi.com\/index.php?rest_route=\/wp\/v2\/posts"}],"about":[{"href":"https:\/\/akdenizolaygazetesi.com\/index.php?rest_route=\/wp\/v2\/types\/post"}],"author":[{"embeddable":true,"href":"https:\/\/akdenizolaygazetesi.com\/index.php?rest_route=\/wp\/v2\/users\/2"}],"replies":[{"embeddable":true,"href":"https:\/\/akdenizolaygazetesi.com\/index.php?rest_route=%2Fwp%2Fv2%2Fcomments&post=15448"}],"version-history":[{"count":1,"href":"https:\/\/akdenizolaygazetesi.com\/index.php?rest_route=\/wp\/v2\/posts\/15448\/revisions"}],"predecessor-version":[{"id":15450,"href":"https:\/\/akdenizolaygazetesi.com\/index.php?rest_route=\/wp\/v2\/posts\/15448\/revisions\/15450"}],"wp:featuredmedia":[{"embeddable":true,"href":"https:\/\/akdenizolaygazetesi.com\/index.php?rest_route=\/wp\/v2\/media\/15449"}],"wp:attachment":[{"href":"https:\/\/akdenizolaygazetesi.com\/index.php?rest_route=%2Fwp%2Fv2%2Fmedia&parent=15448"}],"wp:term":[{"taxonomy":"category","embeddable":true,"href":"https:\/\/akdenizolaygazetesi.com\/index.php?rest_route=%2Fwp%2Fv2%2Fcategories&post=15448"},{"taxonomy":"post_tag","embeddable":true,"href":"https:\/\/akdenizolaygazetesi.com\/index.php?rest_route=%2Fwp%2Fv2%2Ftags&post=15448"}],"curies":[{"name":"wp","href":"https:\/\/api.w.org\/{rel}","templated":true}]}}