{"id":15451,"date":"2021-12-02T13:44:45","date_gmt":"2021-12-02T10:44:45","guid":{"rendered":"http:\/\/akdenizolaygazetesi.com\/?p=15451"},"modified":"2021-12-02T13:44:45","modified_gmt":"2021-12-02T10:44:45","slug":"eserlerin-tamami-ozel-gereksinimli-bireylerimiz-tarafindan-yapildi","status":"publish","type":"post","link":"https:\/\/akdenizolaygazetesi.com\/?p=15451","title":{"rendered":"\u201cEserlerin tamam\u0131 \u00f6zel gereksinimli bireylerimiz taraf\u0131ndan yap\u0131ld\u0131\u201d"},"content":{"rendered":"<p>Mersin B\u00fcy\u00fck\u015fehir Belediyesi, \u201cEngelleri \u00c7al\u0131\u015farak A\u015f\u0131yoruz\u201d slogan\u0131yla \u201c3 Aral\u0131k D\u00fcnya Engelliler G\u00fcn\u00fc\u201d kapsam\u0131nda kentte \u00e7e\u015fitli etkinlikler d\u00fczenliyor.<\/p>\n<p>B\u00fcy\u00fck\u015fehir Belediyesi Engelliler ve Sa\u011fl\u0131k Hizmetleri Dairesi\u2019nin \u00f6nc\u00fcl\u00fc\u011f\u00fcnde Palm City Al\u0131\u015fveri\u015f Merkezi\u2019nde \u201cEngelsiz El Sanatlar\u0131 Sergisi\u2019 a\u00e7\u0131ld\u0131. Sergide, B\u00fcy\u00fck\u015fehir Belediyesi Engelsiz Ya\u015fam Merkezi\u2019nin El Sanatlar\u0131 ve Seramik Kurslar\u0131nda e\u011fitim alan 19 \u00f6zel gereksinimli bireyin el eme\u011fi \u00fcr\u00fcnleri yer al\u0131yor. Sergi, 5 Aral\u0131k\u2019a kadar a\u00e7\u0131k kalacak. Sergide \u00e7ak\u0131l ta\u015f\u0131ndan panolar, seramik objeler ve \u00f6\u011frencilerin kurstaki foto\u011fraflar yer al\u0131yor. \u00d6zel gereksinimli bireyler a\u00e7t\u0131klar\u0131 bu sergi ile sanat\u0131n engel tan\u0131mayaca\u011f\u0131n\u0131 bir kez daha g\u00f6stermi\u015f oldu.<\/p>\n<p>\u201cEserlerin tamam\u0131 \u00f6zel gereksinimli bireylerimiz taraf\u0131ndan yap\u0131ld\u0131\u201d<\/p>\n<p>Engelsiz Ya\u015fam Merkezi\u2019nde Seramik \u00d6\u011fretmeni olarak g\u00f6rev yapan M\u00fcrsel Y\u0131lmaz, \u201cBurada el sanatlar\u0131 ve seramik sergimiz var. \u00d6zel gereksinimli \u00f6\u011frencilerimizin yapm\u0131\u015f olduklar\u0131 \u00fcr\u00fcnleri sergiliyoruz. Erdemli \u00c7aml\u0131\u011f\u0131\u2019ndan toplad\u0131\u011f\u0131m\u0131z ta\u015flar\u0131 panoya d\u00f6n\u00fc\u015ft\u00fcrd\u00fck, ayr\u0131ca ta\u015f bebeklerimiz var. Bu \u015fekilde \u00fcr\u00fcnlerimizi sergilemekteyiz. Eserlerin tamam\u0131 19 \u00f6zel gereksinimli bireyimiz taraf\u0131ndan yap\u0131ld\u0131 ve son dokunu\u015flar\u0131 \u00f6\u011fretmenler olarak biz verdik\u201d dedi.<\/p>\n","protected":false},"excerpt":{"rendered":"<p>Mersin B\u00fcy\u00fck\u015fehir Belediyesi, \u201cEngelleri \u00c7al\u0131\u015farak A\u015f\u0131yoruz\u201d slogan\u0131yla \u201c3 Aral\u0131k D\u00fcnya Engelliler G\u00fcn\u00fc\u201d kapsam\u0131nda kentte \u00e7e\u015fitli etkinlikler d\u00fczenliyor. B\u00fcy\u00fck\u015fehir Belediyesi Engelliler ve Sa\u011fl\u0131k Hizmetleri Dairesi\u2019nin \u00f6nc\u00fcl\u00fc\u011f\u00fcnde Palm City Al\u0131\u015fveri\u015f Merkezi\u2019nde \u201cEngelsiz &hellip; <a href=\"https:\/\/akdenizolaygazetesi.com\/?p=15451\" class=\"more-link\">Devam\u0131n\u0131 Oku&#8230;<\/a><\/p>\n","protected":false},"author":2,"featured_media":15452,"comment_status":"open","ping_status":"open","sticky":false,"template":"","format":"standard","meta":[],"categories":[1,2,3],"tags":[],"_links":{"self":[{"href":"https:\/\/akdenizolaygazetesi.com\/index.php?rest_route=\/wp\/v2\/posts\/15451"}],"collection":[{"href":"https:\/\/akdenizolaygazetesi.com\/index.php?rest_route=\/wp\/v2\/posts"}],"about":[{"href":"https:\/\/akdenizolaygazetesi.com\/index.php?rest_route=\/wp\/v2\/types\/post"}],"author":[{"embeddable":true,"href":"https:\/\/akdenizolaygazetesi.com\/index.php?rest_route=\/wp\/v2\/users\/2"}],"replies":[{"embeddable":true,"href":"https:\/\/akdenizolaygazetesi.com\/index.php?rest_route=%2Fwp%2Fv2%2Fcomments&post=15451"}],"version-history":[{"count":1,"href":"https:\/\/akdenizolaygazetesi.com\/index.php?rest_route=\/wp\/v2\/posts\/15451\/revisions"}],"predecessor-version":[{"id":15453,"href":"https:\/\/akdenizolaygazetesi.com\/index.php?rest_route=\/wp\/v2\/posts\/15451\/revisions\/15453"}],"wp:featuredmedia":[{"embeddable":true,"href":"https:\/\/akdenizolaygazetesi.com\/index.php?rest_route=\/wp\/v2\/media\/15452"}],"wp:attachment":[{"href":"https:\/\/akdenizolaygazetesi.com\/index.php?rest_route=%2Fwp%2Fv2%2Fmedia&parent=15451"}],"wp:term":[{"taxonomy":"category","embeddable":true,"href":"https:\/\/akdenizolaygazetesi.com\/index.php?rest_route=%2Fwp%2Fv2%2Fcategories&post=15451"},{"taxonomy":"post_tag","embeddable":true,"href":"https:\/\/akdenizolaygazetesi.com\/index.php?rest_route=%2Fwp%2Fv2%2Ftags&post=15451"}],"curies":[{"name":"wp","href":"https:\/\/api.w.org\/{rel}","templated":true}]}}