{"id":1546,"date":"2020-11-04T18:22:06","date_gmt":"2020-11-04T15:22:06","guid":{"rendered":"http:\/\/mersinekonomipolitikagazetesi.com\/?p=1546"},"modified":"2020-11-04T18:22:06","modified_gmt":"2020-11-04T15:22:06","slug":"ataturkun-mersine-gelisinin-95-yil-kutlamasi","status":"publish","type":"post","link":"https:\/\/akdenizolaygazetesi.com\/?p=1546","title":{"rendered":"ATAT\u00dcRK&#8217;\u00dcN MERS\u0130N&#8217;E GEL\u0130\u015e\u0130N\u0130N 95. YIL KUTLAMASI"},"content":{"rendered":"<p>Atat\u00fcrk&#8217;\u00fcn Mersin&#8217;e geli\u015finin 95. y\u0131l d\u00f6n\u00fcm\u00fc bug\u00fcn Mersin Gar\u0131\u2019nda  \u015fiirler ve halk oyunlar\u0131 g\u00f6sterileriyle kutlanacak.<\/p>\n<div id=\":4\">\n<div id=\":2\">\n<div role=\"main\">\n<table cellpadding=\"0\" role=\"presentation\" style=\"width:1630px;\">\n<tbody>\n<tr>\n<td>\n<div role=\"list\">\n<div role=\"listitem\" style=\"clear:both;\" tabindex=\"-1\">\n<div id=\":1ze\">\n<div data-legacy-message-id=\"1622ea373d7d5bc9\" data-message-id=\"1622ea373d7d5bc9\">\n<div style=\"margin-left:44px;\">\n<div id=\":1yn\">\n<div id=\":1y7\">\n<div dir=\"auto\">\n<blockquote type=\"cite\">\n<div>\n<div dir=\"ltr\">\n<p>\n\t\t\t<span style=\"font-size:16px;\">Yap\u0131lacak olan Atat\u00fcrk&#8217;\u00fcn Mersin&#8217;e geli\u015finin 95. y\u0131l d\u00f6n\u00fcm\u00fc kutlamas\u0131 Mersin Gar\u0131\u2019nda saat 10.30&#8217;da d\u00fczenlenecek.<\/span><\/p>\n<p><span style=\"font-size:16px;\">Atat\u00fcrk&#8217;\u00fcn Mersin&#8217;e geli\u015finin 95. y\u0131l d\u00f6n\u00fcm\u00fcn\u00fc i\u00e7in\u00a0Mersin B\u00fcy\u00fck\u015fehir Belediye Ba\u015fkan\u0131 Burhanettin Kocamaz\u00a0da duyars\u0131z kalmad\u0131. Ger\u00e7ekle\u015fecek olan kutlamada i\u00e7in Kocamaz, Atat\u00fcrk\u2019\u00fcn Mersin\u2019e geli\u015finin 95. y\u0131l d\u00f6n\u00fcm\u00fcn\u00fc yay\u0131mlad\u0131\u011f\u0131 bir\u00a0\u00a0mesajla kutlad\u0131.<\/span><\/p>\n<p>\u00a0<\/p>\n<p><span style=\"font-size:16px;\">\u201cULU \u00d6NDER \u2018MERS\u0130N\u2019E SAH\u0130P \u00c7IKINIZ\u2019 DEM\u0130\u015eT\u0130R\u201d<\/span><\/p>\n<p>\u00a0<\/p>\n<p><span style=\"font-size:16px;\">Ulu \u00d6nder Atat\u00fcrk\u2019\u00fcn Mersin\u2019e geldi\u011fi ilk g\u00fcn\u00fcn \u00f6nemi daha b\u00fcy\u00fck oldu\u011funu kaydeden Kocamaz: \u201cAtat\u00fcrk, 17 Mart 1923 tarihinde Kuva-yi Milliye hareketinin en ate\u015fli ya\u015fand\u0131\u011f\u0131 \u015fehirlerden birisi olan Mersin\u2019e ziyaret ger\u00e7ekle\u015ftirmi\u015f ve bu tarihten sonra da tam 6 kez Mersin\u2019e gelmi\u015ftir. Ulu \u00d6nder Atat\u00fcrk\u2019\u00fcn Mersin\u2019e geldi\u011fi ilk g\u00fcn\u00fcn \u00f6nemi daha b\u00fcy\u00fckt\u00fcr. Bu tarihte Millet Bah\u00e7esi\u2019nde yapt\u0131\u011f\u0131 konu\u015fmas\u0131nda \u2018Mersinliler, memleketiniz T\u00fcrkiye\u2019nin \u00e7ok m\u00fchim bir yerinde bulunuyor ve \u00f6nemli bir ticaret noktas\u0131d\u0131r. Mersin\u2019e sahip \u00e7\u0131k\u0131n\u0131z\u2019 demi\u015ftir. Biz de Ata\u2019m\u0131z\u0131n bu s\u00f6zlerine istinaden Mersin\u2019i gelece\u011fe g\u00fcvenle ta\u015f\u0131mak ve hak etti\u011fi yere getirmek i\u00e7in var g\u00fcc\u00fcm\u00fczle \u00e7al\u0131\u015fmaya devam ediyoruz\u201d ifadelerini kulland\u0131.<\/span><\/p>\n<div>\n<div aria-label=\"Geni\u015fletilen i\u00e7eri\u011fi gizleyin\" data-tooltip=\"Geni\u015fletilen i\u00e7eri\u011fi gizleyin\" id=\":1yu\" role=\"button\" style=\"clear:both;\" tabindex=\"0\"><span style=\"font-size:16px;\"><img src=\"https:\/\/ssl.gstatic.com\/ui\/v1\/icons\/mail\/images\/cleardot.gif\" style=\"height:8px;width:20px;\" \/><\/span><\/div>\n<\/p><\/div>\n<div>\n<p>\u00a0<\/p>\n<p><span style=\"font-size:16px;\">\u201cB\u00dcY\u00dcK \u00d6NDER\u2019\u0130N MANEV\u0130 HUZURUNDA M\u0130NNET VE SAYGIYLA E\u011e\u0130L\u0130YORUM\u201d<\/span><\/p>\n<p>\u00a0<\/p>\n<p><span style=\"font-size: 16px; font-family: sans-serif, Arial, Verdana, 'Trebuchet MS'; line-height: 1.6em;\">Kocamaz, Atat\u00fcrk\u2019\u00fcn vasiyetini yerine getirmeye ve hayata ge\u00e7irecekleri projelerle Mersin\u2019e sahip \u00e7\u0131kmaya kararl\u0131\u00a0\u00a0olduklar\u0131n\u0131 belirtti.<\/span><\/p>\n<\/p><\/div>\n<\/p><\/div>\n<div>\u00a0<\/div>\n<\/p><\/div>\n<div><span style=\"font-size: 16px; font-family: sans-serif, Arial, Verdana, 'Trebuchet MS'; line-height: 1.6em;\">Kocamaz: \u201c\u00c7\u00fcnk\u00fc O ya\u015fad\u0131\u011f\u0131 d\u00f6nemde halk\u0131n\u0131n refah, huzur ve mutlu bir \u015fekilde ya\u015famas\u0131n\u0131 sa\u011flayacak ad\u0131mlar att\u0131. Bizler de Mustafa Kemal Atat\u00fcrk\u2019\u00fcn y\u0131lmaz savunucusu ve bek\u00e7ileri olarak Mersin\u2019i tarihi de\u011ferleriyle, do\u011fal g\u00fczellikleriyle ve turizm potansiyeliyle \u2018D\u00fcnya Kenti\u2019 yapmak i\u00e7in azim ve kararl\u0131l\u0131kla ilerliyoruz. Atat\u00fcrk\u2019\u00fcn Mersin\u2019i ve Tarsus\u2019u \u015fereflendirdi\u011fi bu anlaml\u0131 g\u00fcnde duyulan heyecan\u0131 halen y\u00fcre\u011fimizde hissediyor, B\u00fcy\u00fck \u00d6nder\u2019in manevi huzurunda minnet ve sayg\u0131yla e\u011filiyor, t\u00fcm Mersin halk\u0131n\u0131n bu co\u015fkulu g\u00fcn\u00fcn\u00fc kutluyor, sevgi ve sayg\u0131lar\u0131m\u0131 sunuyorum\u201d ifadelerini kullanarak mesaj\u0131n\u0131 yay\u0131mlad\u0131.<\/span><\/div>\n<\/blockquote><\/div>\n<\/p><\/div>\n<\/p><\/div>\n<\/p><\/div>\n<\/p><\/div>\n<\/p><\/div>\n<\/p><\/div>\n<\/p><\/div>\n<\/td>\n<\/tr>\n<\/tbody>\n<\/table>\n<div style=\"clear:both;\">\u00a0<\/div>\n<\/div>\n<\/div>\n<\/div>\n","protected":false},"excerpt":{"rendered":"<p>Atat\u00fcrk&#8217;\u00fcn Mersin&#8217;e geli\u015finin 95. y\u0131l d\u00f6n\u00fcm\u00fc bug\u00fcn Mersin Gar\u0131\u2019nda \u015fiirler ve halk oyunlar\u0131 g\u00f6sterileriyle kutlanacak. Yap\u0131lacak olan Atat\u00fcrk&#8217;\u00fcn Mersin&#8217;e geli\u015finin 95. y\u0131l d\u00f6n\u00fcm\u00fc kutlamas\u0131 Mersin Gar\u0131\u2019nda saat 10.30&#8217;da d\u00fczenlenecek. Atat\u00fcrk&#8217;\u00fcn &hellip; <a href=\"https:\/\/akdenizolaygazetesi.com\/?p=1546\" class=\"more-link\">Devam\u0131n\u0131 Oku&#8230;<\/a><\/p>\n","protected":false},"author":1,"featured_media":0,"comment_status":"open","ping_status":"open","sticky":false,"template":"","format":"standard","meta":[],"categories":[],"tags":[],"_links":{"self":[{"href":"https:\/\/akdenizolaygazetesi.com\/index.php?rest_route=\/wp\/v2\/posts\/1546"}],"collection":[{"href":"https:\/\/akdenizolaygazetesi.com\/index.php?rest_route=\/wp\/v2\/posts"}],"about":[{"href":"https:\/\/akdenizolaygazetesi.com\/index.php?rest_route=\/wp\/v2\/types\/post"}],"author":[{"embeddable":true,"href":"https:\/\/akdenizolaygazetesi.com\/index.php?rest_route=\/wp\/v2\/users\/1"}],"replies":[{"embeddable":true,"href":"https:\/\/akdenizolaygazetesi.com\/index.php?rest_route=%2Fwp%2Fv2%2Fcomments&post=1546"}],"version-history":[{"count":0,"href":"https:\/\/akdenizolaygazetesi.com\/index.php?rest_route=\/wp\/v2\/posts\/1546\/revisions"}],"wp:attachment":[{"href":"https:\/\/akdenizolaygazetesi.com\/index.php?rest_route=%2Fwp%2Fv2%2Fmedia&parent=1546"}],"wp:term":[{"taxonomy":"category","embeddable":true,"href":"https:\/\/akdenizolaygazetesi.com\/index.php?rest_route=%2Fwp%2Fv2%2Fcategories&post=1546"},{"taxonomy":"post_tag","embeddable":true,"href":"https:\/\/akdenizolaygazetesi.com\/index.php?rest_route=%2Fwp%2Fv2%2Ftags&post=1546"}],"curies":[{"name":"wp","href":"https:\/\/api.w.org\/{rel}","templated":true}]}}