{"id":15464,"date":"2021-12-03T12:28:45","date_gmt":"2021-12-03T09:28:45","guid":{"rendered":"http:\/\/akdenizolaygazetesi.com\/?p=15464"},"modified":"2021-12-03T12:28:45","modified_gmt":"2021-12-03T09:28:45","slug":"baskan-yilmaz-engellerin-farkindayiz","status":"publish","type":"post","link":"https:\/\/akdenizolaygazetesi.com\/?p=15464","title":{"rendered":"Ba\u015fkan Y\u0131lmaz: &#8220;Engellerin Fark\u0131nday\u0131z&#8221;"},"content":{"rendered":"<p>Toroslar Belediyesi, Engelliler Akademisi&#8217;nde olu\u015fturdu\u011fu &#8220;Engelsiz Tar\u0131m Bah\u00e7esi&#8221; ile \u00fcreterek engelleri a\u015fman\u0131n en g\u00fczel \u00f6rne\u011fini sergiliyor.<\/p>\n<p>Akademide e\u011fitim g\u00f6ren \u00f6zel gereksinimli bireyler, mevsimin ilk fidelerini ekmenin ve toprakla bulu\u015fturduklar\u0131 mahsullerine can suyunu vermenin mutlulu\u011funu ya\u015fad\u0131.<\/p>\n<p>Toroslar Belediye Ba\u015fkan\u0131 Ats\u0131z Af\u015f\u0131n Y\u0131lmaz, \u00f6zel gereksinimli bireyler i\u00e7in her alanda projelerini hayata ge\u00e7irmeye devam ediyor.<\/p>\n<p>Engelli bireylerin sosyal, k\u00fclt\u00fcrel ve sportif faaliyetlerinin yan\u0131 s\u0131ra yetenek ve becerilerini ortaya \u00e7\u0131karan Toroslar Belediyesi&#8217;nin Engelliler Akademisi&#8217;nde olu\u015fturulan &#8216;Engelsiz Tar\u0131m Bah\u00e7esi&#8217; de bu \u00e7al\u0131\u015fmalardan bir tanesi.<\/p>\n<p>Belediye, 3 Aral\u0131k D\u00fcnya Engelliler G\u00fcn\u00fc kapsam\u0131nda Akademide bir etkinlik d\u00fczenledi.<\/p>\n<p>&#8220;Engelleri birlikte a\u015fal\u0131m&#8221; slogan\u0131yla ger\u00e7ekle\u015ftirilen etkinlikte engelli bireyler, Engelsiz Tar\u0131m Bah\u00e7esi&#8217;ne mevsimin ilk fidelerini ekti. Toprakla bulu\u015fturduklar\u0131 fidelere ilk can suyunu da veren \u00f6zel gereksinimli \u00e7ocuklar ve gen\u00e7ler, \u00fcretmenin ve ba\u015farman\u0131n mutlulu\u011funu ya\u015fad\u0131.<\/p>\n<p>Ba\u015fkan Y\u0131lmaz: &#8220;Engellerin Fark\u0131nday\u0131z&#8221;<\/p>\n<p>Toroslar Belediye Ba\u015fkan\u0131 Ats\u0131z Af\u015f\u0131n Y\u0131lmaz, sevgi ve dayan\u0131\u015fma ile engelsiz bir ya\u015fam\u0131 hep birlikte in\u015fa ettiklerini s\u00f6yleyerek; &#8220;Bize d\u00fc\u015fen engelli bireylerimizin hayatlar\u0131n\u0131 kolayla\u015ft\u0131racak yeni ad\u0131mlar at\u0131lmas\u0131na imkan sa\u011flamak ve onlar\u0131n hayallerine dokunmakt\u0131r&#8221; dedi.<\/p>\n<p>Ba\u015fkan Y\u0131lmaz; &#8220;Engelli bireylerimizin desteklenmeleri halinde neleri ba\u015farabildiklerini hep birlikte g\u00f6r\u00fcyoruz. Onlar\u0131n mutlu bireyler olarak hayata sar\u0131lmalar\u0131ndan dolay\u0131 bizler de b\u00fcy\u00fck mutluluk duyuyoruz. Sadece fiziksel de\u011fil, duygusal engelleri de ortadan kald\u0131rmam\u0131z gerekiyor. Bu bilin\u00e7le sporda, bilimde, k\u00fclt\u00fcrel ve sosyal alanda ortaya koyduklar\u0131 ulusal ve uluslararas\u0131 ba\u015far\u0131lar\u0131yla gurur duydu\u011fumuz engellilerimizin her zaman yanlar\u0131nday\u0131z. 3 Aral\u0131k D\u00fcnya Engelliler G\u00fcn\u00fc&#8217;n\u00fcn toplumsal duyarl\u0131l\u0131\u011f\u0131 g\u00fc\u00e7lendirmesi umuduyla t\u00fcm engellilerimize sa\u011fl\u0131kl\u0131, mutlu ve engelsiz bir ya\u015fam diliyor, onlar\u0131n fedakar ailelerine de sevgi ve sayg\u0131lar\u0131m\u0131 sunuyorum &#8221; diye konu\u015ftu.<\/p>\n","protected":false},"excerpt":{"rendered":"<p>Toroslar Belediyesi, Engelliler Akademisi&#8217;nde olu\u015fturdu\u011fu &#8220;Engelsiz Tar\u0131m Bah\u00e7esi&#8221; ile \u00fcreterek engelleri a\u015fman\u0131n en g\u00fczel \u00f6rne\u011fini sergiliyor. Akademide e\u011fitim g\u00f6ren \u00f6zel gereksinimli bireyler, mevsimin ilk fidelerini ekmenin ve toprakla bulu\u015fturduklar\u0131 mahsullerine &hellip; <a href=\"https:\/\/akdenizolaygazetesi.com\/?p=15464\" class=\"more-link\">Devam\u0131n\u0131 Oku&#8230;<\/a><\/p>\n","protected":false},"author":2,"featured_media":15465,"comment_status":"open","ping_status":"open","sticky":false,"template":"","format":"standard","meta":[],"categories":[1,2,3,9],"tags":[],"_links":{"self":[{"href":"https:\/\/akdenizolaygazetesi.com\/index.php?rest_route=\/wp\/v2\/posts\/15464"}],"collection":[{"href":"https:\/\/akdenizolaygazetesi.com\/index.php?rest_route=\/wp\/v2\/posts"}],"about":[{"href":"https:\/\/akdenizolaygazetesi.com\/index.php?rest_route=\/wp\/v2\/types\/post"}],"author":[{"embeddable":true,"href":"https:\/\/akdenizolaygazetesi.com\/index.php?rest_route=\/wp\/v2\/users\/2"}],"replies":[{"embeddable":true,"href":"https:\/\/akdenizolaygazetesi.com\/index.php?rest_route=%2Fwp%2Fv2%2Fcomments&post=15464"}],"version-history":[{"count":1,"href":"https:\/\/akdenizolaygazetesi.com\/index.php?rest_route=\/wp\/v2\/posts\/15464\/revisions"}],"predecessor-version":[{"id":15466,"href":"https:\/\/akdenizolaygazetesi.com\/index.php?rest_route=\/wp\/v2\/posts\/15464\/revisions\/15466"}],"wp:featuredmedia":[{"embeddable":true,"href":"https:\/\/akdenizolaygazetesi.com\/index.php?rest_route=\/wp\/v2\/media\/15465"}],"wp:attachment":[{"href":"https:\/\/akdenizolaygazetesi.com\/index.php?rest_route=%2Fwp%2Fv2%2Fmedia&parent=15464"}],"wp:term":[{"taxonomy":"category","embeddable":true,"href":"https:\/\/akdenizolaygazetesi.com\/index.php?rest_route=%2Fwp%2Fv2%2Fcategories&post=15464"},{"taxonomy":"post_tag","embeddable":true,"href":"https:\/\/akdenizolaygazetesi.com\/index.php?rest_route=%2Fwp%2Fv2%2Ftags&post=15464"}],"curies":[{"name":"wp","href":"https:\/\/api.w.org\/{rel}","templated":true}]}}