{"id":15467,"date":"2021-12-03T12:31:07","date_gmt":"2021-12-03T09:31:07","guid":{"rendered":"http:\/\/akdenizolaygazetesi.com\/?p=15467"},"modified":"2021-12-03T12:31:07","modified_gmt":"2021-12-03T09:31:07","slug":"ozel-gereksinimli-bireyler-ilk-kez-pizza-yapti","status":"publish","type":"post","link":"https:\/\/akdenizolaygazetesi.com\/?p=15467","title":{"rendered":"\u00d6ZEL GEREKS\u0130N\u0130ML\u0130 B\u0130REYLER \u0130LK KEZ P\u0130ZZA YAPTI"},"content":{"rendered":"<p>Mersin B\u00fcy\u00fck\u015fehir Belediyesi Engelliler ve Sa\u011fl\u0131k Hizmetleri Dairesi&#8217;nin &#8216;3 Aral\u0131k D\u00fcnya Engelliler G\u00fcn\u00fc&#8217; kapsam\u0131nda Toros \u00dcniversitesi Gastronomi ve Mutfak Sanatlar\u0131 B\u00f6l\u00fcm\u00fc&#8217;yle i\u015f birli\u011fi i\u00e7erisinde ger\u00e7ekle\u015ftirdi\u011fi &#8220;Pizza At\u00f6lyesi Etkinli\u011fi&#8221; renkli g\u00f6r\u00fcnt\u00fclere sahne oldu. \u00d6zel gereksinimli bireyler, yap\u0131lan etkinlik sayesinde s\u0131ralama becerilerini peki\u015ftirirken, ilk defa pizza yapma deneyimini de ya\u015fad\u0131.<br \/>\nKendileri yapt\u0131, kendileri tatt\u0131<br \/>\nB\u00fcy\u00fck\u015fehir Belediyesi Engelsiz Ya\u015fam Merkezi&#8217;ndeki Mola Evi&#8217;nden faydalanan \u00f6zel gereksinimli bireyler, Toros \u00dcniversitesi&#8217;nde Gastronomi ve Mutfak Sanatlar\u0131 B\u00f6l\u00fcm\u00fc&#8217;n\u00fcn \u00f6\u011fretim g\u00f6revlileri ve \u00f6\u011frencileriyle bulu\u015ftu. Pizza yapmak i\u00e7in kollar\u0131 s\u0131vayan \u00f6zel bireyler, \u00f6nce \u00f6zenle hamurlar\u0131n\u0131 a\u00e7\u0131p, ard\u0131ndan s\u0131rayla rengarenk \u00fcr\u00fcnleri yerle\u015ftirdi. Mantar, biber ve sucuk gibi bir\u00e7ok \u00fcr\u00fcnle haz\u0131rlanan pizzalar f\u0131r\u0131nda son halini ald\u0131. \u00d6zel bireyler, emekleri sonucu ortaya \u00e7\u0131kan pizzalar\u0131 tatman\u0131n mutlulu\u011funu ya\u015fad\u0131. Toros \u00dcniversitesi Rekt\u00f6r\u00fc Prof. Dr. \u00d6mer Ar\u0131\u00f6z de etkinli\u011fe kat\u0131larak, \u00f6zel bireylere belgelerini verdi.<br \/>\n&#8220;Hem motivasyonlar\u0131n\u0131 art\u0131r\u0131yor hem de ba\u015farabildiklerini g\u00f6r\u00fcyorlar&#8221;<br \/>\nB\u00fcy\u00fck\u015fehir Belediyesi Engelliler ve Sa\u011fl\u0131k Hizmetleri Dairesi&#8217;ne ba\u011fl\u0131 Mola Evi Sorumlusu Psikolog Ezgi D\u00fclger, etkinli\u011fin \u00f6zel gereksinimli bireylerin psikolojilerine olumlu etki sa\u011flad\u0131\u011f\u0131n\u0131 vurgulayarak, &#8220;Hem motivasyonlar\u0131n\u0131 art\u0131r\u0131yor hem de sosyal hayata dahil olabildiklerini ve bir \u015feyler ba\u015farabildiklerini g\u00f6r\u00fcyorlar. 3 Aral\u0131k D\u00fcnya Engelliler G\u00fcn\u00fc bir fark\u0131ndal\u0131k g\u00fcn\u00fcd\u00fcr. Toros \u00dcniversitesi&#8217;yle de o y\u00fczden b\u00f6yle bir etkinlik yapt\u0131k. Gastronomi Toplulu\u011fu&#8217;na te\u015fekk\u00fcr ederiz&#8221; dedi.<br \/>\n&#8220;\u00c7ocuklar s\u0131ralama becerisini de g\u00f6recekler&#8221;<br \/>\nB\u00fcy\u00fck\u015fehir Belediyesi Engelliler ve Sa\u011fl\u0131k Hizmetleri Dairesi&#8217;nde g\u00f6revli \u00d6zel E\u011fitim \u00d6\u011fretmeni Fatma Esra \u00d6zdal ise pizza yap\u0131m\u0131n\u0131n \u00e7ocuklar\u0131n s\u0131ralama becerisini geli\u015ftirdi\u011fine dikkat \u00e7ekerek, &#8220;Pizza a\u015famal\u0131 olarak yap\u0131labilen bir yemek. Onlar da en az\u0131ndan hangi maddeyi hangi s\u0131rada koyduklar\u0131n\u0131 bilecekler. Dikkat becerileri de artacak. En \u00f6nemlisi de duygusal doyuma ula\u015facaklar&#8221; diye konu\u015ftu.<br \/>\n&#8220;Kademe kademe ilerleyebilece\u011fimiz bir \u00fcr\u00fcn oldu\u011fu i\u00e7in pizzay\u0131 se\u00e7tik&#8221;<br \/>\nToros \u00dcniversitesi Gastronomi ve Mutfak Sanatlar\u0131 B\u00f6l\u00fcm\u00fc \u00d6\u011fretim G\u00f6revlisi Hilal \u00d6z, etkinli\u011fin i\u00e7erisinde yer almaktan gurur duyduklar\u0131n\u0131 belirterek, &#8220;Duygusal, ayn\u0131 zamanda \u00e7ok heyecan verici bir olay. Kendi \u00f6\u011frencilerimiz de desteklerini esirgemediler. Birlikte asl\u0131nda payla\u015fmay\u0131 da \u00f6\u011freniyorlar. Hepsinin g\u00f6zleri o kadar \u0131\u015f\u0131l \u0131\u015f\u0131l ki t\u00fcylerim diken diken oldu. Kavrama g\u00fc\u00e7leri, yetenekleri \u00e7ok fazla olan bireyler. Her zaman &#8216;engelsiz ya\u015fam&#8217; diyoruz. Onlar\u0131n bu tarz sosyal aktivitelerde geri planda durmalar\u0131na gerek yok. Hepsinin \u00e7ok g\u00fczel pizzalar yapt\u0131\u011f\u0131n\u0131 g\u00f6rd\u00fck. Bir e\u011fitimci olarak kendi ad\u0131ma gurur duyuyorum, mutluyum&#8221; dedi.<br \/>\nEtkinlikte pizzay\u0131 tercih etme sebeplerine de de\u011finen \u00d6z, &#8220;Renkli oldu\u011fu i\u00e7in, \u00fcr\u00fcnlerin yerle\u015fimi, dizayn\u0131 ve ger\u00e7ekten \u00e7e\u015fit \u00e7e\u015fit, kademe kademe ilerleyebilece\u011fimiz bir \u00fcr\u00fcn oldu\u011fu i\u00e7in biz bunu se\u00e7tik. \u0130stediklerine g\u00f6re dizayn edebiliyorlar, \u015fekil verebiliyorlar. Tekd\u00fcze bir \u015fey sunmad\u0131k onlara&#8221; diye konu\u015ftu.<br \/>\n&#8220;\u0130leride bir g\u00fcn \u015fef oluruz&#8221;<br \/>\nEtkinli\u011fe kat\u0131lan \u00f6zel gereksinimli bireylerden 18 ya\u015f\u0131ndaki Elif Naz Kendir, &#8220;Pizza yap\u0131yorum ilk kez. Etkinlik \u00e7ok g\u00fczeldi&#8221; derken, 20 ya\u015f\u0131ndaki Aysel Karaduman ise &#8220;Pizza yapt\u0131k. \u00c7ok mutluyum. \u0130lk defa yapt\u0131k, seviyorum ben pizzay\u0131&#8221; diye konu\u015ftu.<br \/>\n19 ya\u015f\u0131ndaki Furkan Ko\u00e7ak ise &#8220;G\u00fczelce a\u00e7\u0131yorsun oklavayla. Ondan sonra g\u00fczelce sos d\u00f6k\u00fcyorsun. G\u00fczelce sucuk, ka\u015far, biber, m\u0131s\u0131r falan d\u00f6k\u00fcyorsun. \u00c7ok g\u00fczel oluyor. \u0130leride bir g\u00fcn \u015fef oluruz&#8221; ifadelerine yer verdi.<\/p>\n","protected":false},"excerpt":{"rendered":"<p>Mersin B\u00fcy\u00fck\u015fehir Belediyesi Engelliler ve Sa\u011fl\u0131k Hizmetleri Dairesi&#8217;nin &#8216;3 Aral\u0131k D\u00fcnya Engelliler G\u00fcn\u00fc&#8217; kapsam\u0131nda Toros \u00dcniversitesi Gastronomi ve Mutfak Sanatlar\u0131 B\u00f6l\u00fcm\u00fc&#8217;yle i\u015f birli\u011fi i\u00e7erisinde ger\u00e7ekle\u015ftirdi\u011fi &#8220;Pizza At\u00f6lyesi Etkinli\u011fi&#8221; renkli g\u00f6r\u00fcnt\u00fclere &hellip; <a href=\"https:\/\/akdenizolaygazetesi.com\/?p=15467\" class=\"more-link\">Devam\u0131n\u0131 Oku&#8230;<\/a><\/p>\n","protected":false},"author":2,"featured_media":15468,"comment_status":"open","ping_status":"open","sticky":false,"template":"","format":"standard","meta":[],"categories":[1,2,3],"tags":[],"_links":{"self":[{"href":"https:\/\/akdenizolaygazetesi.com\/index.php?rest_route=\/wp\/v2\/posts\/15467"}],"collection":[{"href":"https:\/\/akdenizolaygazetesi.com\/index.php?rest_route=\/wp\/v2\/posts"}],"about":[{"href":"https:\/\/akdenizolaygazetesi.com\/index.php?rest_route=\/wp\/v2\/types\/post"}],"author":[{"embeddable":true,"href":"https:\/\/akdenizolaygazetesi.com\/index.php?rest_route=\/wp\/v2\/users\/2"}],"replies":[{"embeddable":true,"href":"https:\/\/akdenizolaygazetesi.com\/index.php?rest_route=%2Fwp%2Fv2%2Fcomments&post=15467"}],"version-history":[{"count":1,"href":"https:\/\/akdenizolaygazetesi.com\/index.php?rest_route=\/wp\/v2\/posts\/15467\/revisions"}],"predecessor-version":[{"id":15469,"href":"https:\/\/akdenizolaygazetesi.com\/index.php?rest_route=\/wp\/v2\/posts\/15467\/revisions\/15469"}],"wp:featuredmedia":[{"embeddable":true,"href":"https:\/\/akdenizolaygazetesi.com\/index.php?rest_route=\/wp\/v2\/media\/15468"}],"wp:attachment":[{"href":"https:\/\/akdenizolaygazetesi.com\/index.php?rest_route=%2Fwp%2Fv2%2Fmedia&parent=15467"}],"wp:term":[{"taxonomy":"category","embeddable":true,"href":"https:\/\/akdenizolaygazetesi.com\/index.php?rest_route=%2Fwp%2Fv2%2Fcategories&post=15467"},{"taxonomy":"post_tag","embeddable":true,"href":"https:\/\/akdenizolaygazetesi.com\/index.php?rest_route=%2Fwp%2Fv2%2Ftags&post=15467"}],"curies":[{"name":"wp","href":"https:\/\/api.w.org\/{rel}","templated":true}]}}