{"id":1547,"date":"2020-11-04T18:22:06","date_gmt":"2020-11-04T15:22:06","guid":{"rendered":"http:\/\/mersinekonomipolitikagazetesi.com\/?p=1547"},"modified":"2020-11-04T18:22:06","modified_gmt":"2020-11-04T15:22:06","slug":"vatandas-muftu-deresi-kenari-icin-tedirgin","status":"publish","type":"post","link":"https:\/\/akdenizolaygazetesi.com\/?p=1547","title":{"rendered":"VATANDA\u015e M\u00dcFT\u00dc DERES\u0130 KENARI \u0130\u00c7\u0130N TED\u0130RG\u0130N!"},"content":{"rendered":"<p>Mersin m\u00fcft\u00fc deresi yak\u0131n\u0131nda ya\u015fayan vatanda\u015flar dere kenar\u0131 i\u00e7in art\u0131k \u00f6nlem al\u0131nmas\u0131 gerekti\u011fini s\u00f6yledi.<\/p>\n<blockquote type=\"cite\">\n<div dir=\"ltr\">\n<p><span style=\"font-size:16px;\">Mersin M\u00fcft\u00fc deresi yak\u0131n\u0131nda ya\u015fayan\u00a0 vatanda\u015f\u0131 korumak ad\u0131na dere kenar\u0131na hala bir duvar ya da set \u015feklinde bir \u015fey yap\u0131lmad\u0131.<\/span><\/p>\n<p><span style=\"font-size:16px;\">\u00d6nceki g\u00fcnlerde g\u00f6zleri g\u00f6remeyen ya\u015fl\u0131 adam derenin kenar\u0131nda koruma duvar\u0131 olmad\u0131\u011f\u0131ndan dereye yuvarlanm\u0131\u015ft\u0131. Bundan ders alamayan belediye bir\u00e7ok \u00e7ok projeyi g\u00fcndeme getirip vatanda\u015f\u0131n daha kolay ya\u015fam kalitesi sunmak ad\u0131na bir \u015feyler yapt\u0131klar\u0131n\u0131 belirtiyor. M\u00fcft\u00fc deresinin y\u0131llard\u0131r kenar\u0131n\u0131n koruma duvar\u0131 ile \u00f6r\u00fclmemesi de vatanda\u015f\u0131n yarar\u0131 ad\u0131na hi\u00e7bir \u015fey yap\u0131lmad\u0131\u011f\u0131 g\u00f6zlemleniyor.<\/span><\/p>\n<p>\u00a0<\/p>\n<p><span style=\"font-size:16px;\">Dereye yuvarlanan ya\u015fl\u0131 adam\u0131n olay\u0131 g\u00f6z ard\u0131 edilerek\u00a0 derenin hi\u00e7bir yerine vatanda\u015f\u0131 korumak i\u00e7in bir \u00f6nlem al\u0131nmamas\u0131yla birlikte, dere kenar\u0131nda mahallede futbol topuyla oynayan \u00e7ocuklar, topu dereye d\u00fc\u015ft\u00fc\u011f\u00fcnde kendi \u00e7abalar\u0131yla futbol topunu al\u0131yorlar. \u00c7ocuklar\u0131n ailesi ise bundan tedirgin duruma d\u00fc\u015ferek \u00e7ocuklar\u0131n\u0131n dereye giden topunu \u00e7\u0131karmas\u0131 sonucu k\u00f6t\u00fc bir felakete maruz kalabilece\u011fini belirtiyor. Derenin etraf\u0131n\u0131n y\u0131llard\u0131r b\u00f6yle oldu\u011fu, hi\u00e7bir \u00f6nlem al\u0131nmad\u0131\u011f\u0131 ve kimsenin vatanda\u015f\u0131 d\u00fc\u015f\u00fcnmedi\u011fi kaydediliyor.\u00a0<\/span><\/p>\n<p>\u00a0<\/p>\n<p>\u00a0<\/p>\n<p><span style=\"font-size:16px;\">\u201cB\u0130ZDE ARTIK RAHATA KAVU\u015eMAK \u0130ST\u0130YORUZ\u201d<\/span><\/p>\n<p>\u00a0<\/p>\n<p><span style=\"font-size:16px;\">Dere kenar\u0131nda ya\u015fayan vatanda\u015f \u015f\u00f6yle sitemde bulundu: \u201c\u00c7ocuklar\u0131m\u0131zla bazen dere kenar\u0131ndaki parkta oturuyoruz. Ve derede vatanda\u015f i\u00e7in hi\u00e7bir \u00f6nlem al\u0131nmam\u0131\u015f. Ye\u015fil alanda oturdu\u011fumuzda g\u00f6zlerimizi \u00e7ocuklar\u0131m\u0131zdan ay\u0131rm\u0131yoruz. Her an dereye yuvarlan\u0131r endi\u015fesindeyiz. Bu derenin daha da g\u00fczelle\u015ftirilmesi gerekir. Derenin kenar\u0131na bir duvar yap\u0131labilir. Bizde art\u0131k rahata kavu\u015fmak istiyoruz. Belediyelerin halka \u015funu yapt\u0131k bunu yapt\u0131k demesiyle olmuyor. Herkesin g\u00f6rd\u00fc\u011f\u00fc dere g\u00f6rmezden geliniyor.\u201d<\/span><\/p>\n<\/div>\n<\/blockquote>\n","protected":false},"excerpt":{"rendered":"<p>Mersin m\u00fcft\u00fc deresi yak\u0131n\u0131nda ya\u015fayan vatanda\u015flar dere kenar\u0131 i\u00e7in art\u0131k \u00f6nlem al\u0131nmas\u0131 gerekti\u011fini s\u00f6yledi. Mersin M\u00fcft\u00fc deresi yak\u0131n\u0131nda ya\u015fayan\u00a0 vatanda\u015f\u0131 korumak ad\u0131na dere kenar\u0131na hala bir duvar ya da set &hellip; <a href=\"https:\/\/akdenizolaygazetesi.com\/?p=1547\" class=\"more-link\">Devam\u0131n\u0131 Oku&#8230;<\/a><\/p>\n","protected":false},"author":1,"featured_media":0,"comment_status":"open","ping_status":"open","sticky":false,"template":"","format":"standard","meta":[],"categories":[],"tags":[],"_links":{"self":[{"href":"https:\/\/akdenizolaygazetesi.com\/index.php?rest_route=\/wp\/v2\/posts\/1547"}],"collection":[{"href":"https:\/\/akdenizolaygazetesi.com\/index.php?rest_route=\/wp\/v2\/posts"}],"about":[{"href":"https:\/\/akdenizolaygazetesi.com\/index.php?rest_route=\/wp\/v2\/types\/post"}],"author":[{"embeddable":true,"href":"https:\/\/akdenizolaygazetesi.com\/index.php?rest_route=\/wp\/v2\/users\/1"}],"replies":[{"embeddable":true,"href":"https:\/\/akdenizolaygazetesi.com\/index.php?rest_route=%2Fwp%2Fv2%2Fcomments&post=1547"}],"version-history":[{"count":0,"href":"https:\/\/akdenizolaygazetesi.com\/index.php?rest_route=\/wp\/v2\/posts\/1547\/revisions"}],"wp:attachment":[{"href":"https:\/\/akdenizolaygazetesi.com\/index.php?rest_route=%2Fwp%2Fv2%2Fmedia&parent=1547"}],"wp:term":[{"taxonomy":"category","embeddable":true,"href":"https:\/\/akdenizolaygazetesi.com\/index.php?rest_route=%2Fwp%2Fv2%2Fcategories&post=1547"},{"taxonomy":"post_tag","embeddable":true,"href":"https:\/\/akdenizolaygazetesi.com\/index.php?rest_route=%2Fwp%2Fv2%2Ftags&post=1547"}],"curies":[{"name":"wp","href":"https:\/\/api.w.org\/{rel}","templated":true}]}}