{"id":15474,"date":"2021-12-03T12:36:33","date_gmt":"2021-12-03T09:36:33","guid":{"rendered":"http:\/\/akdenizolaygazetesi.com\/?p=15474"},"modified":"2021-12-03T12:36:33","modified_gmt":"2021-12-03T09:36:33","slug":"yeni-ufuklar-icin-genclerimize-kapimiz-daima-acik","status":"publish","type":"post","link":"https:\/\/akdenizolaygazetesi.com\/?p=15474","title":{"rendered":"&#8220;YEN\u0130 UFUKLAR \u0130\u00c7\u0130N GEN\u00c7LER\u0130M\u0130ZE KAPIMIZ DA\u0130MA A\u00c7IK&#8221;"},"content":{"rendered":"<p>Ankara&#8217;da d\u00fczenlenen Gen\u00e7 Dostu \u015eehirler Fikir ve Proje Yar\u0131\u015fmas\u0131&#8217;nda &#8220;Tekno Toroslar&#8221; Projesi ile Cumhurba\u015fkan\u0131 Recep Tayyip Erdo\u011fan&#8217;\u0131n elinden \u00f6d\u00fcl alan Ba\u015fkan Y\u0131lmaz, gen\u00e7li\u011fin ki\u015fisel ve sosyal geli\u015fimini destekleyici, kendi potansiyellerini ger\u00e7ekle\u015ftirebilmelerine imk\u00e2n sa\u011flayan ve yenilik\u00e7i fikirlerin desteklenmesine y\u00f6nelik projeler yapmaya devam ediyor.<\/p>\n<p>Toroslar Belediyesi&#8217;nin Aral\u0131k Ay\u0131 Meclis Toplant\u0131s\u0131&#8217;nda, Toroslar Belediyesi taraf\u0131ndan haz\u0131rlanan ve T\u00fcrkiye Belediyeler Birli\u011fi taraf\u0131ndan \u00f6d\u00fcl almaya hak kazanm\u0131\u015f olan &#8220;Tekno Toroslar Projesi&#8221; ile ilgili &#8220;Gen\u00e7 Dostu \u015eehirler Projelerinin&#8221; ger\u00e7ekle\u015ftirmelerine ili\u015fkin \u0130\u015fbirli\u011fi Protokol\u00fc&#8217;n\u00fcn imzalanmas\u0131 hususunda Toroslar Belediye Ba\u015fkan\u0131 Ats\u0131z Af\u015f\u0131n Y\u0131lmaz&#8217;a yetki verilmesi oy birli\u011fiyle kabul edildi.<\/p>\n<p>&#8220;YEN\u0130 UFUKLAR \u0130\u00c7\u0130N GEN\u00c7LER\u0130M\u0130ZE KAPIMIZ DA\u0130MA A\u00c7IK&#8221;<\/p>\n<p>&#8220;Gen\u00e7lerimizin e\u011flenirken \u00f6\u011frenmelerini, d\u00fcnyay\u0131 ve \u00e7evrelerini ke\u015ffetmelerini istiyoruz&#8221; diyen Ba\u015fkan Y\u0131lmaz; &#8220;Gen\u00e7lerimizin, bilgi \u00e7a\u011f\u0131n\u0131n b\u00fct\u00fcn geli\u015fmi\u015fliklerini kullanabilen, ara\u015ft\u0131ran, T\u00fcrk Milletinin var olan de\u011ferlerini \u00f6z\u00fcmsemi\u015f bir nesil olarak yeti\u015fmeleri en b\u00fcy\u00fck arzumuz. \u0130l\u00e7emize kazand\u0131raca\u011f\u0131m\u0131z &#8220;Tekno Toroslar&#8221; Projemiz bu anlamda bizim i\u00e7in \u00e7ok \u00f6nemli. \u00c7ok yak\u0131n bir zamanda projemizi tamamlay\u0131p gen\u00e7lerimizin hizmetine sunmay\u0131 planl\u0131yoruz. Bu projeyle gelece\u011fe y\u00f6n verecek fikirlerin Toroslar&#8217;da filizlenmesini hedefliyoruz&#8221; dedi.<\/p>\n<p>Sayg\u0131 duru\u015fu ve \u0130stiklal Mar\u015f\u0131&#8217;n\u0131n okunmas\u0131yla ba\u015flayan toplant\u0131da g\u00fcndemin di\u011fer maddeleri de g\u00f6r\u00fc\u015f\u00fclerek karara ba\u011fland\u0131.<\/p>\n<p>Belediye Meclisi \u00c7al\u0131\u015fma Y\u00f6netmeli\u011finin 22. maddesi h\u00fck\u00fcmlerine g\u00f6re, 2022 y\u0131l\u0131n\u0131n Ocak ay\u0131nda olu\u015fturulacak Denetim Komisyonu \u00fcye say\u0131s\u0131n\u0131n 5 olarak belirlenmesi oy birli\u011fiyle kabul edildi.<\/p>\n<p>Toroslar Belediyesi&#8217;nin 2022 mali y\u0131l\u0131 vergi, har\u00e7 ve \u00fccret tarifesinin g\u00f6r\u00fc\u015f\u00fclerek oy birli\u011fiyle Plan ve B\u00fct\u00e7e ile \u0130mar ve Bay\u0131nd\u0131rl\u0131k Komisyonlar\u0131&#8217;na havale edildi\u011fi toplant\u0131da,  Horozlu Mahallesi, 133 Ada 4 Parsel ve 188 Ada 1 Parsel i\u00e7in haz\u0131rlat\u0131lan 1\/1000 \u00d6l\u00e7ekli Uygulama \u0130mar Plan\u0131 De\u011fi\u015fikli\u011fi teklifinin \u0130mar ve Bay\u0131nd\u0131rl\u0131k ile \u00c7evre ve Sa\u011fl\u0131k Komisyonlar\u0131&#8217;na havalesi oy birli\u011fiyle kabul edildi.<\/p>\n<p>Toplant\u0131da ayr\u0131ca Toroslar Belediyesi&#8217;nin Uluslararas\u0131 Tar\u0131m \u015eehirleri Birli\u011fine \u00fcye olmas\u0131 ve Birlik meclisinde g\u00f6rev yapmak \u00fczere Toroslar Belediyesi meclis \u00fcyeleri aras\u0131ndan 2 asil ve 1 yedek \u00fcyenin belirlenmesi ile ilgili konu da g\u00f6r\u00fc\u015f\u00fcld\u00fc.<\/p>\n<p>Asil \u00fcye olarak Atilla Parlak ve Salih Baysal,  yedek \u00fcye olarak ise Muhammet Ko\u00e7&#8217;un Birlik meclisinde g\u00f6rev yapmas\u0131 karara ba\u011fland\u0131.<\/p>\n<p>Toroslar Belediye Meclisi Aral\u0131k Ay\u0131 ikinci oturumunu yapmak \u00fczere 7 Aral\u0131k 2021 Sal\u0131 g\u00fcn\u00fc saat 14.00&#8217;da yeniden toplanacak. 2022 y\u0131l\u0131n\u0131n Ocak ay\u0131nda yap\u0131lacak olan meclis toplant\u0131 g\u00fcn\u00fc ise 4 Ocak 2022 Sal\u0131 g\u00fcn\u00fc saat 14.00 olarak belirlendi.<\/p>\n","protected":false},"excerpt":{"rendered":"<p>Ankara&#8217;da d\u00fczenlenen Gen\u00e7 Dostu \u015eehirler Fikir ve Proje Yar\u0131\u015fmas\u0131&#8217;nda &#8220;Tekno Toroslar&#8221; Projesi ile Cumhurba\u015fkan\u0131 Recep Tayyip Erdo\u011fan&#8217;\u0131n elinden \u00f6d\u00fcl alan Ba\u015fkan Y\u0131lmaz, gen\u00e7li\u011fin ki\u015fisel ve sosyal geli\u015fimini destekleyici, kendi potansiyellerini &hellip; <a href=\"https:\/\/akdenizolaygazetesi.com\/?p=15474\" class=\"more-link\">Devam\u0131n\u0131 Oku&#8230;<\/a><\/p>\n","protected":false},"author":2,"featured_media":15475,"comment_status":"open","ping_status":"open","sticky":false,"template":"","format":"standard","meta":[],"categories":[1,2,3,10],"tags":[],"_links":{"self":[{"href":"https:\/\/akdenizolaygazetesi.com\/index.php?rest_route=\/wp\/v2\/posts\/15474"}],"collection":[{"href":"https:\/\/akdenizolaygazetesi.com\/index.php?rest_route=\/wp\/v2\/posts"}],"about":[{"href":"https:\/\/akdenizolaygazetesi.com\/index.php?rest_route=\/wp\/v2\/types\/post"}],"author":[{"embeddable":true,"href":"https:\/\/akdenizolaygazetesi.com\/index.php?rest_route=\/wp\/v2\/users\/2"}],"replies":[{"embeddable":true,"href":"https:\/\/akdenizolaygazetesi.com\/index.php?rest_route=%2Fwp%2Fv2%2Fcomments&post=15474"}],"version-history":[{"count":1,"href":"https:\/\/akdenizolaygazetesi.com\/index.php?rest_route=\/wp\/v2\/posts\/15474\/revisions"}],"predecessor-version":[{"id":15476,"href":"https:\/\/akdenizolaygazetesi.com\/index.php?rest_route=\/wp\/v2\/posts\/15474\/revisions\/15476"}],"wp:featuredmedia":[{"embeddable":true,"href":"https:\/\/akdenizolaygazetesi.com\/index.php?rest_route=\/wp\/v2\/media\/15475"}],"wp:attachment":[{"href":"https:\/\/akdenizolaygazetesi.com\/index.php?rest_route=%2Fwp%2Fv2%2Fmedia&parent=15474"}],"wp:term":[{"taxonomy":"category","embeddable":true,"href":"https:\/\/akdenizolaygazetesi.com\/index.php?rest_route=%2Fwp%2Fv2%2Fcategories&post=15474"},{"taxonomy":"post_tag","embeddable":true,"href":"https:\/\/akdenizolaygazetesi.com\/index.php?rest_route=%2Fwp%2Fv2%2Ftags&post=15474"}],"curies":[{"name":"wp","href":"https:\/\/api.w.org\/{rel}","templated":true}]}}