{"id":1548,"date":"2020-11-04T18:22:06","date_gmt":"2020-11-04T15:22:06","guid":{"rendered":"http:\/\/mersinekonomipolitikagazetesi.com\/?p=1548"},"modified":"2020-11-04T18:22:06","modified_gmt":"2020-11-04T15:22:06","slug":"turkiyenin-en-buyuk-ve-kapsamli-orman-okulu-tarsusta-acildi","status":"publish","type":"post","link":"https:\/\/akdenizolaygazetesi.com\/?p=1548","title":{"rendered":"T\u00fcrkiye\u2019nin en b\u00fcy\u00fck ve kapsaml\u0131 &#8216;Orman Okulu&#8217; Tarsus\u2019ta a\u00e7\u0131ld\u0131"},"content":{"rendered":"<p>T\u00fcrkiye\u2019nin en b\u00fcy\u00fck ve en kapsaml\u0131 orman okulu olma \u00f6zelli\u011fine sahip, \u2018Tarsus Orman Okulu\u2019nun a\u00e7\u0131l\u0131\u015f\u0131n\u0131 ger\u00e7ekle\u015ftiren Mersin B\u00fcy\u00fck\u015fehir Belediye Ba\u015fkan\u0131 Burhanettin Kocamaz, &#8220;Tarsus Orman Okulu, do\u011fa s\u00f6m\u00fcr\u00fcs\u00fcne dayal\u0131 yanl\u0131\u015f e\u011fitim ve t\u00fcketim anlay\u0131\u015f\u0131na kar\u015f\u0131 anlaml\u0131 bir meydan okumad\u0131r\u201d dedi.<\/p>\n<p><span style=\"font-size:16px;\"><span style=\"font-family: sans-serif; line-height: 20px; text-align: justify; background-color: rgb(242, 244, 245);\">Tarsus Kaymakaml\u0131\u011f\u0131 ile imzalanan protokol gere\u011fince, Mersin B\u00fcy\u00fck\u015fehir Belediyesince yap\u0131m\u0131 tamamlanarak iki y\u0131ll\u0131\u011f\u0131na Tarsus \u0130l\u00e7e Milli E\u011fitim M\u00fcd\u00fcrl\u00fc\u011f\u00fc\u2019ne tahsis edilen &#8216;Tarsus Orman Okulu&#8217;nun a\u00e7\u0131l\u0131\u015f\u0131, t\u00f6renle yap\u0131ld\u0131.\u00a0<\/span><br style=\"box-sizing: border-box; font-family: sans-serif; font-size: 14px; line-height: 20px; text-align: justify; background-color: rgb(242, 244, 245);\" \/><br \/>\n<span style=\"font-family: sans-serif; line-height: 20px; text-align: justify; background-color: rgb(242, 244, 245);\">\u201cSanki kaynaklar hi\u00e7 bitmeyecekmi\u015f gibi bir anlay\u0131\u015f hakim\u201d\u00a0<\/span><br style=\"box-sizing: border-box; font-family: sans-serif; font-size: 14px; line-height: 20px; text-align: justify; background-color: rgb(242, 244, 245);\" \/><br \/>\n<span style=\"font-family: sans-serif; line-height: 20px; text-align: justify; background-color: rgb(242, 244, 245);\">Tarsus Gen\u00e7lik Kamp\u0131nda d\u00fczenlenen a\u00e7\u0131l\u0131\u015fta konu\u015fan Ba\u015fkan Kocamaz, g\u00fcn\u00fcm\u00fczde kaynaklar\u0131n sanki hi\u00e7 bitmeyecekmi\u015f gibi, sanki ne yap\u0131l\u0131rsa yap\u0131ls\u0131n do\u011fa ya\u015famaya devam edecekmi\u015f gibi bir anlay\u0131\u015f ile t\u00fcketildi\u011fini belirterek, &#8220;Do\u011fadan her istedi\u011fini istedi\u011fi miktarda alabilme hakk\u0131na dayal\u0131 bir anlay\u0131\u015f d\u00fcnyam\u0131z\u0131 bug\u00fcnk\u00fc vahim durumuna getirmi\u015ftir. Bu anlay\u0131\u015f do\u011fal olarak e\u011fitim sistemlerine de y\u00f6n vermi\u015f, do\u011fadan kopuk, meyveyi manavda, k\u0131r \u00e7i\u00e7eklerini foto\u011fraf, televizyon ya da sinemada g\u00f6ren nesiller yeti\u015fmeye ba\u015flam\u0131\u015ft\u0131r. Sanki kaynaklar hi\u00e7 bitmeyecekmi\u015f gibi, sanki ne yap\u0131l\u0131rsa yap\u0131ls\u0131n do\u011fa ya\u015famaya devam edecekmi\u015f gibi bir anlay\u0131\u015f hakim duruma gelmi\u015ftir\u201d diye konu\u015ftu.\u00a0<\/span><br style=\"box-sizing: border-box; font-family: sans-serif; font-size: 14px; line-height: 20px; text-align: justify; background-color: rgb(242, 244, 245);\" \/><br \/>\n<span style=\"font-family: sans-serif; line-height: 20px; text-align: justify; background-color: rgb(242, 244, 245);\">\u201cTarsus Orman Okulu, do\u011fa s\u00f6m\u00fcr\u00fcs\u00fcne bir meydan okumad\u0131r\u201d\u00a0<\/span><br style=\"box-sizing: border-box; font-family: sans-serif; font-size: 14px; line-height: 20px; text-align: justify; background-color: rgb(242, 244, 245);\" \/><br \/>\n<span style=\"font-family: sans-serif; line-height: 20px; text-align: justify; background-color: rgb(242, 244, 245);\">Orman Okulunun \u00e7ocuklara do\u011fan\u0131n insanlar i\u00e7in \u00f6nemini anlatan ideal bir okul oldu\u011funu kaydeden Kocamaz, \u201cTarsus Orman Okulu, do\u011fa s\u00f6m\u00fcr\u00fcs\u00fcne dayal\u0131 yanl\u0131\u015f e\u011fitim ve t\u00fcketim anlay\u0131\u015f\u0131na kar\u015f\u0131 anlaml\u0131 bir meydan okumad\u0131r. Do\u011fan\u0131n bizim i\u00e7in ne kadar \u00f6nemli oldu\u011funu hen\u00fcz okul \u00f6ncesi \u00e7a\u011flardan itibaren \u00e7ocuklar\u0131m\u0131za anlatan ideal bir e\u011fitim ortam\u0131d\u0131r. T\u00fcrkiye\u2019de bir ilk olma \u00f6zelli\u011fi ta\u015f\u0131yan Tarsus Orman Okulu, ayn\u0131 zamanda benzer \u00e7al\u0131\u015fmalar i\u00e7erisinde en geni\u015f alanda faaliyet g\u00f6steren bir e\u011fitim yuvas\u0131d\u0131r\u201d \u015feklinde konu\u015ftu.\u00a0<\/span><br style=\"box-sizing: border-box; font-family: sans-serif; font-size: 14px; line-height: 20px; text-align: justify; background-color: rgb(242, 244, 245);\" \/><br \/>\n<span style=\"font-family: sans-serif; line-height: 20px; text-align: justify; background-color: rgb(242, 244, 245);\">\u201cOrman Okulu\u2019nda do\u011fay\u0131 s\u00f6m\u00fcren de\u011fil, onu ya\u015fatmay\u0131 ilke edinen \u00e7ocuklar yeti\u015fecek\u201d\u00a0<\/span><br style=\"box-sizing: border-box; font-family: sans-serif; font-size: 14px; line-height: 20px; text-align: justify; background-color: rgb(242, 244, 245);\" \/><br \/>\n<span style=\"font-family: sans-serif; line-height: 20px; text-align: justify; background-color: rgb(242, 244, 245);\">\u00c7ocuklar\u0131n Tarsus Orman Okulu sayesinde bar\u0131\u015f, huzur ve dayan\u0131\u015fma i\u00e7erisinde bir arada ya\u015fama k\u00fclt\u00fcr\u00fcn\u00fc deneyimleyeceklerinden s\u00f6z eden Kocamaz, \u201c\u00c7ocuklar\u0131m\u0131z\u0131n \u00f6zsayg\u0131lar\u0131 artacak, t\u00fcm insanlar\u0131n e\u015fit, \u00f6zel ve de\u011ferli oldu\u011funu kavrayacak, ara\u015ft\u0131rma ve ke\u015ffetme becerilerini geli\u015ftireceklerdir. Do\u011fay\u0131 s\u00f6m\u00fcren de\u011fil, onu ya\u015fatmay\u0131 ilke edinen kendine g\u00fcvenen bir karaktere sahip olacaklard\u0131r. Tarsus Orman Okulu \u00fclkemiz i\u00e7in g\u00fczel bir \u00f6rnek te\u015fkil edecektir\u201d ifadelerini kulland\u0131.\u00a0<\/span><br style=\"box-sizing: border-box; font-family: sans-serif; font-size: 14px; line-height: 20px; text-align: justify; background-color: rgb(242, 244, 245);\" \/><br \/>\n<span style=\"font-family: sans-serif; line-height: 20px; text-align: justify; background-color: rgb(242, 244, 245);\">Tarsus Kaymakam\u0131 Y\u00fcksel \u00dcnal ise Tarsus Orman Okulu ile \u00f6\u011frencilerin asosyallikten kurtularak do\u011fay\u0131 tan\u0131yacaklar\u0131n\u0131 ifade ederek, \u201c\u00c7ocuklar\u0131m\u0131z \u00e7a\u011f\u0131n \u015fartlar\u0131 do\u011frultusunda asosyal bir ya\u015fama mahkum oluyorlar, sabah ak\u015fam \u00e7izgi film seyrediyorlar. Tarsus Orman Okulu \u00e7ocuklar\u0131n ilerde asosyal olmas\u0131n\u0131 \u00f6nleyecek. Do\u011fay\u0131 tan\u0131yacaklar&#8221; dedi.\u00a0<\/span><br style=\"box-sizing: border-box; font-family: sans-serif; font-size: 14px; line-height: 20px; text-align: justify; background-color: rgb(242, 244, 245);\" \/><br \/>\n<span style=\"font-family: sans-serif; line-height: 20px; text-align: justify; background-color: rgb(242, 244, 245);\">Yap\u0131lan konu\u015fmalar\u0131n ard\u0131ndan protokol \u00fcyeleri taraf\u0131ndan a\u00e7\u0131l\u0131\u015f kurdelesi kesildi.\u00a0<\/span><br style=\"box-sizing: border-box; font-family: sans-serif; font-size: 14px; line-height: 20px; text-align: justify; background-color: rgb(242, 244, 245);\" \/><br \/>\n<span style=\"font-family: sans-serif; line-height: 20px; text-align: justify; background-color: rgb(242, 244, 245);\">Tarsus Orman Okulu\u2019nda g\u00f6zlem ve deneyime dayal\u0131 bir yakla\u015f\u0131mla e\u011fitim verilecek\u00a0<\/span><br style=\"box-sizing: border-box; font-family: sans-serif; font-size: 14px; line-height: 20px; text-align: justify; background-color: rgb(242, 244, 245);\" \/><br \/>\n<span style=\"font-family: sans-serif; line-height: 20px; text-align: justify; background-color: rgb(242, 244, 245);\">130 d\u00f6n\u00fcm ormanl\u0131k bir alan i\u00e7erisinde yer alan Tarsus Orman Okulu, i\u00e7erisinde bulunan 18 bungalov ev, bungalov salonlar, yemekhane ve spor tesisleriyle T\u00fcrkiye\u2019nin en b\u00fcy\u00fck ve en kapsaml\u0131 orman okulu olma \u00f6zelli\u011fine sahip. Etraf\u0131 tel \u00f6rg\u00fclerle \u00e7evrili olan, tamam\u0131 g\u00fcvenlik kameralar\u0131yla izlenebilen son derece g\u00fcvenli okul yerle\u015fkesinin \u015fehir merkezine sadece 5 kilometre uzakl\u0131kta yer al\u0131yor. Uluslararas\u0131 standartlarda bir e\u011fitim program\u0131n\u0131n uygulanaca\u011f\u0131 Tarsus Orman Okulu\u2019nda, \u00e7ocuklar bilim ve sanat\u0131n ger\u00e7ek ilham kayna\u011f\u0131n\u0131n do\u011fa oldu\u011funu ya\u015fayarak \u00f6\u011frenme f\u0131rsat\u0131na eri\u015fecekler.\u00a0<\/span><\/span><\/p>\n","protected":false},"excerpt":{"rendered":"<p>T\u00fcrkiye\u2019nin en b\u00fcy\u00fck ve en kapsaml\u0131 orman okulu olma \u00f6zelli\u011fine sahip, \u2018Tarsus Orman Okulu\u2019nun a\u00e7\u0131l\u0131\u015f\u0131n\u0131 ger\u00e7ekle\u015ftiren Mersin B\u00fcy\u00fck\u015fehir Belediye Ba\u015fkan\u0131 Burhanettin Kocamaz, &#8220;Tarsus Orman Okulu, do\u011fa s\u00f6m\u00fcr\u00fcs\u00fcne dayal\u0131 yanl\u0131\u015f e\u011fitim &hellip; <a href=\"https:\/\/akdenizolaygazetesi.com\/?p=1548\" class=\"more-link\">Devam\u0131n\u0131 Oku&#8230;<\/a><\/p>\n","protected":false},"author":1,"featured_media":0,"comment_status":"open","ping_status":"open","sticky":false,"template":"","format":"standard","meta":[],"categories":[],"tags":[],"_links":{"self":[{"href":"https:\/\/akdenizolaygazetesi.com\/index.php?rest_route=\/wp\/v2\/posts\/1548"}],"collection":[{"href":"https:\/\/akdenizolaygazetesi.com\/index.php?rest_route=\/wp\/v2\/posts"}],"about":[{"href":"https:\/\/akdenizolaygazetesi.com\/index.php?rest_route=\/wp\/v2\/types\/post"}],"author":[{"embeddable":true,"href":"https:\/\/akdenizolaygazetesi.com\/index.php?rest_route=\/wp\/v2\/users\/1"}],"replies":[{"embeddable":true,"href":"https:\/\/akdenizolaygazetesi.com\/index.php?rest_route=%2Fwp%2Fv2%2Fcomments&post=1548"}],"version-history":[{"count":0,"href":"https:\/\/akdenizolaygazetesi.com\/index.php?rest_route=\/wp\/v2\/posts\/1548\/revisions"}],"wp:attachment":[{"href":"https:\/\/akdenizolaygazetesi.com\/index.php?rest_route=%2Fwp%2Fv2%2Fmedia&parent=1548"}],"wp:term":[{"taxonomy":"category","embeddable":true,"href":"https:\/\/akdenizolaygazetesi.com\/index.php?rest_route=%2Fwp%2Fv2%2Fcategories&post=1548"},{"taxonomy":"post_tag","embeddable":true,"href":"https:\/\/akdenizolaygazetesi.com\/index.php?rest_route=%2Fwp%2Fv2%2Ftags&post=1548"}],"curies":[{"name":"wp","href":"https:\/\/api.w.org\/{rel}","templated":true}]}}