{"id":15484,"date":"2021-12-04T16:56:33","date_gmt":"2021-12-04T13:56:33","guid":{"rendered":"http:\/\/akdenizolaygazetesi.com\/?p=15484"},"modified":"2021-12-04T16:56:33","modified_gmt":"2021-12-04T13:56:33","slug":"baskan-gultak-bizim-dusturumuz-sevgi-baris-kardeslik","status":"publish","type":"post","link":"https:\/\/akdenizolaygazetesi.com\/?p=15484","title":{"rendered":"Ba\u015fkan G\u00fcltak; \u201cBizim d\u00fcsturumuz sevgi, bar\u0131\u015f, karde\u015flik\u201d"},"content":{"rendered":"<p>Engelli \u00e7ocuklar, kendi adlar\u0131na haz\u0131rlanan fidanlar\u0131 \u00f6nce toprakla bulu\u015fturup ard\u0131ndan can suyu verdi.<br \/>\nAkdeniz Belediye Ba\u015fkan\u0131 M. Mustafa G\u00fcltak, \u201c3 Aral\u0131k D\u00fcnya Engelliler G\u00fcn\u00fc\u201d dolay\u0131s\u0131yla, engelli \u00e7ocuklar ad\u0131na organize edilen fidanlar\u0131n toprakla bulu\u015fturuldu\u011fu \u00f6zel t\u00f6rene kat\u0131ld\u0131. K\u00fclt\u00fcr ve Sosyal \u0130\u015fler M\u00fcd\u00fcrl\u00fc\u011f\u00fc\u2019n\u00fcn, \u00c7ay Mahallesi\u2019nde bulunan ve tamamen yenilenip sporseverler ve vatanda\u015flar\u0131n hizmetine a\u00e7\u0131lan spor tesisinde ger\u00e7ekle\u015fen etkinli\u011fe; \u00c7ay, \u00c7ilek, Karaduvar mahalle k\u00fclt\u00fcr evleri ile Nihat S\u00f6zmen Rehabilitasyon Merkezi\u2019nden gelen \u00e7ocuklar ve aileleri kat\u0131ld\u0131.<br \/>\nBa\u015fkan G\u00fcltak; \u201cBizim d\u00fcsturumuz sevgi, bar\u0131\u015f, karde\u015flik\u201d<br \/>\nAK Parti Akdeniz \u0130l\u00e7e Ba\u015fkan\u0131 Emin Gen\u00e7, Ba\u015fkan yard\u0131mc\u0131lar\u0131, meclis \u00fcyeleri ve birim m\u00fcd\u00fcrlerinin de yer ald\u0131\u011f\u0131 etkinlikte engelli \u00e7ocuklar; kendi adlar\u0131na haz\u0131rlan\u0131n fidanlar\u0131 toprakla bulu\u015fturup can suyu verdi. Etkinlikte konu\u015fan Ba\u015fkan G\u00fcltak; sadece 3 Aral\u0131k\u2019ta de\u011fil, engellilere y\u00f6nelik her t\u00fcrl\u00fc etkinlik ve kampanyan\u0131n s\u00fcrekli i\u00e7inde olduklar\u0131n\u0131 vurgulad\u0131. Engellilerin sorunlar\u0131yla yak\u0131ndan ilgilendiklerinin de alt\u0131n\u0131 \u00e7izen Ba\u015fkan Mustafa G\u00fcltak; \u201cBizim d\u00fcsturumuz sevgi, bar\u0131\u015f, karde\u015fliktir. \u00d6rne\u011fin sevgiyi para ile sat\u0131n alamazs\u0131n\u0131z. Hi\u00e7 kimseye ay\u0131r\u0131m yapmadan her t\u00fcrl\u00fc hizmeti getiriyoruz. En \u00f6nemlisi de Akdeniz\u2019e bar\u0131\u015f\u0131 ve huzuru getirdik. Art\u0131k Akdeniz\u2019de kavga, uyu\u015fturucu ve ter\u00f6r yok. Engelli \u00e7ocuklar\u0131m\u0131z i\u00e7in \u00f6zveriyle \u00e7al\u0131\u015fan derneklerimize, \u00f6\u011fretmenlerimize, e\u011fitmenlerimize de ayr\u0131ca \u00e7ok te\u015fekk\u00fcr ediyorum\u201d dedi.<br \/>\n\u201cAs\u0131l engellilik, insan\u0131n y\u00fcre\u011findeki engellerdir\u201d<br \/>\nEngelli kooperatifi kuran ilk belediye olduklar\u0131n\u0131n da alt\u0131n\u0131 \u00e7izdi\u011fi konu\u015fmas\u0131nda Ba\u015fkan Mustafa G\u00fcltak; s\u00f6zlerini \u015f\u00f6yle s\u00fcrd\u00fcrd\u00fc; \u201cEngelli karde\u015flerimiz \u00fcretiyor ve \u00fcrettikleri \u00fcr\u00fcnleri sat\u0131\u015fa sunarak aile b\u00fct\u00e7elerine gelir sa\u011fl\u0131yorlar. Bu sayede engelli karde\u015flerimizin istihdam\u0131n\u0131 da sa\u011flam\u0131\u015f oluyoruz.<br \/>\nEngel g\u00f6zde, elde, ayakta de\u011fildir. As\u0131l engel insan\u0131n y\u00fcre\u011findedir. E\u011fer y\u00fcre\u011finiz sorunlu ise ba\u015ftan engellisiniz demektir. E\u011fer y\u00fcre\u011finiz sevgi, bar\u0131\u015f ve karde\u015flik dolu ise sizde hi\u00e7bir engel olmaz. Hi\u00e7 kimsenin birka\u00e7 dakika sonras\u0131na dahi garantisi yok. Dolay\u0131s\u0131yla y\u00fcre\u011fimiz ve beynimizdeki t\u00fcm engelleri kald\u0131raca\u011f\u0131z. D\u00fcnya Engelliler G\u00fcn\u00fc\u2019n\u00fcn, toplumsal fark\u0131ndal\u0131\u011f\u0131n olu\u015fmas\u0131na vesile olmas\u0131n\u0131 temenni ediyor, engellilerimiz ve ailelerine mutlu, huzurlu bir ya\u015fam diliyorum.\u201d<br \/>\nEngelli basketbol tak\u0131m\u0131na ziyaret<br \/>\n\u00d6te yandan Akdeniz Belediye Ba\u015fkanvekili Ayd\u0131n Egin de g\u00fcn dolay\u0131s\u0131yla Akdeniz Belediye Spor Kul\u00fcb\u00fc b\u00fcnyesinde m\u00fccadele eden Tekerlekli Basketbol Tak\u0131m\u0131 ile bulu\u015ftu. Ziyarete, Mersin Gen\u00e7lik ve Spor \u0130l M\u00fcd\u00fcr\u00fc \u00d6kke\u015f Demir, Aile Sosyal Politikalar \u0130l M\u00fcd\u00fcr Yard\u0131mc\u0131s\u0131 Cenk Karaka\u015f, AK Parti \u0130l Ba\u015fkan Yard\u0131mc\u0131s\u0131 Fatma Abac\u0131 ve Akdeniz Engelliler Meclisi Ba\u015fkan\u0131 Soner Demir de e\u015flik etti. Bulu\u015fmada Ba\u015fkanvekili Egin ve beraberindeki heyet; engelli basketbol tak\u0131m\u0131 sporcular\u0131 ile sohbet ettiler, ard\u0131ndan onlarla birlikte tekerlekli sandalyeye oturup basketbol oynad\u0131lar. <\/p>\n","protected":false},"excerpt":{"rendered":"<p>Engelli \u00e7ocuklar, kendi adlar\u0131na haz\u0131rlanan fidanlar\u0131 \u00f6nce toprakla bulu\u015fturup ard\u0131ndan can suyu verdi. Akdeniz Belediye Ba\u015fkan\u0131 M. Mustafa G\u00fcltak, \u201c3 Aral\u0131k D\u00fcnya Engelliler G\u00fcn\u00fc\u201d dolay\u0131s\u0131yla, engelli \u00e7ocuklar ad\u0131na organize edilen &hellip; <a href=\"https:\/\/akdenizolaygazetesi.com\/?p=15484\" class=\"more-link\">Devam\u0131n\u0131 Oku&#8230;<\/a><\/p>\n","protected":false},"author":2,"featured_media":15485,"comment_status":"open","ping_status":"open","sticky":false,"template":"","format":"standard","meta":[],"categories":[34,1,2,3],"tags":[],"_links":{"self":[{"href":"https:\/\/akdenizolaygazetesi.com\/index.php?rest_route=\/wp\/v2\/posts\/15484"}],"collection":[{"href":"https:\/\/akdenizolaygazetesi.com\/index.php?rest_route=\/wp\/v2\/posts"}],"about":[{"href":"https:\/\/akdenizolaygazetesi.com\/index.php?rest_route=\/wp\/v2\/types\/post"}],"author":[{"embeddable":true,"href":"https:\/\/akdenizolaygazetesi.com\/index.php?rest_route=\/wp\/v2\/users\/2"}],"replies":[{"embeddable":true,"href":"https:\/\/akdenizolaygazetesi.com\/index.php?rest_route=%2Fwp%2Fv2%2Fcomments&post=15484"}],"version-history":[{"count":1,"href":"https:\/\/akdenizolaygazetesi.com\/index.php?rest_route=\/wp\/v2\/posts\/15484\/revisions"}],"predecessor-version":[{"id":15486,"href":"https:\/\/akdenizolaygazetesi.com\/index.php?rest_route=\/wp\/v2\/posts\/15484\/revisions\/15486"}],"wp:featuredmedia":[{"embeddable":true,"href":"https:\/\/akdenizolaygazetesi.com\/index.php?rest_route=\/wp\/v2\/media\/15485"}],"wp:attachment":[{"href":"https:\/\/akdenizolaygazetesi.com\/index.php?rest_route=%2Fwp%2Fv2%2Fmedia&parent=15484"}],"wp:term":[{"taxonomy":"category","embeddable":true,"href":"https:\/\/akdenizolaygazetesi.com\/index.php?rest_route=%2Fwp%2Fv2%2Fcategories&post=15484"},{"taxonomy":"post_tag","embeddable":true,"href":"https:\/\/akdenizolaygazetesi.com\/index.php?rest_route=%2Fwp%2Fv2%2Ftags&post=15484"}],"curies":[{"name":"wp","href":"https:\/\/api.w.org\/{rel}","templated":true}]}}