{"id":15487,"date":"2021-12-04T17:00:31","date_gmt":"2021-12-04T14:00:31","guid":{"rendered":"http:\/\/akdenizolaygazetesi.com\/?p=15487"},"modified":"2021-12-04T17:00:31","modified_gmt":"2021-12-04T14:00:31","slug":"belediye-sizler-icin-tum-yurttaslarimiz-basimizin-taci","status":"publish","type":"post","link":"https:\/\/akdenizolaygazetesi.com\/?p=15487","title":{"rendered":"&#8220;BELED\u0130YE S\u0130ZLER \u0130\u00c7\u0130N. T\u00dcM YURTTA\u015eLARIMIZ BA\u015eIMIZIN TACI&#8221;"},"content":{"rendered":"<p>Mersin B\u00fcy\u00fck\u015fehir Belediye Ba\u015fkan\u0131 Vahap Se\u00e7er, Akdeniz il\u00e7esi Turgutreis Mahallesi&#8217;ndeki Akdeniz Roman Dernekleri Federasyonu&#8217;nu ziyaret ederek, dernek y\u00f6neticileri ve Roman vatanda\u015flarla bir araya geldi. Belediye hizmetlerini e\u015fitlik anlay\u0131\u015f\u0131yla s\u00fcrd\u00fcrd\u00fckleri mesaj\u0131n\u0131 veren Ba\u015fkan Se\u00e7er, derne\u011fin kre\u015finde e\u011fitim g\u00f6ren miniklerle de sohbet etti.<\/p>\n<p>&#8220;\u0130nsanlar mutluysa biz de mutluyuz&#8221;<\/p>\n<p>Dernek ziyaretinde Ba\u015fkan Se\u00e7er&#8217;in yan\u0131 s\u0131ra CHP Parti Meclisi \u00dcyesi ve Mersin Milletvekili Ali Mahir Ba\u015far\u0131r, CHP \u0130zmir Milletvekili \u00d6zcan Pur\u00e7u ile CHP K\u0131rklareli Milletvekili Vecdi G\u00fcndo\u011fdu da yer ald\u0131. Toplumun her kesimiyle i\u015f birli\u011fi i\u00e7inde olman\u0131n kendilerini mutlu etti\u011fini belirten Ba\u015fkan Se\u00e7er, &#8220;Yapt\u0131\u011f\u0131m\u0131z g\u00f6revde bekledi\u011fimiz bir tutam mutluluk, bir tutam dua, insanlar\u0131n bizi iyi anmas\u0131. Namusuyla \u00e7al\u0131\u015fan, hizmet eden bir y\u00f6neticinin beklentisi ne olabilir ki? \u0130nsanlar mutluysa biz de mutluyuz&#8221; dedi.<\/p>\n<p>Yap\u0131lan hizmetlerden dolay\u0131 memnuniyetini dile getiren Roman vatanda\u015flara &#8220;Mutlu oldum&#8221; ifadesiyle yan\u0131t veren Ba\u015fkan Se\u00e7er, \u015f\u00f6yle devam etti:<\/p>\n<p>&#8220;Tabii ki bir realite var. Yeterli mi? Hele ki son g\u00fcnlerdeki ekonomik geli\u015fmeler sadece Roman vatanda\u015flar\u0131m\u0131z\u0131n de\u011fil, T\u00fcrkiye&#8217;de b\u00fct\u00fcn illerde, b\u00fct\u00fcn kesimlerde ge\u00e7imi \u00e7ok zor hale getirdi. O gelir da\u011f\u0131l\u0131m\u0131ndaki adaletsizlik makas\u0131n\u0131 daha da a\u00e7t\u0131. Yoksul \u00e7ok daha yoksul oldu. Bu geli\u015fmelerden herkes mutsuz oldu. Zengin de art\u0131k paran\u0131n kar etmedi\u011fini anlad\u0131 mutluluk anlam\u0131nda. Bir an \u00f6nce anlay\u0131\u015f\u0131n de\u011fi\u015fmesi laz\u0131m. Belediye sizler i\u00e7in. Sizler ba\u015f\u0131m\u0131z\u0131n tac\u0131s\u0131n\u0131z. T\u00fcm yurtta\u015flar\u0131m\u0131z ba\u015f\u0131m\u0131z\u0131n tac\u0131. \u00c7al\u0131\u015fmaya devam edece\u011fiz. Her \u015fey sizler i\u00e7in.&#8221;<\/p>\n<p>&#8220;Aya\u011f\u0131m\u0131z\u0131 ta\u015fa vursak, Vahap Ba\u015fkan\u0131m\u0131z\u0131n yan\u0131na gidiyoruz&#8221;<\/p>\n<p>Akdeniz Roman Dernekleri Federasyonu Ali Daylam da Mersin B\u00fcy\u00fck\u015fehir Belediyesi taraf\u0131ndan kendilerine sunulan hizmetlerden dolay\u0131 te\u015fekk\u00fcr ederek, &#8220;Aya\u011f\u0131m\u0131z\u0131 ta\u015fa vursak, Vahap Ba\u015fkan\u0131m\u0131z\u0131n yan\u0131na gidiyoruz. Sa\u011f olsun y\u00fcre\u011fini, g\u00f6nl\u00fcn\u00fc bize a\u00e7t\u0131&#8221; dedi.<\/p>\n","protected":false},"excerpt":{"rendered":"<p>Mersin B\u00fcy\u00fck\u015fehir Belediye Ba\u015fkan\u0131 Vahap Se\u00e7er, Akdeniz il\u00e7esi Turgutreis Mahallesi&#8217;ndeki Akdeniz Roman Dernekleri Federasyonu&#8217;nu ziyaret ederek, dernek y\u00f6neticileri ve Roman vatanda\u015flarla bir araya geldi. Belediye hizmetlerini e\u015fitlik anlay\u0131\u015f\u0131yla s\u00fcrd\u00fcrd\u00fckleri mesaj\u0131n\u0131 &hellip; <a href=\"https:\/\/akdenizolaygazetesi.com\/?p=15487\" class=\"more-link\">Devam\u0131n\u0131 Oku&#8230;<\/a><\/p>\n","protected":false},"author":2,"featured_media":15488,"comment_status":"open","ping_status":"open","sticky":false,"template":"","format":"standard","meta":[],"categories":[34,2,3],"tags":[],"_links":{"self":[{"href":"https:\/\/akdenizolaygazetesi.com\/index.php?rest_route=\/wp\/v2\/posts\/15487"}],"collection":[{"href":"https:\/\/akdenizolaygazetesi.com\/index.php?rest_route=\/wp\/v2\/posts"}],"about":[{"href":"https:\/\/akdenizolaygazetesi.com\/index.php?rest_route=\/wp\/v2\/types\/post"}],"author":[{"embeddable":true,"href":"https:\/\/akdenizolaygazetesi.com\/index.php?rest_route=\/wp\/v2\/users\/2"}],"replies":[{"embeddable":true,"href":"https:\/\/akdenizolaygazetesi.com\/index.php?rest_route=%2Fwp%2Fv2%2Fcomments&post=15487"}],"version-history":[{"count":1,"href":"https:\/\/akdenizolaygazetesi.com\/index.php?rest_route=\/wp\/v2\/posts\/15487\/revisions"}],"predecessor-version":[{"id":15489,"href":"https:\/\/akdenizolaygazetesi.com\/index.php?rest_route=\/wp\/v2\/posts\/15487\/revisions\/15489"}],"wp:featuredmedia":[{"embeddable":true,"href":"https:\/\/akdenizolaygazetesi.com\/index.php?rest_route=\/wp\/v2\/media\/15488"}],"wp:attachment":[{"href":"https:\/\/akdenizolaygazetesi.com\/index.php?rest_route=%2Fwp%2Fv2%2Fmedia&parent=15487"}],"wp:term":[{"taxonomy":"category","embeddable":true,"href":"https:\/\/akdenizolaygazetesi.com\/index.php?rest_route=%2Fwp%2Fv2%2Fcategories&post=15487"},{"taxonomy":"post_tag","embeddable":true,"href":"https:\/\/akdenizolaygazetesi.com\/index.php?rest_route=%2Fwp%2Fv2%2Ftags&post=15487"}],"curies":[{"name":"wp","href":"https:\/\/api.w.org\/{rel}","templated":true}]}}